{"id":99,"date":"2017-07-07T12:43:30","date_gmt":"2017-07-07T17:43:30","guid":{"rendered":"http:\/\/www.tamaulipas.gob.mx\/trabajo\/?p=99"},"modified":"2017-08-02T12:44:24","modified_gmt":"2017-08-02T17:44:24","slug":"tamaulipas-presente-en-el-foro-nacional-justicia-laboral-hacia-una-transicion-incluyente","status":"publish","type":"post","link":"https:\/\/www.tamaulipas.gob.mx\/trabajo\/2017\/07\/tamaulipas-presente-en-el-foro-nacional-justicia-laboral-hacia-una-transicion-incluyente\/","title":{"rendered":"Tamaulipas, presente en el Foro Nacional, Justicia Laboral, hacia una Transici\u00f3n Incluyente"},"content":{"rendered":"<p>Ciudad de M\u00e9xico.- Mar\u00eda Estela Chavira Mart\u00ednez Secretaria del Trabajo del Estado de Tamaulipas, particip\u00f3 en el \u201cForo Nacional, Justicia Laboral, hacia una Transici\u00f3n Incluyente\u201d, que realiz\u00f3 la Junta Local de Conciliaci\u00f3n y Arbitraje de la ciudad de M\u00e9xico.<\/p>\n<p>Secretarios del Trabajo de las entidades federativas, funcionarios, abogados,   presidentes de juntas as\u00ed como representantes sindicales y patronales, se reunieron para expresar sus inquietudes respecto a la impartici\u00f3n que tendr\u00e1 la Reforma de Justicia Laboral, tras su entrada en vigor en el 2018.<\/p>\n<p>En el encuentro, se habl\u00f3 que ante los cambios constitucionales a los art\u00edculos 107 y 123 en materia de Justicia Laboral, para que exista una verdadera reforma se requiere la participaci\u00f3n conjunta y responsable de los actores.<\/p>\n<p>Se se\u00f1al\u00f3 que a meses de haber sido promulgada la reforma a la Carta Magna, aun se tienen preguntas, expectativas, infinidad de rumores e incertidumbre, respecto a las acciones que se deben tomar.<\/p>\n<p>En el Foro Nacional, se recordaron circunstancias que han justificado los cambios a la impartici\u00f3n de Justicia Laboral en el pa\u00eds, entre ellas la impotencia por falta de normas jur\u00eddicas positivas y eficaces, carencias en la coordinaci\u00f3n, privaci\u00f3n de recursos materiales, retrasos para cumplir colectivos, opacidad, injusticias e impunidad.<\/p>\n<p>Mar\u00eda Estela Chavira Mart\u00ednez, Secretaria del Trabajo, expres\u00f3 que en cuanto a impartici\u00f3n de justicia, el Gobernador Francisco Garc\u00eda Cabeza de Vaca, trabaja por recuperar la confianza ciudadana, por lo que las adecuaciones vendr\u00e1n a ser \u00fatiles y provechosas en la soluci\u00f3n de conflictos laborales. <\/p>\n<p>Los asistentes recibieron ponencias impartidas por especialistas en jurisprudencia, y participaron en mesas de trabajo, donde se tocaron temas como la visi\u00f3n de los gobiernos locales ante la Reforma de Justicia Laboral, relaciones individuales y colectivas de trabajo, unificaci\u00f3n o fragmentaci\u00f3n, principios y caracter\u00edsticas del Derecho Laboral entre otros.<\/p>\n<p>Las conclusiones se har\u00e1n llegar a los poderes legislativos, para que sirvan de apoyo en las decisiones, al momento de emitir los presupuestos de egresos para dicho fin.<\/p>\n","protected":false},"excerpt":{"rendered":"<p>Ciudad de M\u00e9xico.- Mar\u00eda Estela Chavira Mart\u00ednez Secretaria del Trabajo del Estado de Tamaulipas, particip\u00f3 en el \u201cForo Nacional, Justicia Laboral, hacia una Transici\u00f3n Incluyente\u201d,\u2026<\/p>\n","protected":false},"author":7,"featured_media":100,"comment_status":"closed","ping_status":"closed","sticky":false,"template":"","format":"standard","meta":{"footnotes":""},"categories":[1],"tags":[],"class_list":["post-99","post","type-post","status-publish","format-standard","has-post-thumbnail","hentry","category-prensa"],"publishpress_future_action":{"enabled":false,"date":"2026-05-08 04:50:11","action":"change-status","newStatus":"draft","terms":[],"taxonomy":"category"},"_links":{"self":[{"href":"https:\/\/www.tamaulipas.gob.mx\/trabajo\/wp-json\/wp\/v2\/posts\/99"}],"collection":[{"href":"https:\/\/www.tamaulipas.gob.mx\/trabajo\/wp-json\/wp\/v2\/posts"}],"about":[{"href":"https:\/\/www.tamaulipas.gob.mx\/trabajo\/wp-json\/wp\/v2\/types\/post"}],"author":[{"embeddable":true,"href":"https:\/\/www.tamaulipas.gob.mx\/trabajo\/wp-json\/wp\/v2\/users\/7"}],"replies":[{"embeddable":true,"href":"https:\/\/www.tamaulipas.gob.mx\/trabajo\/wp-json\/wp\/v2\/comments?post=99"}],"version-history":[{"count":1,"href":"https:\/\/www.tamaulipas.gob.mx\/trabajo\/wp-json\/wp\/v2\/posts\/99\/revisions"}],"predecessor-version":[{"id":101,"href":"https:\/\/www.tamaulipas.gob.mx\/trabajo\/wp-json\/wp\/v2\/posts\/99\/revisions\/101"}],"wp:featuredmedia":[{"embeddable":true,"href":"https:\/\/www.tamaulipas.gob.mx\/trabajo\/wp-json\/wp\/v2\/media\/100"}],"wp:attachment":[{"href":"https:\/\/www.tamaulipas.gob.mx\/trabajo\/wp-json\/wp\/v2\/media?parent=99"}],"wp:term":[{"taxonomy":"category","embeddable":true,"href":"https:\/\/www.tamaulipas.gob.mx\/trabajo\/wp-json\/wp\/v2\/categories?post=99"},{"taxonomy":"post_tag","embeddable":true,"href":"https:\/\/www.tamaulipas.gob.mx\/trabajo\/wp-json\/wp\/v2\/tags?post=99"}],"curies":[{"name":"wp","href":"https:\/\/api.w.org\/{rel}","templated":true}]}}