{"id":967,"date":"2019-08-28T20:00:48","date_gmt":"2019-08-29T01:00:48","guid":{"rendered":"https:\/\/www.tamaulipas.gob.mx\/trabajo\/?p=967"},"modified":"2019-09-19T13:49:22","modified_gmt":"2019-09-19T18:49:22","slug":"jovenes-son-vinculados-al-sector-laboral-en-la-primera-feria-de-empleo-altamira-2019","status":"publish","type":"post","link":"https:\/\/www.tamaulipas.gob.mx\/trabajo\/2019\/08\/jovenes-son-vinculados-al-sector-laboral-en-la-primera-feria-de-empleo-altamira-2019\/","title":{"rendered":"J\u00f3venes son vinculados al sector laboral, en la Primera Feria de Empleo, Altamira 2019"},"content":{"rendered":"<p><em><strong>El sur del Estado, es una de las zonas que muestra un dinamismo importante en cuanto a inversi\u00f3n y generaci\u00f3n de empleo.<\/strong><\/em><\/p>\n<p style=\"text-align: right;\">ST-044-2019<\/p>\n<p>Agosto 28 del 2019<\/p>\n<p>Altamira, Tamaulipas.- J\u00f3venes de la zona conurbada en el sur del Estado, fueron vinculados a m\u00e1s de 750 vacantes, en la Primera Feria de Empleo preparada por el Gobierno del Estado, de manera particular para este sector de la poblaci\u00f3n.<\/p>\n<p>A trav\u00e9s de la Secretar\u00eda del Trabajo, en coordinaci\u00f3n con el Servicio Nacional de Empleo Tamaulipas, se concentr\u00f3 en las instalaciones del sal\u00f3n Sutra, m\u00e1s de 60 empresa quienes ofertaron bolsa de trabajo para operarios, t\u00e9cnicos y profesionistas, en empresas dedicadas al comercio, servicio, industria y gobierno.<\/p>\n<p>Mar\u00eda Estela Chavira Mart\u00ednez, titular de la dependencia estatal, dijo que al ser los j\u00f3venes el futuro de Tamaulipas, el Gobernador Francisco Garc\u00eda Cabeza de Vaca, ha instruido poner a su alcance todas las acciones en materia laboral, como lo es la Feria de Empleo.<\/p>\n<p>\u201cEstos puestos de trabajo adem\u00e1s de ser formales, conllevan a otorgarles las prestaciones de ley, y traen consigo la seguridad de un servicio m\u00e9dico, el acceso a una vivienda y un retiro en el futuro\u201d.<\/p>\n<p>Agreg\u00f3 que Tamaulipas, a la fecha es un Estado con referencia nacional en la creaci\u00f3n de fuentes de trabajo, coloc\u00e1ndose como el cuarto Estado del pa\u00eds con mayor n\u00famero de empleos generados al mes de julio.<\/p>\n<p>La alcaldesa de Altamira, Alma Laura Ampar\u00e1n Cruz, expres\u00f3 que trabajan de la mano con el ejecutivo, para seguir promoviendo las oportunidades de empleo, y que j\u00f3venes encuentren las puertas abiertas de las empresas para tener acceso a mejores niveles en su calidad de vida.<\/p>\n<p>Por su parte, Iv\u00e1n Karim Rocha Picazo, encargado del despacho de la STPS, aclar\u00f3 que el acceso a la seguridad social, un salario remunerado y desarrollo de trabajo en condiciones de igualdad, son indispensables para lograr el desarrollo humano integral, y este se da con un empleo.<\/p>\n<p>En la Feria de Empleo, la Secretar\u00eda del Trabajo, expuso que el sur del Estado, es una de las zonas que muestra un dinamismo importante en cuanto a inversi\u00f3n y generaci\u00f3n de empleo, por lo que invit\u00f3 tanto a empleadores como a j\u00f3venes, a seguir trabajando para lograr las oportunidades de progreso que se requieren para Tamaulipas.<\/p>\n<h3 style=\"text-align: center;\"><\/h3>\n<p>&nbsp;<\/p>\n<p style=\"text-align: center;\">###<\/p>\n<p>&nbsp;<\/p>\n<p>&nbsp;<\/p>\n<div class='owl-gallery'><div class='item'><a href='https:\/\/www.tamaulipas.gob.mx\/trabajo\/wp-content\/uploads\/sites\/11\/2019\/09\/feriaaltamira01.jpeg' rel='galeria'><img src='https:\/\/www.tamaulipas.gob.mx\/trabajo\/wp-content\/uploads\/sites\/11\/2019\/09\/feriaaltamira01-850x500.jpeg' srcset='' sizes='auto' alt=''><\/a><figcaption><\/figcaption><\/div><div class='item'><a href='https:\/\/www.tamaulipas.gob.mx\/trabajo\/wp-content\/uploads\/sites\/11\/2019\/09\/feriaaltamira02.jpeg' rel='galeria'><img src='https:\/\/www.tamaulipas.gob.mx\/trabajo\/wp-content\/uploads\/sites\/11\/2019\/09\/feriaaltamira02-850x500.jpeg' srcset='' sizes='auto' alt=''><\/a><figcaption><\/figcaption><\/div><div class='item'><a href='https:\/\/www.tamaulipas.gob.mx\/trabajo\/wp-content\/uploads\/sites\/11\/2019\/09\/feriaaltamira03.jpeg' rel='galeria'><img src='https:\/\/www.tamaulipas.gob.mx\/trabajo\/wp-content\/uploads\/sites\/11\/2019\/09\/feriaaltamira03-850x500.jpeg' srcset='' sizes='auto' alt=''><\/a><figcaption><\/figcaption><\/div><div class='item'><a href='https:\/\/www.tamaulipas.gob.mx\/trabajo\/wp-content\/uploads\/sites\/11\/2019\/09\/feriaaltamira04.jpeg' rel='galeria'><img src='https:\/\/www.tamaulipas.gob.mx\/trabajo\/wp-content\/uploads\/sites\/11\/2019\/09\/feriaaltamira04-850x500.jpeg' srcset='' sizes='auto' alt=''><\/a><figcaption><\/figcaption><\/div><div class='item'><a href='https:\/\/www.tamaulipas.gob.mx\/trabajo\/wp-content\/uploads\/sites\/11\/2019\/09\/feriaaltamira05.jpeg' rel='galeria'><img src='https:\/\/www.tamaulipas.gob.mx\/trabajo\/wp-content\/uploads\/sites\/11\/2019\/09\/feriaaltamira05-850x500.jpeg' srcset='' sizes='auto' alt=''><\/a><figcaption><\/figcaption><\/div><div class='item'><a href='https:\/\/www.tamaulipas.gob.mx\/trabajo\/wp-content\/uploads\/sites\/11\/2019\/09\/feriaaltamira06.jpeg' rel='galeria'><img src='https:\/\/www.tamaulipas.gob.mx\/trabajo\/wp-content\/uploads\/sites\/11\/2019\/09\/feriaaltamira06-850x500.jpeg' srcset='' sizes='auto' alt=''><\/a><figcaption><\/figcaption><\/div><div class='item'><a href='https:\/\/www.tamaulipas.gob.mx\/trabajo\/wp-content\/uploads\/sites\/11\/2019\/09\/feriaaltamira07.jpeg' rel='galeria'><img src='https:\/\/www.tamaulipas.gob.mx\/trabajo\/wp-content\/uploads\/sites\/11\/2019\/09\/feriaaltamira07-850x500.jpeg' srcset='' sizes='auto' alt=''><\/a><figcaption><\/figcaption><\/div><\/div>\n","protected":false},"excerpt":{"rendered":"<p>El sur del Estado, es una de las zonas que muestra un dinamismo importante en cuanto a inversi\u00f3n y generaci\u00f3n de empleo. ST-044-2019 Agosto 28\u2026<\/p>\n","protected":false},"author":63,"featured_media":969,"comment_status":"closed","ping_status":"closed","sticky":false,"template":"","format":"standard","meta":{"footnotes":""},"categories":[1],"tags":[],"class_list":["post-967","post","type-post","status-publish","format-standard","has-post-thumbnail","hentry","category-prensa"],"publishpress_future_action":{"enabled":false,"date":"2026-05-08 08:01:15","action":"change-status","newStatus":"draft","terms":[],"taxonomy":"category"},"_links":{"self":[{"href":"https:\/\/www.tamaulipas.gob.mx\/trabajo\/wp-json\/wp\/v2\/posts\/967"}],"collection":[{"href":"https:\/\/www.tamaulipas.gob.mx\/trabajo\/wp-json\/wp\/v2\/posts"}],"about":[{"href":"https:\/\/www.tamaulipas.gob.mx\/trabajo\/wp-json\/wp\/v2\/types\/post"}],"author":[{"embeddable":true,"href":"https:\/\/www.tamaulipas.gob.mx\/trabajo\/wp-json\/wp\/v2\/users\/63"}],"replies":[{"embeddable":true,"href":"https:\/\/www.tamaulipas.gob.mx\/trabajo\/wp-json\/wp\/v2\/comments?post=967"}],"version-history":[{"count":2,"href":"https:\/\/www.tamaulipas.gob.mx\/trabajo\/wp-json\/wp\/v2\/posts\/967\/revisions"}],"predecessor-version":[{"id":976,"href":"https:\/\/www.tamaulipas.gob.mx\/trabajo\/wp-json\/wp\/v2\/posts\/967\/revisions\/976"}],"wp:featuredmedia":[{"embeddable":true,"href":"https:\/\/www.tamaulipas.gob.mx\/trabajo\/wp-json\/wp\/v2\/media\/969"}],"wp:attachment":[{"href":"https:\/\/www.tamaulipas.gob.mx\/trabajo\/wp-json\/wp\/v2\/media?parent=967"}],"wp:term":[{"taxonomy":"category","embeddable":true,"href":"https:\/\/www.tamaulipas.gob.mx\/trabajo\/wp-json\/wp\/v2\/categories?post=967"},{"taxonomy":"post_tag","embeddable":true,"href":"https:\/\/www.tamaulipas.gob.mx\/trabajo\/wp-json\/wp\/v2\/tags?post=967"}],"curies":[{"name":"wp","href":"https:\/\/api.w.org\/{rel}","templated":true}]}}