{"id":956,"date":"2019-09-18T20:00:24","date_gmt":"2019-09-19T01:00:24","guid":{"rendered":"https:\/\/www.tamaulipas.gob.mx\/trabajo\/?p=956"},"modified":"2019-09-19T13:36:14","modified_gmt":"2019-09-19T18:36:14","slug":"tamaulipas-propicia-las-condiciones-para-crear-mas-y-mejores-empleos","status":"publish","type":"post","link":"https:\/\/www.tamaulipas.gob.mx\/trabajo\/2019\/09\/tamaulipas-propicia-las-condiciones-para-crear-mas-y-mejores-empleos\/","title":{"rendered":"Tamaulipas, propicia las condiciones para crear m\u00e1s y mejores empleos"},"content":{"rendered":"<p><em><strong>Nuevo Laredo, sigue siendo referencia a nivel nacional, por la creaci\u00f3n de fuentes de trabajo y su bajo \u00edndice de desempleo.<\/strong><\/em><\/p>\n<p style=\"text-align: right;\">ST-049-2019<\/p>\n<p>Septiembre 18 del 2019<\/p>\n<p>Nuevo Laredo, Tamaulipas.- M\u00e1s de 750 puestos de trabajo fueron ofertados por m\u00e1s de 65 empresas, en la Segunda Feria de Empleo, Nuevo Laredo 2019, evento que llev\u00f3 a cabo el Gobierno de Tamaulipas, para vincular a los residentes del lugar a fuentes de trabajo formal y remunerado.<\/p>\n<p>Las instalaciones del Centro C\u00edvico, concentraron a los solicitantes de empleo, para participar de las vacantes en puestos administrativos, t\u00e9cnicos, profesionales y generales, en empresas del sector industrial, comercio, servicio y de gobierno.<\/p>\n<p>Mar\u00eda Estela Chavira Mart\u00ednez, Secretaria del Trabajo, destac\u00f3 que Nuevo Laredo, sigue siendo referencia a nivel nacional, por la creaci\u00f3n de fuentes de trabajo y su bajo \u00edndice de desempleo.<\/p>\n<p>\u201cCon estas acciones emprendidas por el Gobernador Francisco Garc\u00eda Cabeza de Vaca, es que Nuevo Laredo, destaca en todos los sectores, propiciando que la mano de obra se presente de manera continua en toda la ciudad\u201d.<\/p>\n<p>Expres\u00f3 que la entidad est\u00e1 reconocida por contar con uno de los mejores sueldos y prestaciones, lo que ha propiciado un bajo \u00edndice de informalidad y las condiciones necesarias para seguir creando m\u00e1s y mejores empleos.<\/p>\n<p>Elio \u00c1ngel Guerrero Zamarr\u00f3n, encargado del despacho de la representaci\u00f3n territorial de la STPS en Reynosa, pronunci\u00f3 que con las Ferias de Empleo, los tamaulipecos tienen un empleo digno que les permite llevar un ingreso a sus hogares y solventar las necesidades de sus familias, adem\u00e1s de permitirles el acceso a seguridad social y vivienda.<\/p>\n<p>Los funcionarios coincidieron en que dicha actividad ha fortalecido la empleabilidad y brinda un espacio laboral a los tamaulipecos, para el desarrollo personal y profesional.<\/p>\n<p>Cabe destacar que la Segunda Etapa de Ferias 2019, comprende 8 municipios de la entidad, y a la fecha se han desarrollado en ciudades como R\u00edo Bravo, Altamira, Ciudad Victoria y Nuevo Laredo, ofertando m\u00e1s de 3 mil 420 vacantes.<\/p>\n<p style=\"text-align: center;\">###<\/p>\n<p>&nbsp;<\/p>\n<p>&nbsp;<\/p>\n<div class='owl-gallery'><div class='item'><a href='https:\/\/www.tamaulipas.gob.mx\/trabajo\/wp-content\/uploads\/sites\/11\/2019\/09\/ferianld01.jpeg' rel='galeria'><img src='https:\/\/www.tamaulipas.gob.mx\/trabajo\/wp-content\/uploads\/sites\/11\/2019\/09\/ferianld01-850x500.jpeg' srcset='' sizes='auto' alt=''><\/a><figcaption><\/figcaption><\/div><div class='item'><a href='https:\/\/www.tamaulipas.gob.mx\/trabajo\/wp-content\/uploads\/sites\/11\/2019\/09\/ferianld02.jpeg' rel='galeria'><img src='https:\/\/www.tamaulipas.gob.mx\/trabajo\/wp-content\/uploads\/sites\/11\/2019\/09\/ferianld02-850x500.jpeg' srcset='' sizes='auto' alt=''><\/a><figcaption><\/figcaption><\/div><div class='item'><a href='https:\/\/www.tamaulipas.gob.mx\/trabajo\/wp-content\/uploads\/sites\/11\/2019\/09\/ferianld03.jpeg' rel='galeria'><img src='https:\/\/www.tamaulipas.gob.mx\/trabajo\/wp-content\/uploads\/sites\/11\/2019\/09\/ferianld03-850x500.jpeg' srcset='' sizes='auto' alt=''><\/a><figcaption><\/figcaption><\/div><div class='item'><a href='https:\/\/www.tamaulipas.gob.mx\/trabajo\/wp-content\/uploads\/sites\/11\/2019\/09\/ferianld04.jpeg' rel='galeria'><img src='https:\/\/www.tamaulipas.gob.mx\/trabajo\/wp-content\/uploads\/sites\/11\/2019\/09\/ferianld04-850x500.jpeg' srcset='' sizes='auto' alt=''><\/a><figcaption><\/figcaption><\/div><div class='item'><a href='https:\/\/www.tamaulipas.gob.mx\/trabajo\/wp-content\/uploads\/sites\/11\/2019\/09\/ferianld05.jpeg' rel='galeria'><img src='https:\/\/www.tamaulipas.gob.mx\/trabajo\/wp-content\/uploads\/sites\/11\/2019\/09\/ferianld05-850x500.jpeg' srcset='' sizes='auto' alt=''><\/a><figcaption><\/figcaption><\/div><div class='item'><a href='https:\/\/www.tamaulipas.gob.mx\/trabajo\/wp-content\/uploads\/sites\/11\/2019\/09\/ferianld06.jpeg' rel='galeria'><img src='https:\/\/www.tamaulipas.gob.mx\/trabajo\/wp-content\/uploads\/sites\/11\/2019\/09\/ferianld06-850x500.jpeg' srcset='' sizes='auto' alt=''><\/a><figcaption><\/figcaption><\/div><div class='item'><a href='https:\/\/www.tamaulipas.gob.mx\/trabajo\/wp-content\/uploads\/sites\/11\/2019\/09\/ferianld07.jpeg' rel='galeria'><img src='https:\/\/www.tamaulipas.gob.mx\/trabajo\/wp-content\/uploads\/sites\/11\/2019\/09\/ferianld07-850x500.jpeg' srcset='' sizes='auto' alt=''><\/a><figcaption><\/figcaption><\/div><div class='item'><a href='https:\/\/www.tamaulipas.gob.mx\/trabajo\/wp-content\/uploads\/sites\/11\/2019\/09\/ferianld08.jpeg' rel='galeria'><img src='https:\/\/www.tamaulipas.gob.mx\/trabajo\/wp-content\/uploads\/sites\/11\/2019\/09\/ferianld08-850x500.jpeg' srcset='' sizes='auto' alt=''><\/a><figcaption><\/figcaption><\/div><div class='item'><a href='https:\/\/www.tamaulipas.gob.mx\/trabajo\/wp-content\/uploads\/sites\/11\/2019\/09\/ferianld09.jpeg' rel='galeria'><img src='https:\/\/www.tamaulipas.gob.mx\/trabajo\/wp-content\/uploads\/sites\/11\/2019\/09\/ferianld09-850x500.jpeg' srcset='' sizes='auto' alt=''><\/a><figcaption><\/figcaption><\/div><\/div>\n","protected":false},"excerpt":{"rendered":"<p>Nuevo Laredo, sigue siendo referencia a nivel nacional, por la creaci\u00f3n de fuentes de trabajo y su bajo \u00edndice de desempleo. ST-049-2019 Septiembre 18 del\u2026<\/p>\n","protected":false},"author":63,"featured_media":963,"comment_status":"closed","ping_status":"closed","sticky":false,"template":"","format":"standard","meta":{"footnotes":""},"categories":[1],"tags":[],"class_list":["post-956","post","type-post","status-publish","format-standard","has-post-thumbnail","hentry","category-prensa"],"publishpress_future_action":{"enabled":false,"date":"2026-05-08 08:00:52","action":"change-status","newStatus":"draft","terms":[],"taxonomy":"category"},"_links":{"self":[{"href":"https:\/\/www.tamaulipas.gob.mx\/trabajo\/wp-json\/wp\/v2\/posts\/956"}],"collection":[{"href":"https:\/\/www.tamaulipas.gob.mx\/trabajo\/wp-json\/wp\/v2\/posts"}],"about":[{"href":"https:\/\/www.tamaulipas.gob.mx\/trabajo\/wp-json\/wp\/v2\/types\/post"}],"author":[{"embeddable":true,"href":"https:\/\/www.tamaulipas.gob.mx\/trabajo\/wp-json\/wp\/v2\/users\/63"}],"replies":[{"embeddable":true,"href":"https:\/\/www.tamaulipas.gob.mx\/trabajo\/wp-json\/wp\/v2\/comments?post=956"}],"version-history":[{"count":1,"href":"https:\/\/www.tamaulipas.gob.mx\/trabajo\/wp-json\/wp\/v2\/posts\/956\/revisions"}],"predecessor-version":[{"id":966,"href":"https:\/\/www.tamaulipas.gob.mx\/trabajo\/wp-json\/wp\/v2\/posts\/956\/revisions\/966"}],"wp:featuredmedia":[{"embeddable":true,"href":"https:\/\/www.tamaulipas.gob.mx\/trabajo\/wp-json\/wp\/v2\/media\/963"}],"wp:attachment":[{"href":"https:\/\/www.tamaulipas.gob.mx\/trabajo\/wp-json\/wp\/v2\/media?parent=956"}],"wp:term":[{"taxonomy":"category","embeddable":true,"href":"https:\/\/www.tamaulipas.gob.mx\/trabajo\/wp-json\/wp\/v2\/categories?post=956"},{"taxonomy":"post_tag","embeddable":true,"href":"https:\/\/www.tamaulipas.gob.mx\/trabajo\/wp-json\/wp\/v2\/tags?post=956"}],"curies":[{"name":"wp","href":"https:\/\/api.w.org\/{rel}","templated":true}]}}