{"id":947,"date":"2019-09-10T20:00:46","date_gmt":"2019-09-11T01:00:46","guid":{"rendered":"https:\/\/www.tamaulipas.gob.mx\/trabajo\/?p=947"},"modified":"2019-09-18T09:07:06","modified_gmt":"2019-09-18T14:07:06","slug":"tamaulipas-registra-nueva-baja-en-la-tasa-de-desempleo","status":"publish","type":"post","link":"https:\/\/www.tamaulipas.gob.mx\/trabajo\/2019\/09\/tamaulipas-registra-nueva-baja-en-la-tasa-de-desempleo\/","title":{"rendered":"Tamaulipas registra nueva baja en la tasa de desempleo"},"content":{"rendered":"<p><em><strong>El Gobernador Francisco Garc\u00eda Cabeza de Vaca, ofrece oportunidades de desarrollo a los tamaulipecos y hace las conexiones necesarias con los diversos sectores para mantener un clima de paz y estabilidad laboral.<\/strong><\/em><\/p>\n<p style=\"text-align: right;\">ST-047-2019<\/p>\n<p>Septiembre 10 del 2019<\/p>\n<p>Ciudad Victoria, Tamaulipas.- La tasa de desempleo en Tamaulipas, registr\u00f3 una nueva baja en sus estad\u00edsticas, pasando de un 3.2 % a un 2.98 %, de acuerdo a datos del Instituto Nacional de Estad\u00edstica y Geograf\u00eda (INEGI), un 0.73 % menos a la registrada a nivel nacional del 3.71 %.<\/p>\n<p>De acuerdo a la Encuesta Nacional de Ocupaci\u00f3n y Empleo (ENOE), la entidad pas\u00f3 del lugar 23 al inicio de la administraci\u00f3n, a la posici\u00f3n 14 durante el mes de julio y n\u00famero 11 al mes de agosto.<\/p>\n<p>Mar\u00eda Estela Chavira Mart\u00ednez, Secretaria del Trabajo, dio a conocer que el Gobernador Francisco Garc\u00eda Cabeza de Vaca, ofrece oportunidades de desarrollo a los tamaulipecos y hace las conexiones necesarias con los diversos sectores para mantener un clima de paz y estabilidad laboral.<\/p>\n<p>\u201cNosotros seguiremos no solo rebasando estad\u00edsticas, sino apost\u00e1ndole a la estabilidad y bienestar de las familias, generando fuentes de empleo formal\u201d.<\/p>\n<p>La industria y el comercio, presentaron un positivo dinamismo en la generaci\u00f3n de empleos, la funcionaria dijo que en lo que va del a\u00f1o, municipios como Reynosa repuntaron en cuanto a nuevas vacantes registradas ante el IMSS, encabezando la lista con 7 mil 102 empleos, la zona conurbada de Tampico, Altamira y Madero con 4 mil 701 empleos, Nuevo Laredo mil 473, Matamoros mil 278 y Ciudad Victoria mil 090 empleos.<\/p>\n<p>Chavira Mart\u00ednez ratific\u00f3 que la industria energ\u00e9tica, de la transformaci\u00f3n y turismo han destacado en la creaci\u00f3n de empleos, y explic\u00f3 que del tercer trimestre del 2018 al segundo trimestre del 2019, la industria restaurantera y de hospedaje crearon 21 mil 584 puestos de trabajo, y durante ese mismo periodo, la industria manufacturera gener\u00f3 14 mil 195 empleos.<\/p>\n<p>En cuanto a la tasa de informalidad, sostuvo que Tamaulipas registra datos del 45.74 %, 10 puntos por debajo de la media nacional, del 56.34 %, coloc\u00e1ndose en el lugar 9 del \u00edndice m\u00e1s bajo de informalidad laboral, y revel\u00f3 que el salario promedio de los trabajadores cotizado ante el IMSS a nivel nacional es de $376.63, mientras que en Tamaulipas, se mantiene un salario de los 377.91 pesos.<\/p>\n<p style=\"text-align: center;\">###<\/p>\n<p>&nbsp;<\/p>\n<div class='owl-gallery'><div class='item'><a href='https:\/\/www.tamaulipas.gob.mx\/trabajo\/wp-content\/uploads\/sites\/11\/2019\/09\/tasadesempleo01.jpeg' rel='galeria'><img src='https:\/\/www.tamaulipas.gob.mx\/trabajo\/wp-content\/uploads\/sites\/11\/2019\/09\/tasadesempleo01-850x500.jpeg' srcset='' sizes='auto' alt=''><\/a><figcaption><\/figcaption><\/div><div class='item'><a href='https:\/\/www.tamaulipas.gob.mx\/trabajo\/wp-content\/uploads\/sites\/11\/2019\/09\/tasadesempleo02.jpeg' rel='galeria'><img src='https:\/\/www.tamaulipas.gob.mx\/trabajo\/wp-content\/uploads\/sites\/11\/2019\/09\/tasadesempleo02-850x500.jpeg' srcset='' sizes='auto' alt=''><\/a><figcaption><\/figcaption><\/div><div class='item'><a href='https:\/\/www.tamaulipas.gob.mx\/trabajo\/wp-content\/uploads\/sites\/11\/2019\/09\/tasadesempleo03.jpeg' rel='galeria'><img src='https:\/\/www.tamaulipas.gob.mx\/trabajo\/wp-content\/uploads\/sites\/11\/2019\/09\/tasadesempleo03-850x500.jpeg' srcset='' sizes='auto' alt=''><\/a><figcaption><\/figcaption><\/div><div class='item'><a href='https:\/\/www.tamaulipas.gob.mx\/trabajo\/wp-content\/uploads\/sites\/11\/2019\/09\/tasadesempleo04.jpeg' rel='galeria'><img src='https:\/\/www.tamaulipas.gob.mx\/trabajo\/wp-content\/uploads\/sites\/11\/2019\/09\/tasadesempleo04-850x500.jpeg' srcset='' sizes='auto' alt=''><\/a><figcaption><\/figcaption><\/div><div class='item'><a href='https:\/\/www.tamaulipas.gob.mx\/trabajo\/wp-content\/uploads\/sites\/11\/2019\/09\/tasadesempleo05.jpeg' rel='galeria'><img src='https:\/\/www.tamaulipas.gob.mx\/trabajo\/wp-content\/uploads\/sites\/11\/2019\/09\/tasadesempleo05-850x500.jpeg' srcset='' sizes='auto' alt=''><\/a><figcaption><\/figcaption><\/div><div class='item'><a href='https:\/\/www.tamaulipas.gob.mx\/trabajo\/wp-content\/uploads\/sites\/11\/2019\/09\/tasadesempleo06.jpeg' rel='galeria'><img src='https:\/\/www.tamaulipas.gob.mx\/trabajo\/wp-content\/uploads\/sites\/11\/2019\/09\/tasadesempleo06-850x500.jpeg' srcset='' sizes='auto' alt=''><\/a><figcaption><\/figcaption><\/div><div class='item'><a href='https:\/\/www.tamaulipas.gob.mx\/trabajo\/wp-content\/uploads\/sites\/11\/2019\/09\/tasadesempleo07.jpeg' rel='galeria'><img src='https:\/\/www.tamaulipas.gob.mx\/trabajo\/wp-content\/uploads\/sites\/11\/2019\/09\/tasadesempleo07-850x500.jpeg' srcset='' sizes='auto' alt=''><\/a><figcaption><\/figcaption><\/div><\/div>\n","protected":false},"excerpt":{"rendered":"<p>El Gobernador Francisco Garc\u00eda Cabeza de Vaca, ofrece oportunidades de desarrollo a los tamaulipecos y hace las conexiones necesarias con los diversos sectores para mantener\u2026<\/p>\n","protected":false},"author":63,"featured_media":949,"comment_status":"closed","ping_status":"closed","sticky":false,"template":"","format":"standard","meta":{"footnotes":""},"categories":[1],"tags":[],"class_list":["post-947","post","type-post","status-publish","format-standard","has-post-thumbnail","hentry","category-prensa"],"publishpress_future_action":{"enabled":false,"date":"2026-05-08 08:01:28","action":"change-status","newStatus":"draft","terms":[],"taxonomy":"category"},"_links":{"self":[{"href":"https:\/\/www.tamaulipas.gob.mx\/trabajo\/wp-json\/wp\/v2\/posts\/947"}],"collection":[{"href":"https:\/\/www.tamaulipas.gob.mx\/trabajo\/wp-json\/wp\/v2\/posts"}],"about":[{"href":"https:\/\/www.tamaulipas.gob.mx\/trabajo\/wp-json\/wp\/v2\/types\/post"}],"author":[{"embeddable":true,"href":"https:\/\/www.tamaulipas.gob.mx\/trabajo\/wp-json\/wp\/v2\/users\/63"}],"replies":[{"embeddable":true,"href":"https:\/\/www.tamaulipas.gob.mx\/trabajo\/wp-json\/wp\/v2\/comments?post=947"}],"version-history":[{"count":1,"href":"https:\/\/www.tamaulipas.gob.mx\/trabajo\/wp-json\/wp\/v2\/posts\/947\/revisions"}],"predecessor-version":[{"id":955,"href":"https:\/\/www.tamaulipas.gob.mx\/trabajo\/wp-json\/wp\/v2\/posts\/947\/revisions\/955"}],"wp:featuredmedia":[{"embeddable":true,"href":"https:\/\/www.tamaulipas.gob.mx\/trabajo\/wp-json\/wp\/v2\/media\/949"}],"wp:attachment":[{"href":"https:\/\/www.tamaulipas.gob.mx\/trabajo\/wp-json\/wp\/v2\/media?parent=947"}],"wp:term":[{"taxonomy":"category","embeddable":true,"href":"https:\/\/www.tamaulipas.gob.mx\/trabajo\/wp-json\/wp\/v2\/categories?post=947"},{"taxonomy":"post_tag","embeddable":true,"href":"https:\/\/www.tamaulipas.gob.mx\/trabajo\/wp-json\/wp\/v2\/tags?post=947"}],"curies":[{"name":"wp","href":"https:\/\/api.w.org\/{rel}","templated":true}]}}