{"id":939,"date":"2019-09-06T20:00:22","date_gmt":"2019-09-07T01:00:22","guid":{"rendered":"https:\/\/www.tamaulipas.gob.mx\/trabajo\/?p=939"},"modified":"2019-09-18T09:03:16","modified_gmt":"2019-09-18T14:03:16","slug":"pone-en-marcha-gobierno-de-tamaulipas-mecanismos-para-abatir-expedientes-en-las-jcya","status":"publish","type":"post","link":"https:\/\/www.tamaulipas.gob.mx\/trabajo\/2019\/09\/pone-en-marcha-gobierno-de-tamaulipas-mecanismos-para-abatir-expedientes-en-las-jcya\/","title":{"rendered":"Pone en marcha Gobierno de Tamaulipas mecanismos para abatir expedientes en las JCyA"},"content":{"rendered":"<p><em><strong>El Gobernador\u00a0 Francisco Garc\u00eda Cabeza de Vaca, instruy\u00f3 ofrecer prontitud a los usuarios que llevan diversos procesos en las Juntas de Conciliaci\u00f3n.<\/strong><\/em><\/p>\n<p style=\"text-align: right;\">ST-046-2019<\/p>\n<p>Septiembre 06 del 2019<\/p>\n<p>Ciudad Victoria, Tamaulipas.- El Gobierno de Tamaulipas puso en marcha los mecanismos para concluir el rezago de expedientes de las Juntas de Conciliaci\u00f3n y Arbitraje para dar cumplimiento a los compromisos adquiridos con el Consejo de Coordinaci\u00f3n para la implementaci\u00f3n de la Reforma al Sistema de Justicia Laboral.<\/p>\n<p>El presidente de la Junta con sede en Ciudad Victoria y los presidentes de las Juntas Especiales, acordaron depurar expedientes e incrementar los servicios de conciliaci\u00f3n para que cada caso se destrabe en los t\u00e9rminos satisfactorios y las partes coincidan en un mismo acuerdo.<\/p>\n<p>Mar\u00eda Estela Chavira Mart\u00ednez, Secretaria del Trabajo, argument\u00f3 que el Gobernador,\u00a0 Francisco Garc\u00eda Cabeza de Vaca, instruy\u00f3 ofrecer prontitud a los usuarios que llevan diversos procesos en las Juntas de Conciliaci\u00f3n y Arbitraje, de la misma manera establecer sistemas de capacitaci\u00f3n para el mejor desempe\u00f1o de los Tribunales Laborales.<\/p>\n<p>La funcionaria explic\u00f3 que dentro de la estrategia, se busca dar agilidad a la ejecuci\u00f3n de laudos y que expertos en la material est\u00e9n adscritos a cada una de las juntas especiales para con ello acentuar su labor en los procedimientos, sobre todo en aquellos iniciales.<\/p>\n<p>\u201cVamos a establecer una serie de pl\u00e1ticas con los miembros jur\u00eddicos para que est\u00e9n actualizados y tengan mejores herramientas de trabajo, y puedan insertarlas en cada uno de los procedimientos\u201d.<\/p>\n<p>Asegur\u00f3 que Tamaulipas trabaja para ofrecer las condiciones necesarias con la nueva pol\u00edtica laboral, y con ello mejorar la impartici\u00f3n de justicia y brindar mayor certeza jur\u00eddica.<\/p>\n<p>&nbsp;<\/p>\n<p style=\"text-align: center;\">###<\/p>\n<p>&nbsp;<\/p>\n<div class='owl-gallery'><div class='item'><a href='https:\/\/www.tamaulipas.gob.mx\/trabajo\/wp-content\/uploads\/sites\/11\/2019\/09\/reformalaboral01.jpeg' rel='galeria'><img src='https:\/\/www.tamaulipas.gob.mx\/trabajo\/wp-content\/uploads\/sites\/11\/2019\/09\/reformalaboral01-850x500.jpeg' srcset='' sizes='auto' alt=''><\/a><figcaption><\/figcaption><\/div><div class='item'><a href='https:\/\/www.tamaulipas.gob.mx\/trabajo\/wp-content\/uploads\/sites\/11\/2019\/09\/reformalaboral02.jpeg' rel='galeria'><img src='https:\/\/www.tamaulipas.gob.mx\/trabajo\/wp-content\/uploads\/sites\/11\/2019\/09\/reformalaboral02-850x500.jpeg' srcset='' sizes='auto' alt=''><\/a><figcaption><\/figcaption><\/div><div class='item'><a href='https:\/\/www.tamaulipas.gob.mx\/trabajo\/wp-content\/uploads\/sites\/11\/2019\/09\/reformalaboral03.jpeg' rel='galeria'><img src='https:\/\/www.tamaulipas.gob.mx\/trabajo\/wp-content\/uploads\/sites\/11\/2019\/09\/reformalaboral03-850x500.jpeg' srcset='' sizes='auto' alt=''><\/a><figcaption><\/figcaption><\/div><div class='item'><a href='https:\/\/www.tamaulipas.gob.mx\/trabajo\/wp-content\/uploads\/sites\/11\/2019\/09\/reformalaboral04.jpeg' rel='galeria'><img src='https:\/\/www.tamaulipas.gob.mx\/trabajo\/wp-content\/uploads\/sites\/11\/2019\/09\/reformalaboral04-850x500.jpeg' srcset='' sizes='auto' alt=''><\/a><figcaption><\/figcaption><\/div><div class='item'><a href='https:\/\/www.tamaulipas.gob.mx\/trabajo\/wp-content\/uploads\/sites\/11\/2019\/09\/reformalaboral05.jpeg' rel='galeria'><img src='https:\/\/www.tamaulipas.gob.mx\/trabajo\/wp-content\/uploads\/sites\/11\/2019\/09\/reformalaboral05-850x500.jpeg' srcset='' sizes='auto' alt=''><\/a><figcaption><\/figcaption><\/div><\/div>\n","protected":false},"excerpt":{"rendered":"<p>El Gobernador\u00a0 Francisco Garc\u00eda Cabeza de Vaca, instruy\u00f3 ofrecer prontitud a los usuarios que llevan diversos procesos en las Juntas de Conciliaci\u00f3n. ST-046-2019 Septiembre 06\u2026<\/p>\n","protected":false},"author":63,"featured_media":940,"comment_status":"closed","ping_status":"closed","sticky":false,"template":"","format":"standard","meta":{"footnotes":""},"categories":[1],"tags":[],"class_list":["post-939","post","type-post","status-publish","format-standard","has-post-thumbnail","hentry","category-prensa"],"publishpress_future_action":{"enabled":false,"date":"2026-05-08 08:01:06","action":"change-status","newStatus":"draft","terms":[],"taxonomy":"category"},"_links":{"self":[{"href":"https:\/\/www.tamaulipas.gob.mx\/trabajo\/wp-json\/wp\/v2\/posts\/939"}],"collection":[{"href":"https:\/\/www.tamaulipas.gob.mx\/trabajo\/wp-json\/wp\/v2\/posts"}],"about":[{"href":"https:\/\/www.tamaulipas.gob.mx\/trabajo\/wp-json\/wp\/v2\/types\/post"}],"author":[{"embeddable":true,"href":"https:\/\/www.tamaulipas.gob.mx\/trabajo\/wp-json\/wp\/v2\/users\/63"}],"replies":[{"embeddable":true,"href":"https:\/\/www.tamaulipas.gob.mx\/trabajo\/wp-json\/wp\/v2\/comments?post=939"}],"version-history":[{"count":2,"href":"https:\/\/www.tamaulipas.gob.mx\/trabajo\/wp-json\/wp\/v2\/posts\/939\/revisions"}],"predecessor-version":[{"id":946,"href":"https:\/\/www.tamaulipas.gob.mx\/trabajo\/wp-json\/wp\/v2\/posts\/939\/revisions\/946"}],"wp:featuredmedia":[{"embeddable":true,"href":"https:\/\/www.tamaulipas.gob.mx\/trabajo\/wp-json\/wp\/v2\/media\/940"}],"wp:attachment":[{"href":"https:\/\/www.tamaulipas.gob.mx\/trabajo\/wp-json\/wp\/v2\/media?parent=939"}],"wp:term":[{"taxonomy":"category","embeddable":true,"href":"https:\/\/www.tamaulipas.gob.mx\/trabajo\/wp-json\/wp\/v2\/categories?post=939"},{"taxonomy":"post_tag","embeddable":true,"href":"https:\/\/www.tamaulipas.gob.mx\/trabajo\/wp-json\/wp\/v2\/tags?post=939"}],"curies":[{"name":"wp","href":"https:\/\/api.w.org\/{rel}","templated":true}]}}