{"id":93,"date":"2017-07-18T12:41:32","date_gmt":"2017-07-18T17:41:32","guid":{"rendered":"http:\/\/www.tamaulipas.gob.mx\/trabajo\/?p=93"},"modified":"2017-08-02T12:42:15","modified_gmt":"2017-08-02T17:42:15","slug":"atencion-y-servicio-para-trabajadores-y-patrones-durante-periodo-vacacional-2","status":"publish","type":"post","link":"https:\/\/www.tamaulipas.gob.mx\/trabajo\/2017\/07\/atencion-y-servicio-para-trabajadores-y-patrones-durante-periodo-vacacional-2\/","title":{"rendered":"Atenci\u00f3n y servicio para trabajadores y patrones, durante periodo vacacional."},"content":{"rendered":"<p>Ciudad Victoria Tamaulipas.- La Secretar\u00eda del Trabajo del Gobierno de Tamaulipas, por conducto de la Subsecretar\u00eda del Trabajo, ha determinado guardias para el periodo vacacional, con el fin de atender a trabajadores o patrones que enfrenten alg\u00fan asunto emergente del orden jur\u00eddico.<\/p>\n<p>Arturo Gonz\u00e1lez Salazar, Subsecretario del Trabajo, dio a conocer que dicho procedimiento se har\u00e1 efectivo en las Juntas de Conciliaci\u00f3n y Arbitraje, Juntas Especiales de Conciliaci\u00f3n, Procuradur\u00eda de la Defensa del Trabajo y Direcci\u00f3n de Inspecci\u00f3n y Previsi\u00f3n Social.<\/p>\n<p>Explic\u00f3 que personal de dichas \u00e1reas, gozar\u00e1 de asueto del 17 al 28 de julio, sin embargo servidores p\u00fablicos estar\u00e1n prestando sus servicios desde asesor\u00edas, laudos, amparos o demandas y entrega de valores derivados a convenios celebrados o asesor\u00edas relacionadas a temas de aguinaldos, utilidades, prestaciones, seguridad y salud en el trabajo.<\/p>\n<p>Las guardias estar\u00e1n disponibles de lunes a viernes en un horario de 10:00 de la ma\u00f1ana a 14:00 horas, en todas las \u00e1reas que comprende la dependencia, de manera especial en las Juntas de Conciliaci\u00f3n y Arbitraje as\u00ed como Juntas Especiales ubicadas en los principales municipios de Tamaulipas.<\/p>\n<p>Record\u00f3 tambi\u00e9n que el m\u00f3dulo de la Direcci\u00f3n de Inspecci\u00f3n y Previsi\u00f3n Social, ubicado en la plaza del 8 Hidalgo en la capital del Estado, atender\u00e1 de una manera directa a todos los que requieran de sus servicios.<\/p>\n<p>Cabe destacar que las labores para el personal de gobierno, se reanudara de manera habitual hasta el pr\u00f3ximo lunes 31 de julio. <\/p>\n","protected":false},"excerpt":{"rendered":"<p>Ciudad Victoria Tamaulipas.- La Secretar\u00eda del Trabajo del Gobierno de Tamaulipas, por conducto de la Subsecretar\u00eda del Trabajo, ha determinado guardias para el periodo vacacional,\u2026<\/p>\n","protected":false},"author":7,"featured_media":94,"comment_status":"closed","ping_status":"closed","sticky":false,"template":"","format":"standard","meta":{"footnotes":""},"categories":[1],"tags":[],"class_list":["post-93","post","type-post","status-publish","format-standard","has-post-thumbnail","hentry","category-prensa"],"publishpress_future_action":{"enabled":false,"date":"2026-05-08 03:34:16","action":"change-status","newStatus":"draft","terms":[],"taxonomy":"category"},"_links":{"self":[{"href":"https:\/\/www.tamaulipas.gob.mx\/trabajo\/wp-json\/wp\/v2\/posts\/93"}],"collection":[{"href":"https:\/\/www.tamaulipas.gob.mx\/trabajo\/wp-json\/wp\/v2\/posts"}],"about":[{"href":"https:\/\/www.tamaulipas.gob.mx\/trabajo\/wp-json\/wp\/v2\/types\/post"}],"author":[{"embeddable":true,"href":"https:\/\/www.tamaulipas.gob.mx\/trabajo\/wp-json\/wp\/v2\/users\/7"}],"replies":[{"embeddable":true,"href":"https:\/\/www.tamaulipas.gob.mx\/trabajo\/wp-json\/wp\/v2\/comments?post=93"}],"version-history":[{"count":1,"href":"https:\/\/www.tamaulipas.gob.mx\/trabajo\/wp-json\/wp\/v2\/posts\/93\/revisions"}],"predecessor-version":[{"id":95,"href":"https:\/\/www.tamaulipas.gob.mx\/trabajo\/wp-json\/wp\/v2\/posts\/93\/revisions\/95"}],"wp:featuredmedia":[{"embeddable":true,"href":"https:\/\/www.tamaulipas.gob.mx\/trabajo\/wp-json\/wp\/v2\/media\/94"}],"wp:attachment":[{"href":"https:\/\/www.tamaulipas.gob.mx\/trabajo\/wp-json\/wp\/v2\/media?parent=93"}],"wp:term":[{"taxonomy":"category","embeddable":true,"href":"https:\/\/www.tamaulipas.gob.mx\/trabajo\/wp-json\/wp\/v2\/categories?post=93"},{"taxonomy":"post_tag","embeddable":true,"href":"https:\/\/www.tamaulipas.gob.mx\/trabajo\/wp-json\/wp\/v2\/tags?post=93"}],"curies":[{"name":"wp","href":"https:\/\/api.w.org\/{rel}","templated":true}]}}