{"id":922,"date":"2019-08-26T20:00:37","date_gmt":"2019-08-27T01:00:37","guid":{"rendered":"https:\/\/www.tamaulipas.gob.mx\/trabajo\/?p=922"},"modified":"2019-09-18T08:56:38","modified_gmt":"2019-09-18T13:56:38","slug":"realizan-primer-festival-del-trabajo-victoria-2019","status":"publish","type":"post","link":"https:\/\/www.tamaulipas.gob.mx\/trabajo\/2019\/08\/realizan-primer-festival-del-trabajo-victoria-2019\/","title":{"rendered":"Realizan Primer Festival del Trabajo, Victoria 2019"},"content":{"rendered":"<p><em><strong>Se trata de estrategias encaminadas a mejorar la calidad de vida de los tamaulipecos.<\/strong><\/em><\/p>\n<p>&nbsp;<\/p>\n<p style=\"text-align: right;\">ST-043-2019<\/p>\n<p>Agosto 26 del 2019<\/p>\n<p>Ciudad Victoria, Tamaulipas.- Para reconstruir el tejido socioecon\u00f3mico mediante el fomento de actividades laborales y otorgamiento de asesor\u00eda sobre las condiciones generales de trabajo, se llev\u00f3 a cabo el Festival del Trabajo, Victoria 2019.<\/p>\n<p>Dicha actividad, desarrollada por la Direcci\u00f3n de Inspecci\u00f3n y Previsi\u00f3n Social, dependiente de la Secretar\u00eda del Trabajo, a trav\u00e9s de una acci\u00f3n coordinada entre gobierno municipal y organismos empresariales como la Canaco, reuni\u00f3 a diversas empresas y dependencias de gobierno en el \u00e1rea \u201cNuestro 17\u201d, para promover sus productos y servicios.<\/p>\n<p>Se trata de estrategias encaminadas a mejorar la calidad de vida de los tamaulipecos, dio a conocer Alejandro Castrej\u00f3n Calder\u00f3n, titular de la Direcci\u00f3n de Inspecci\u00f3n y Previsi\u00f3n Social.<\/p>\n<p>\u201cNecesitamos trabajar unidos, el Gobernador Francisco Garc\u00eda Cabeza de Vaca, se preocupa y ocupa de mejorar las relaciones laborales dentro de los centros trabajo, para que se den las condiciones necesarias por un trabajo seguro, saludable y digno\u201d.<\/p>\n<p>En el Festival del Trabajo, se brindaron servicios por diversas dependencias p\u00fablicas como el Sistema DIF, Secretar\u00eda de Salud, Bienestar Social, Servicio Nacional de Empleo Tamaulipas, Oficina Fiscal, COMAPA y Predial entre muchas otras.<\/p>\n<p><em>Jos\u00e9 Luis<\/em>\u00a0Loperena\u00a0<em>Gonz\u00e1lez<\/em>, presidente de\u00a0<em>Canaco Victoria, coment\u00f3 que dicho organismo impulsa todo tipo de actividades entre comerciantes y empresarios, buscando reactivar la econom\u00eda del estado, y de manera particular de Ciudad Victoria.<\/em><\/p>\n<p><em>\u00a0<\/em><em>Por su parte, Luis Torres<\/em>\u00a0Aliy\u00e1n, primer s\u00edndico del ayuntamiento de Ciudad Victoria, a<em>gradeci\u00f3 la presencia de los involucrados, y expres\u00f3 que el proyecto que nace para fomentar el trabajo digno, se convierte en un festival donde est\u00e1n presentes empresarios, emprendedores y comercio en general. <\/em><\/p>\n<p><em>\u00a0<\/em><em>En el evento se destac\u00f3 la necesidad de seguir procurando un trabajo conjunto, para transformar el tejido social, brindar mejor bienestar y desarrollo econ\u00f3mico as\u00ed como impulsar m\u00e1s actividades en espacios p\u00fablicos por un bien com\u00fan. <\/em><\/p>\n<p style=\"text-align: center;\">###<\/p>\n<p>&nbsp;<\/p>\n<div class='owl-gallery'><div class='item'><a href='https:\/\/www.tamaulipas.gob.mx\/trabajo\/wp-content\/uploads\/sites\/11\/2019\/09\/festival01.jpeg' rel='galeria'><img src='https:\/\/www.tamaulipas.gob.mx\/trabajo\/wp-content\/uploads\/sites\/11\/2019\/09\/festival01-850x500.jpeg' srcset='' sizes='auto' alt=''><\/a><figcaption><\/figcaption><\/div><div class='item'><a href='https:\/\/www.tamaulipas.gob.mx\/trabajo\/wp-content\/uploads\/sites\/11\/2019\/09\/festival02.jpeg' rel='galeria'><img src='https:\/\/www.tamaulipas.gob.mx\/trabajo\/wp-content\/uploads\/sites\/11\/2019\/09\/festival02-850x500.jpeg' srcset='' sizes='auto' alt=''><\/a><figcaption><\/figcaption><\/div><div class='item'><a href='https:\/\/www.tamaulipas.gob.mx\/trabajo\/wp-content\/uploads\/sites\/11\/2019\/09\/festival03.jpeg' rel='galeria'><img src='https:\/\/www.tamaulipas.gob.mx\/trabajo\/wp-content\/uploads\/sites\/11\/2019\/09\/festival03-850x500.jpeg' srcset='' sizes='auto' alt=''><\/a><figcaption><\/figcaption><\/div><div class='item'><a href='https:\/\/www.tamaulipas.gob.mx\/trabajo\/wp-content\/uploads\/sites\/11\/2019\/09\/festival04.jpeg' rel='galeria'><img src='https:\/\/www.tamaulipas.gob.mx\/trabajo\/wp-content\/uploads\/sites\/11\/2019\/09\/festival04-850x500.jpeg' srcset='' sizes='auto' alt=''><\/a><figcaption><\/figcaption><\/div><div class='item'><a href='https:\/\/www.tamaulipas.gob.mx\/trabajo\/wp-content\/uploads\/sites\/11\/2019\/09\/festival05.jpeg' rel='galeria'><img src='https:\/\/www.tamaulipas.gob.mx\/trabajo\/wp-content\/uploads\/sites\/11\/2019\/09\/festival05-850x500.jpeg' srcset='' sizes='auto' alt=''><\/a><figcaption><\/figcaption><\/div><div class='item'><a href='https:\/\/www.tamaulipas.gob.mx\/trabajo\/wp-content\/uploads\/sites\/11\/2019\/09\/festival06.jpeg' rel='galeria'><img src='https:\/\/www.tamaulipas.gob.mx\/trabajo\/wp-content\/uploads\/sites\/11\/2019\/09\/festival06-850x500.jpeg' srcset='' sizes='auto' alt=''><\/a><figcaption><\/figcaption><\/div><div class='item'><a href='https:\/\/www.tamaulipas.gob.mx\/trabajo\/wp-content\/uploads\/sites\/11\/2019\/09\/festival07.jpeg' rel='galeria'><img src='https:\/\/www.tamaulipas.gob.mx\/trabajo\/wp-content\/uploads\/sites\/11\/2019\/09\/festival07-850x500.jpeg' srcset='' sizes='auto' alt=''><\/a><figcaption><\/figcaption><\/div><div class='item'><a href='https:\/\/www.tamaulipas.gob.mx\/trabajo\/wp-content\/uploads\/sites\/11\/2019\/09\/festival08.jpeg' rel='galeria'><img src='https:\/\/www.tamaulipas.gob.mx\/trabajo\/wp-content\/uploads\/sites\/11\/2019\/09\/festival08-850x500.jpeg' srcset='' sizes='auto' alt=''><\/a><figcaption><\/figcaption><\/div><div class='item'><a href='https:\/\/www.tamaulipas.gob.mx\/trabajo\/wp-content\/uploads\/sites\/11\/2019\/09\/festival09.jpeg' rel='galeria'><img src='https:\/\/www.tamaulipas.gob.mx\/trabajo\/wp-content\/uploads\/sites\/11\/2019\/09\/festival09-850x500.jpeg' srcset='' sizes='auto' alt=''><\/a><figcaption><\/figcaption><\/div><div class='item'><a href='https:\/\/www.tamaulipas.gob.mx\/trabajo\/wp-content\/uploads\/sites\/11\/2019\/09\/festival10.jpeg' rel='galeria'><img src='https:\/\/www.tamaulipas.gob.mx\/trabajo\/wp-content\/uploads\/sites\/11\/2019\/09\/festival10-850x500.jpeg' srcset='' sizes='auto' alt=''><\/a><figcaption><\/figcaption><\/div><div class='item'><a href='https:\/\/www.tamaulipas.gob.mx\/trabajo\/wp-content\/uploads\/sites\/11\/2019\/09\/festival11.jpeg' rel='galeria'><img src='https:\/\/www.tamaulipas.gob.mx\/trabajo\/wp-content\/uploads\/sites\/11\/2019\/09\/festival11-850x500.jpeg' srcset='' sizes='auto' alt=''><\/a><figcaption><\/figcaption><\/div><div class='item'><a href='https:\/\/www.tamaulipas.gob.mx\/trabajo\/wp-content\/uploads\/sites\/11\/2019\/09\/festival12.jpeg' rel='galeria'><img src='https:\/\/www.tamaulipas.gob.mx\/trabajo\/wp-content\/uploads\/sites\/11\/2019\/09\/festival12-850x500.jpeg' srcset='' sizes='auto' alt=''><\/a><figcaption><\/figcaption><\/div><div class='item'><a href='https:\/\/www.tamaulipas.gob.mx\/trabajo\/wp-content\/uploads\/sites\/11\/2019\/09\/festival13.jpeg' rel='galeria'><img src='https:\/\/www.tamaulipas.gob.mx\/trabajo\/wp-content\/uploads\/sites\/11\/2019\/09\/festival13-850x500.jpeg' srcset='' sizes='auto' alt=''><\/a><figcaption><\/figcaption><\/div><\/div>\n","protected":false},"excerpt":{"rendered":"<p>Se trata de estrategias encaminadas a mejorar la calidad de vida de los tamaulipecos. &nbsp; ST-043-2019 Agosto 26 del 2019 Ciudad Victoria, Tamaulipas.- Para reconstruir\u2026<\/p>\n","protected":false},"author":63,"featured_media":933,"comment_status":"closed","ping_status":"closed","sticky":false,"template":"","format":"standard","meta":{"footnotes":""},"categories":[1],"tags":[],"class_list":["post-922","post","type-post","status-publish","format-standard","has-post-thumbnail","hentry","category-prensa"],"publishpress_future_action":{"enabled":false,"date":"2026-05-08 08:31:35","action":"change-status","newStatus":"draft","terms":[],"taxonomy":"category"},"_links":{"self":[{"href":"https:\/\/www.tamaulipas.gob.mx\/trabajo\/wp-json\/wp\/v2\/posts\/922"}],"collection":[{"href":"https:\/\/www.tamaulipas.gob.mx\/trabajo\/wp-json\/wp\/v2\/posts"}],"about":[{"href":"https:\/\/www.tamaulipas.gob.mx\/trabajo\/wp-json\/wp\/v2\/types\/post"}],"author":[{"embeddable":true,"href":"https:\/\/www.tamaulipas.gob.mx\/trabajo\/wp-json\/wp\/v2\/users\/63"}],"replies":[{"embeddable":true,"href":"https:\/\/www.tamaulipas.gob.mx\/trabajo\/wp-json\/wp\/v2\/comments?post=922"}],"version-history":[{"count":1,"href":"https:\/\/www.tamaulipas.gob.mx\/trabajo\/wp-json\/wp\/v2\/posts\/922\/revisions"}],"predecessor-version":[{"id":936,"href":"https:\/\/www.tamaulipas.gob.mx\/trabajo\/wp-json\/wp\/v2\/posts\/922\/revisions\/936"}],"wp:featuredmedia":[{"embeddable":true,"href":"https:\/\/www.tamaulipas.gob.mx\/trabajo\/wp-json\/wp\/v2\/media\/933"}],"wp:attachment":[{"href":"https:\/\/www.tamaulipas.gob.mx\/trabajo\/wp-json\/wp\/v2\/media?parent=922"}],"wp:term":[{"taxonomy":"category","embeddable":true,"href":"https:\/\/www.tamaulipas.gob.mx\/trabajo\/wp-json\/wp\/v2\/categories?post=922"},{"taxonomy":"post_tag","embeddable":true,"href":"https:\/\/www.tamaulipas.gob.mx\/trabajo\/wp-json\/wp\/v2\/tags?post=922"}],"curies":[{"name":"wp","href":"https:\/\/api.w.org\/{rel}","templated":true}]}}