{"id":911,"date":"2019-09-11T20:00:40","date_gmt":"2019-09-12T01:00:40","guid":{"rendered":"https:\/\/www.tamaulipas.gob.mx\/trabajo\/?p=911"},"modified":"2019-09-18T08:57:39","modified_gmt":"2019-09-18T13:57:39","slug":"ferias-de-empleo-politica-laboral-del-gobierno-de-tamaulipas-para-generar-mejores-condiciones-de-vida","status":"publish","type":"post","link":"https:\/\/www.tamaulipas.gob.mx\/trabajo\/2019\/09\/ferias-de-empleo-politica-laboral-del-gobierno-de-tamaulipas-para-generar-mejores-condiciones-de-vida\/","title":{"rendered":"Ferias de Empleo, pol\u00edtica laboral del Gobierno de Tamaulipas, para generar mejores condiciones de vida"},"content":{"rendered":"<p><em><strong>Las Ferias de Empleo, desarrolladas por el Gobierno del Estado, representan una pol\u00edtica laboral implementada por el Gobernador Francisco Garc\u00eda Cabeza de Vaca, para generar mejores condiciones de vida<\/strong><\/em><\/p>\n<p>&nbsp;<\/p>\n<p style=\"text-align: right;\">ST-048-2019<\/p>\n<p>Septiembre 11 del 2019<\/p>\n<p>Ciudad Victoria, Tamaulipas.- El Estado de Tamaulipas sobresale a nivel nacional como una de las principales entidades generadoras de empleo en la zona norte de M\u00e9xico y entre las principales a nivel nacional, dijo la Secretaria del Trabajo, Mar\u00eda Estela Chavira Mart\u00ednez, al inaugurar la Primera Feria de Empleo Victoria 2019.<\/p>\n<p>El evento desarrollado en el Polyforum Victoria, reuni\u00f3 a buscadores de empleo, autoridades de gobierno y concentr\u00f3 a 65 empresas quienes ofertaron 720 vacantes para la industria, comercio, servicio y dependencias de gobierno.<\/p>\n<p>La funcionaria resalt\u00f3 que las Ferias de Empleo, desarrolladas por el Gobierno del Estado, incentivan la econ\u00f3mica de los tamaulipecos y brindan un bienestar social,\u00a0 se trata de una pol\u00edtica laboral implementada por el Gobernador Francisco Garc\u00eda Cabeza de Vaca, para generar mejores condiciones de vida.<\/p>\n<p>\u201cHoy podemos anunciar que Tamaulipas tiene el \u00edndice de desempleo m\u00e1s bajo de su historia, de ubicarnos en el lugar 23, gracias al liderazgo del ejecutivo y arduo trabajo de esta Secretar\u00eda, hoy nos encontramos en el lugar 11, seg\u00fan estad\u00edsticas de la Encuesta Nacional de Ocupaci\u00f3n y Empleo (ENOE)\u201d.<\/p>\n<p>Dijo que a trav\u00e9s del Servicio Nacional de Empleo Tamaulipas, se genera la formalizaci\u00f3n de los puestos de trabajo y se brinda un empleo formal, remunerado y con las prestaciones que marca la Ley Federal del Trabajo.<\/p>\n<p>Ivan Karim Rocha Picazo, Encargado del Despacho de la Oficina de Representaci\u00f3n Territorial de la STPS, se\u00f1al\u00f3 que acciones como las Ferias de Empleo, genera los accesos a una seguridad social y con la certeza de que la tutela de los derechos humanos laborales de los trabajadores es efectiva, con el trabajo coordinado de los tres \u00f3rdenes de gobierno.<\/p>\n<p>En la Feria de Empleo se coment\u00f3 que Tamaulipas, en materia laboral\u00a0 va bien, pues ha logrado escalar estad\u00edsticas importantes y mantener un clima de paz y estabilidad laboral.<\/p>\n<p>&nbsp;<\/p>\n<p>&nbsp;<\/p>\n<p style=\"text-align: center;\">###<\/p>\n<p>&nbsp;<\/p>\n<div class='owl-gallery'><div class='item'><a href='https:\/\/www.tamaulipas.gob.mx\/trabajo\/wp-content\/uploads\/sites\/11\/2019\/09\/feriavictoria01.jpeg' rel='galeria'><img src='https:\/\/www.tamaulipas.gob.mx\/trabajo\/wp-content\/uploads\/sites\/11\/2019\/09\/feriavictoria01-850x500.jpeg' srcset='' sizes='auto' alt=''><\/a><figcaption><\/figcaption><\/div><div class='item'><a href='https:\/\/www.tamaulipas.gob.mx\/trabajo\/wp-content\/uploads\/sites\/11\/2019\/09\/feriavictoria02.jpeg' rel='galeria'><img src='https:\/\/www.tamaulipas.gob.mx\/trabajo\/wp-content\/uploads\/sites\/11\/2019\/09\/feriavictoria02-850x500.jpeg' srcset='' sizes='auto' alt=''><\/a><figcaption><\/figcaption><\/div><div class='item'><a href='https:\/\/www.tamaulipas.gob.mx\/trabajo\/wp-content\/uploads\/sites\/11\/2019\/09\/feriavictoria03.jpeg' rel='galeria'><img src='https:\/\/www.tamaulipas.gob.mx\/trabajo\/wp-content\/uploads\/sites\/11\/2019\/09\/feriavictoria03-850x500.jpeg' srcset='' sizes='auto' alt=''><\/a><figcaption><\/figcaption><\/div><div class='item'><a href='https:\/\/www.tamaulipas.gob.mx\/trabajo\/wp-content\/uploads\/sites\/11\/2019\/09\/feriavictoria04.jpeg' rel='galeria'><img src='https:\/\/www.tamaulipas.gob.mx\/trabajo\/wp-content\/uploads\/sites\/11\/2019\/09\/feriavictoria04-850x500.jpeg' srcset='' sizes='auto' alt=''><\/a><figcaption><\/figcaption><\/div><div class='item'><a href='https:\/\/www.tamaulipas.gob.mx\/trabajo\/wp-content\/uploads\/sites\/11\/2019\/09\/feriavictoria05.jpeg' rel='galeria'><img src='https:\/\/www.tamaulipas.gob.mx\/trabajo\/wp-content\/uploads\/sites\/11\/2019\/09\/feriavictoria05-850x500.jpeg' srcset='' sizes='auto' alt=''><\/a><figcaption><\/figcaption><\/div><div class='item'><a href='https:\/\/www.tamaulipas.gob.mx\/trabajo\/wp-content\/uploads\/sites\/11\/2019\/09\/feriavictoria06.jpeg' rel='galeria'><img src='https:\/\/www.tamaulipas.gob.mx\/trabajo\/wp-content\/uploads\/sites\/11\/2019\/09\/feriavictoria06-850x500.jpeg' srcset='' sizes='auto' alt=''><\/a><figcaption><\/figcaption><\/div><div class='item'><a href='https:\/\/www.tamaulipas.gob.mx\/trabajo\/wp-content\/uploads\/sites\/11\/2019\/09\/feriavictoria07.jpeg' rel='galeria'><img src='https:\/\/www.tamaulipas.gob.mx\/trabajo\/wp-content\/uploads\/sites\/11\/2019\/09\/feriavictoria07-850x500.jpeg' srcset='' sizes='auto' alt=''><\/a><figcaption><\/figcaption><\/div><div class='item'><a href='https:\/\/www.tamaulipas.gob.mx\/trabajo\/wp-content\/uploads\/sites\/11\/2019\/09\/feriavictoria08.jpeg' rel='galeria'><img src='https:\/\/www.tamaulipas.gob.mx\/trabajo\/wp-content\/uploads\/sites\/11\/2019\/09\/feriavictoria08-850x500.jpeg' srcset='' sizes='auto' alt=''><\/a><figcaption><\/figcaption><\/div><div class='item'><a href='https:\/\/www.tamaulipas.gob.mx\/trabajo\/wp-content\/uploads\/sites\/11\/2019\/09\/feriavictoria09.jpeg' rel='galeria'><img src='https:\/\/www.tamaulipas.gob.mx\/trabajo\/wp-content\/uploads\/sites\/11\/2019\/09\/feriavictoria09-850x500.jpeg' srcset='' sizes='auto' alt=''><\/a><figcaption><\/figcaption><\/div><\/div>\n","protected":false},"excerpt":{"rendered":"<p>Las Ferias de Empleo, desarrolladas por el Gobierno del Estado, representan una pol\u00edtica laboral implementada por el Gobernador Francisco Garc\u00eda Cabeza de Vaca, para generar\u2026<\/p>\n","protected":false},"author":63,"featured_media":914,"comment_status":"closed","ping_status":"closed","sticky":false,"template":"","format":"standard","meta":{"footnotes":""},"categories":[1],"tags":[],"class_list":["post-911","post","type-post","status-publish","format-standard","has-post-thumbnail","hentry","category-prensa"],"publishpress_future_action":{"enabled":false,"date":"2026-05-08 08:00:31","action":"change-status","newStatus":"draft","terms":[],"taxonomy":"category"},"_links":{"self":[{"href":"https:\/\/www.tamaulipas.gob.mx\/trabajo\/wp-json\/wp\/v2\/posts\/911"}],"collection":[{"href":"https:\/\/www.tamaulipas.gob.mx\/trabajo\/wp-json\/wp\/v2\/posts"}],"about":[{"href":"https:\/\/www.tamaulipas.gob.mx\/trabajo\/wp-json\/wp\/v2\/types\/post"}],"author":[{"embeddable":true,"href":"https:\/\/www.tamaulipas.gob.mx\/trabajo\/wp-json\/wp\/v2\/users\/63"}],"replies":[{"embeddable":true,"href":"https:\/\/www.tamaulipas.gob.mx\/trabajo\/wp-json\/wp\/v2\/comments?post=911"}],"version-history":[{"count":2,"href":"https:\/\/www.tamaulipas.gob.mx\/trabajo\/wp-json\/wp\/v2\/posts\/911\/revisions"}],"predecessor-version":[{"id":937,"href":"https:\/\/www.tamaulipas.gob.mx\/trabajo\/wp-json\/wp\/v2\/posts\/911\/revisions\/937"}],"wp:featuredmedia":[{"embeddable":true,"href":"https:\/\/www.tamaulipas.gob.mx\/trabajo\/wp-json\/wp\/v2\/media\/914"}],"wp:attachment":[{"href":"https:\/\/www.tamaulipas.gob.mx\/trabajo\/wp-json\/wp\/v2\/media?parent=911"}],"wp:term":[{"taxonomy":"category","embeddable":true,"href":"https:\/\/www.tamaulipas.gob.mx\/trabajo\/wp-json\/wp\/v2\/categories?post=911"},{"taxonomy":"post_tag","embeddable":true,"href":"https:\/\/www.tamaulipas.gob.mx\/trabajo\/wp-json\/wp\/v2\/tags?post=911"}],"curies":[{"name":"wp","href":"https:\/\/api.w.org\/{rel}","templated":true}]}}