{"id":904,"date":"2019-09-02T20:00:15","date_gmt":"2019-09-03T01:00:15","guid":{"rendered":"https:\/\/www.tamaulipas.gob.mx\/trabajo\/?p=904"},"modified":"2019-09-18T08:58:01","modified_gmt":"2019-09-18T13:58:01","slug":"entrega-gobierno-de-tamaulipas-herramienta-para-generar-mas-fuentes-de-trabajo","status":"publish","type":"post","link":"https:\/\/www.tamaulipas.gob.mx\/trabajo\/2019\/09\/entrega-gobierno-de-tamaulipas-herramienta-para-generar-mas-fuentes-de-trabajo\/","title":{"rendered":"Entrega Gobierno de Tamaulipas herramienta para generar m\u00e1s fuentes de trabajo"},"content":{"rendered":"<p><em><strong>Con el Subprograma Fomento al Autoempleo, se han atendido a m\u00e1s de 79 personas con la entrega de maquinaria de trabajo.<\/strong><\/em><\/p>\n<p style=\"text-align: right;\">ST-045-2019<\/p>\n<p>Septiembre 02 del 2019<\/p>\n<p>Ciudad Victoria, Tamaulipas.- Con la entrega de herramienta, mobiliario o maquinaria, el Gobierno del Estado sigue impulsando a los tamaulipecos, a generar nuevas fuentes de trabajo, que les garantice una mejor calidad de vida.<\/p>\n<p>Mediante el Subprograma Fomento al Autoempleo, que opera la Secretar\u00eda del Trabajo a trav\u00e9s del Servicio Nacional de Empleo Tamaulipas, fue otorgado equipo en custodia y se liberaron actas de herramienta, a residentes de Ciudad Victoria, Tula, Nuevo Laredo, Reynosa y Tampico.<\/p>\n<p>Juan H\u00e9ctor Lazo Vega, residente en Ciudad Victoria, busc\u00f3 la manera de poner en pr\u00e1ctica sus conocimientos en reparaci\u00f3n y mantenimiento de aires acondicionados, instal\u00f3 su negocio: \u201cClimatizaci\u00f3n y Refrigeraci\u00f3n Lazo\u201d, pero requer\u00eda de herramienta, por lo que acudi\u00f3 al SNE Tamaulipas y le proporcionaron los art\u00edculos necesarios.<\/p>\n<p>\u201cYo me acerque al gobierno, me brindaron la atenci\u00f3n, empezamos por comparar unas cosas y en el SNE me dieron equipo para laborar de manera formal y profesionalmente\u201d.<\/p>\n<p>Por su parte Maribel Bernal S\u00e1nchez, quien se dedicaba a la venta de tamales, recibi\u00f3 equipo para acondicionar su proyecto: \u201cCocina Econ\u00f3mica y Banquetes Mary\u00b4s\u201d, lo trabaj\u00f3 durante 12 meses bajo una supervisi\u00f3n, y tras cumplir con los lineamientos, le\u00a0 facilitaron su acta de liberaci\u00f3n y facturas de compra.<\/p>\n<p>Con el subprograma, que permite la creaci\u00f3n o el fortalecimiento de iniciativas, el Gobierno de Tamaulipas ha atendido a m\u00e1s de 60 proyectos dedicados a la belleza, costura, corte y confecci\u00f3n, preparaci\u00f3n de alimentos, mec\u00e1nica, hojalater\u00eda y pintura, carpinter\u00eda, elaboraci\u00f3n de tortillas o reposter\u00eda entre otros.<\/p>\n<p>En lo que va del a\u00f1o, autoridades han beneficiando a m\u00e1s de 79 personas, en las que se han destinado recursos tanto federal y estatal, por m\u00e1s de $1,534,514.00 pesos.<\/p>\n<p>La entrega de herramienta, es un est\u00edmulo para que propietarios conviertan su negocio en un empresa s\u00f3lida, que a futuro pueda generar fuentes de trabajo que beneficie a m\u00e1s tamaulipecos.<\/p>\n<h3 style=\"text-align: center;\"><\/h3>\n<p>&nbsp;<\/p>\n<p style=\"text-align: center;\">###<\/p>\n<p>&nbsp;<\/p>\n<div class='owl-gallery'><div class='item'><a href='https:\/\/www.tamaulipas.gob.mx\/trabajo\/wp-content\/uploads\/sites\/11\/2019\/09\/fomentoautompleoimpulsa01.jpeg' rel='galeria'><img src='https:\/\/www.tamaulipas.gob.mx\/trabajo\/wp-content\/uploads\/sites\/11\/2019\/09\/fomentoautompleoimpulsa01-850x500.jpeg' srcset='' sizes='auto' alt=''><\/a><figcaption><\/figcaption><\/div><div class='item'><a href='https:\/\/www.tamaulipas.gob.mx\/trabajo\/wp-content\/uploads\/sites\/11\/2019\/09\/fomentoautompleoimpulsa02.jpeg' rel='galeria'><img src='https:\/\/www.tamaulipas.gob.mx\/trabajo\/wp-content\/uploads\/sites\/11\/2019\/09\/fomentoautompleoimpulsa02-850x500.jpeg' srcset='' sizes='auto' alt=''><\/a><figcaption><\/figcaption><\/div><div class='item'><a href='https:\/\/www.tamaulipas.gob.mx\/trabajo\/wp-content\/uploads\/sites\/11\/2019\/09\/fomentoautompleoimpulsa03.jpeg' rel='galeria'><img src='https:\/\/www.tamaulipas.gob.mx\/trabajo\/wp-content\/uploads\/sites\/11\/2019\/09\/fomentoautompleoimpulsa03-850x500.jpeg' srcset='' sizes='auto' alt=''><\/a><figcaption><\/figcaption><\/div><div class='item'><a href='https:\/\/www.tamaulipas.gob.mx\/trabajo\/wp-content\/uploads\/sites\/11\/2019\/09\/fomentoautompleoimpulsa04.jpeg' rel='galeria'><img src='https:\/\/www.tamaulipas.gob.mx\/trabajo\/wp-content\/uploads\/sites\/11\/2019\/09\/fomentoautompleoimpulsa04-850x500.jpeg' srcset='' sizes='auto' alt=''><\/a><figcaption><\/figcaption><\/div><div class='item'><a href='https:\/\/www.tamaulipas.gob.mx\/trabajo\/wp-content\/uploads\/sites\/11\/2019\/09\/fomentoautompleoimpulsa05.jpeg' rel='galeria'><img src='https:\/\/www.tamaulipas.gob.mx\/trabajo\/wp-content\/uploads\/sites\/11\/2019\/09\/fomentoautompleoimpulsa05-850x500.jpeg' srcset='' sizes='auto' alt=''><\/a><figcaption><\/figcaption><\/div><\/div>\n","protected":false},"excerpt":{"rendered":"<p>Con el Subprograma Fomento al Autoempleo, se han atendido a m\u00e1s de 79 personas con la entrega de maquinaria de trabajo. ST-045-2019 Septiembre 02 del\u2026<\/p>\n","protected":false},"author":63,"featured_media":905,"comment_status":"closed","ping_status":"closed","sticky":false,"template":"","format":"standard","meta":{"footnotes":""},"categories":[1],"tags":[],"class_list":["post-904","post","type-post","status-publish","format-standard","has-post-thumbnail","hentry","category-prensa"],"publishpress_future_action":{"enabled":false,"date":"2026-05-08 08:00:52","action":"change-status","newStatus":"draft","terms":[],"taxonomy":"category"},"_links":{"self":[{"href":"https:\/\/www.tamaulipas.gob.mx\/trabajo\/wp-json\/wp\/v2\/posts\/904"}],"collection":[{"href":"https:\/\/www.tamaulipas.gob.mx\/trabajo\/wp-json\/wp\/v2\/posts"}],"about":[{"href":"https:\/\/www.tamaulipas.gob.mx\/trabajo\/wp-json\/wp\/v2\/types\/post"}],"author":[{"embeddable":true,"href":"https:\/\/www.tamaulipas.gob.mx\/trabajo\/wp-json\/wp\/v2\/users\/63"}],"replies":[{"embeddable":true,"href":"https:\/\/www.tamaulipas.gob.mx\/trabajo\/wp-json\/wp\/v2\/comments?post=904"}],"version-history":[{"count":2,"href":"https:\/\/www.tamaulipas.gob.mx\/trabajo\/wp-json\/wp\/v2\/posts\/904\/revisions"}],"predecessor-version":[{"id":938,"href":"https:\/\/www.tamaulipas.gob.mx\/trabajo\/wp-json\/wp\/v2\/posts\/904\/revisions\/938"}],"wp:featuredmedia":[{"embeddable":true,"href":"https:\/\/www.tamaulipas.gob.mx\/trabajo\/wp-json\/wp\/v2\/media\/905"}],"wp:attachment":[{"href":"https:\/\/www.tamaulipas.gob.mx\/trabajo\/wp-json\/wp\/v2\/media?parent=904"}],"wp:term":[{"taxonomy":"category","embeddable":true,"href":"https:\/\/www.tamaulipas.gob.mx\/trabajo\/wp-json\/wp\/v2\/categories?post=904"},{"taxonomy":"post_tag","embeddable":true,"href":"https:\/\/www.tamaulipas.gob.mx\/trabajo\/wp-json\/wp\/v2\/tags?post=904"}],"curies":[{"name":"wp","href":"https:\/\/api.w.org\/{rel}","templated":true}]}}