{"id":895,"date":"2019-08-19T20:00:10","date_gmt":"2019-08-20T01:00:10","guid":{"rendered":"https:\/\/www.tamaulipas.gob.mx\/trabajo\/?p=895"},"modified":"2019-09-18T08:44:50","modified_gmt":"2019-09-18T13:44:50","slug":"arranca-gobierno-del-estado-segunda-etapa-de-ferias-de-empleo-2019","status":"publish","type":"post","link":"https:\/\/www.tamaulipas.gob.mx\/trabajo\/2019\/08\/arranca-gobierno-del-estado-segunda-etapa-de-ferias-de-empleo-2019\/","title":{"rendered":"Arranca Gobierno del Estado Segunda Etapa de Ferias de Empleo 2019"},"content":{"rendered":"<p><em><strong>Con las Ferias de Empleo, se contempla la participaci\u00f3n de m\u00e1s de 400 empresas, que ofertar\u00e1n m\u00e1s de 5 mil puestos de trabajo.<\/strong><\/em><\/p>\n<p style=\"text-align: right;\">ST-041-2019<\/p>\n<p style=\"text-align: left;\">Agosto 19 del 2019<\/p>\n<p>Ciudad Victoria, Tamaulipas.- El Gobierno del Estado dar\u00e1 arranque a la Segunda Etapa de Ferias de Empleo, en la que pretende reunir en un mismo lugar a buscadores de empleo, para vincularlos de manera directa con las empresas que ofertan vacantes.<\/p>\n<p>De acuerdo a la Secretar\u00eda del Trabajo, el Servicio Nacional de Empleo Tamaulipas, ha programado de agosto a octubre, 8 ferias de empleo en los principales municipios, una de ellas dedicada a j\u00f3venes, otra m\u00e1s a personas con discapacidad y adultos mayores y de movilidad laboral.<\/p>\n<p>Mar\u00eda Estela Chavira Mart\u00ednez, encargada de la pol\u00edtica laboral en la entidad, dijo que el Gobernador Francisco Garc\u00eda Cabeza de Vaca, le apuesta al trabajo formal y a seguir colocando a Tamaulipas dentro de los primeros lugares a nivel nacional, como uno de los estados generadores de empleo.<\/p>\n<p>\u201cEn las ferias de empleo, las personas se relacionan e interact\u00faan con las empresas, adem\u00e1s de conocer la bolsa de trabajo y los perfiles que demanda el sector productivo, ahorran tiempo y dinero en la b\u00fasqueda de una nueva oportunidad laboral\u201d.<\/p>\n<p>En este encuentro, se contempla la participaci\u00f3n de m\u00e1s de 500 empresas, que ofertar\u00e1n m\u00e1s de 5 mil 500 puestos de trabajo para el sector industrial, comercial y de servicios, adem\u00e1s de empleos en dependencias de gobierno\u201d.<\/p>\n<p>La etapa de ferias arrancar\u00e1 en la ciudad de R\u00edo Bravo y Altamira, posteriormente se llevar\u00e1 a cabo en los municipios de Victoria, Nuevo Laredo, Matamoros, El Mante, Reynosa y Tampico.<\/p>\n<p>Chavira Mart\u00ednez record\u00f3 que en Tamaulipas, en lo que va de la administraci\u00f3n, se ha creado m\u00e1s de 64 mil 495 empleos, de los cuales cerca de 45 mil han sido gestionados mediante la Secretar\u00eda del Trabajo.<\/p>\n<p>\u201cDatos recientes del IMSS, confirman la generaci\u00f3n de empleos de enero a julio, de 14 mil 220, colocando a Tamaulipas en el 4\u00b0 lugar a nivel nacional tan solo en julio, como uno de los estados del norte con mayor n\u00famero de vacantes\u201d.<\/p>\n<p>Se\u00f1al\u00f3 que las pol\u00edticas p\u00fablicas implementadas por el ejecutivo en materia de empleo siguen funcionado y permeando en la sociedad, como una opci\u00f3n para mejorar la situaci\u00f3n econ\u00f3mica familiar y de vida.<\/p>\n<p>&nbsp;<\/p>\n<p style=\"text-align: center;\">###<\/p>\n<p>&nbsp;<\/p>\n<div class='owl-gallery'><div class='item'><a href='https:\/\/www.tamaulipas.gob.mx\/trabajo\/wp-content\/uploads\/sites\/11\/2019\/09\/2daetapaferias01.jpeg' rel='galeria'><img src='https:\/\/www.tamaulipas.gob.mx\/trabajo\/wp-content\/uploads\/sites\/11\/2019\/09\/2daetapaferias01-850x500.jpeg' srcset='' sizes='auto' alt=''><\/a><figcaption><\/figcaption><\/div><div class='item'><a href='https:\/\/www.tamaulipas.gob.mx\/trabajo\/wp-content\/uploads\/sites\/11\/2019\/09\/2daetapaferias02.jpeg' rel='galeria'><img src='https:\/\/www.tamaulipas.gob.mx\/trabajo\/wp-content\/uploads\/sites\/11\/2019\/09\/2daetapaferias02-850x500.jpeg' srcset='' sizes='auto' alt=''><\/a><figcaption><\/figcaption><\/div><div class='item'><a href='https:\/\/www.tamaulipas.gob.mx\/trabajo\/wp-content\/uploads\/sites\/11\/2019\/09\/2daetapaferias03.jpeg' rel='galeria'><img src='https:\/\/www.tamaulipas.gob.mx\/trabajo\/wp-content\/uploads\/sites\/11\/2019\/09\/2daetapaferias03-850x500.jpeg' srcset='' sizes='auto' alt=''><\/a><figcaption><\/figcaption><\/div><div class='item'><a href='https:\/\/www.tamaulipas.gob.mx\/trabajo\/wp-content\/uploads\/sites\/11\/2019\/09\/2daetapaferias04.jpeg' rel='galeria'><img src='https:\/\/www.tamaulipas.gob.mx\/trabajo\/wp-content\/uploads\/sites\/11\/2019\/09\/2daetapaferias04-850x500.jpeg' srcset='' sizes='auto' alt=''><\/a><figcaption><\/figcaption><\/div><div class='item'><a href='https:\/\/www.tamaulipas.gob.mx\/trabajo\/wp-content\/uploads\/sites\/11\/2019\/09\/2daetapaferias05.jpeg' rel='galeria'><img src='https:\/\/www.tamaulipas.gob.mx\/trabajo\/wp-content\/uploads\/sites\/11\/2019\/09\/2daetapaferias05-850x500.jpeg' srcset='' sizes='auto' alt=''><\/a><figcaption><\/figcaption><\/div><div class='item'><a href='https:\/\/www.tamaulipas.gob.mx\/trabajo\/wp-content\/uploads\/sites\/11\/2019\/09\/2daetapaferias06.jpeg' rel='galeria'><img src='https:\/\/www.tamaulipas.gob.mx\/trabajo\/wp-content\/uploads\/sites\/11\/2019\/09\/2daetapaferias06-850x500.jpeg' srcset='' sizes='auto' alt=''><\/a><figcaption><\/figcaption><\/div><div class='item'><a href='https:\/\/www.tamaulipas.gob.mx\/trabajo\/wp-content\/uploads\/sites\/11\/2019\/09\/2daetapaferias07.jpeg' rel='galeria'><img src='https:\/\/www.tamaulipas.gob.mx\/trabajo\/wp-content\/uploads\/sites\/11\/2019\/09\/2daetapaferias07-850x500.jpeg' srcset='' sizes='auto' alt=''><\/a><figcaption><\/figcaption><\/div><\/div>\n","protected":false},"excerpt":{"rendered":"<p>Con las Ferias de Empleo, se contempla la participaci\u00f3n de m\u00e1s de 400 empresas, que ofertar\u00e1n m\u00e1s de 5 mil puestos de trabajo. ST-041-2019 Agosto\u2026<\/p>\n","protected":false},"author":63,"featured_media":896,"comment_status":"closed","ping_status":"closed","sticky":false,"template":"","format":"standard","meta":{"footnotes":""},"categories":[1],"tags":[],"class_list":["post-895","post","type-post","status-publish","format-standard","has-post-thumbnail","hentry","category-prensa"],"publishpress_future_action":{"enabled":false,"date":"2026-05-08 08:31:17","action":"change-status","newStatus":"draft","terms":[],"taxonomy":"category"},"_links":{"self":[{"href":"https:\/\/www.tamaulipas.gob.mx\/trabajo\/wp-json\/wp\/v2\/posts\/895"}],"collection":[{"href":"https:\/\/www.tamaulipas.gob.mx\/trabajo\/wp-json\/wp\/v2\/posts"}],"about":[{"href":"https:\/\/www.tamaulipas.gob.mx\/trabajo\/wp-json\/wp\/v2\/types\/post"}],"author":[{"embeddable":true,"href":"https:\/\/www.tamaulipas.gob.mx\/trabajo\/wp-json\/wp\/v2\/users\/63"}],"replies":[{"embeddable":true,"href":"https:\/\/www.tamaulipas.gob.mx\/trabajo\/wp-json\/wp\/v2\/comments?post=895"}],"version-history":[{"count":1,"href":"https:\/\/www.tamaulipas.gob.mx\/trabajo\/wp-json\/wp\/v2\/posts\/895\/revisions"}],"predecessor-version":[{"id":903,"href":"https:\/\/www.tamaulipas.gob.mx\/trabajo\/wp-json\/wp\/v2\/posts\/895\/revisions\/903"}],"wp:featuredmedia":[{"embeddable":true,"href":"https:\/\/www.tamaulipas.gob.mx\/trabajo\/wp-json\/wp\/v2\/media\/896"}],"wp:attachment":[{"href":"https:\/\/www.tamaulipas.gob.mx\/trabajo\/wp-json\/wp\/v2\/media?parent=895"}],"wp:term":[{"taxonomy":"category","embeddable":true,"href":"https:\/\/www.tamaulipas.gob.mx\/trabajo\/wp-json\/wp\/v2\/categories?post=895"},{"taxonomy":"post_tag","embeddable":true,"href":"https:\/\/www.tamaulipas.gob.mx\/trabajo\/wp-json\/wp\/v2\/tags?post=895"}],"curies":[{"name":"wp","href":"https:\/\/api.w.org\/{rel}","templated":true}]}}