{"id":877,"date":"2019-08-22T20:00:12","date_gmt":"2019-08-23T01:00:12","guid":{"rendered":"https:\/\/www.tamaulipas.gob.mx\/trabajo\/?p=877"},"modified":"2019-08-28T09:36:51","modified_gmt":"2019-08-28T14:36:51","slug":"inauguran-ferias-de-empleo-en-el-municipio-de-rio-bravo","status":"publish","type":"post","link":"https:\/\/www.tamaulipas.gob.mx\/trabajo\/2019\/08\/inauguran-ferias-de-empleo-en-el-municipio-de-rio-bravo\/","title":{"rendered":"Inauguran Ferias de Empleo en el municipio de R\u00edo Bravo"},"content":{"rendered":"<p><em><strong>El Gobernador Francisco Garc\u00eda Cabeza de Vaca, lleva a cabo acciones encaminadas a promover el progreso y la creaci\u00f3n de m\u00e1s y mejores empleos.\u00a0<\/strong><\/em><\/p>\n<p style=\"text-align: right;\">ST-042-2019<\/p>\n<p>Agosto 22 del 2019<\/p>\n<p>R\u00edo Bravo, Tamaulipas.- Crear las condiciones necesarias para vincular a los buscadores de empleo con las empresas, es uno de los objetivos del Gobierno del Estado, dijo Mar\u00eda Estela Chavira Mart\u00ednez, Secretaria del Trabajo, al inaugurar la Segunda Etapa de Ferias de Empleo 2019.<\/p>\n<p>El arranque, reuni\u00f3 a m\u00e1s de 60 empresas en la Canaco R\u00edo Bravo, para ofertar m\u00e1s de mil 200 vacantes para operarios, t\u00e9cnicos y profesionistas, en \u00e1reas de la industria, comercio y servicios.<\/p>\n<p>La responsable de la pol\u00edtica laboral en el Estado, se\u00f1al\u00f3 que el Gobernador Francisco Garc\u00eda Cabeza de Vaca, lleva a cabo acciones encaminadas a promover el progreso y la creaci\u00f3n de m\u00e1s y mejores empleos.<\/p>\n<p>\u201cGracias a este tipo acciones conjuntas, como la que hoy se ponen en pr\u00e1ctica, Tamaulipas sigue siendo un polo de atracci\u00f3n de nuevas fuentes de inversi\u00f3n y de empleo\u201d.<\/p>\n<p>Se\u00f1al\u00f3 que las estrategias del ejecutivo, lograron ubicar en los m\u00e1s recientes meses a Tamaulipas, entre las entidades con m\u00e1s fuentes de trabajo, alcanzando la tasa m\u00e1s baja de desempleo en los \u00faltimos 14 a\u00f1os.<\/p>\n<p>Carlos Rafael Ulivarri L\u00f3pez, presidente municipal de R\u00edo Bravo, apunt\u00f3 que en esa regi\u00f3n se tienen oportunidades laborales, por lo que ambos gobiernos trabajan de la mano para brindar certeza laboral y calidad de vida a los tamaulipecos.<\/p>\n<p>Ambos funcionarios coincidieron, que a trav\u00e9s del empleo, se sientan las bases para garantizar un clima de prosperidad y paz laboral, servicios medios y vivienda digna, as\u00ed como desarrollo social y econ\u00f3mico.<\/p>\n<p>En la Segunda Etapa de Ferias de Empleo, la Secretar\u00eda del Trabajo mediante el Servicio Nacional de Empleo Tamaulipas, contempla 7 eventos m\u00e1s en diversos municipios, en los que empresas pondr\u00e1n a disposici\u00f3n de los trabajadores, m\u00e1s de 5 mil 850 fuentes de trabajo.<\/p>\n<p>&nbsp;<\/p>\n<p style=\"text-align: center;\">###<\/p>\n<div class='owl-gallery'><div class='item'><a href='https:\/\/www.tamaulipas.gob.mx\/trabajo\/wp-content\/uploads\/sites\/11\/2019\/08\/feria_riobravo-1.jpeg' rel='galeria'><img src='https:\/\/www.tamaulipas.gob.mx\/trabajo\/wp-content\/uploads\/sites\/11\/2019\/08\/feria_riobravo-1-850x500.jpeg' srcset='' sizes='auto' alt=''><\/a><figcaption><\/figcaption><\/div><div class='item'><a href='https:\/\/www.tamaulipas.gob.mx\/trabajo\/wp-content\/uploads\/sites\/11\/2019\/08\/feria_riobravo-2.jpeg' rel='galeria'><img src='https:\/\/www.tamaulipas.gob.mx\/trabajo\/wp-content\/uploads\/sites\/11\/2019\/08\/feria_riobravo-2-850x500.jpeg' srcset='' sizes='auto' alt=''><\/a><figcaption><\/figcaption><\/div><div class='item'><a href='https:\/\/www.tamaulipas.gob.mx\/trabajo\/wp-content\/uploads\/sites\/11\/2019\/08\/feria_riobravo-3.jpeg' rel='galeria'><img src='https:\/\/www.tamaulipas.gob.mx\/trabajo\/wp-content\/uploads\/sites\/11\/2019\/08\/feria_riobravo-3-850x500.jpeg' srcset='' sizes='auto' alt=''><\/a><figcaption><\/figcaption><\/div><div class='item'><a href='https:\/\/www.tamaulipas.gob.mx\/trabajo\/wp-content\/uploads\/sites\/11\/2019\/08\/feria_riobravo-4.jpeg' rel='galeria'><img src='https:\/\/www.tamaulipas.gob.mx\/trabajo\/wp-content\/uploads\/sites\/11\/2019\/08\/feria_riobravo-4-850x500.jpeg' srcset='' sizes='auto' alt=''><\/a><figcaption><\/figcaption><\/div><div class='item'><a href='https:\/\/www.tamaulipas.gob.mx\/trabajo\/wp-content\/uploads\/sites\/11\/2019\/08\/feria_riobravo-5.jpeg' rel='galeria'><img src='https:\/\/www.tamaulipas.gob.mx\/trabajo\/wp-content\/uploads\/sites\/11\/2019\/08\/feria_riobravo-5-850x500.jpeg' srcset='' sizes='auto' alt=''><\/a><figcaption><\/figcaption><\/div><div class='item'><a href='https:\/\/www.tamaulipas.gob.mx\/trabajo\/wp-content\/uploads\/sites\/11\/2019\/08\/feria_riobravo-6.jpeg' rel='galeria'><img src='https:\/\/www.tamaulipas.gob.mx\/trabajo\/wp-content\/uploads\/sites\/11\/2019\/08\/feria_riobravo-6-850x500.jpeg' srcset='' sizes='auto' alt=''><\/a><figcaption><\/figcaption><\/div><div class='item'><a href='https:\/\/www.tamaulipas.gob.mx\/trabajo\/wp-content\/uploads\/sites\/11\/2019\/08\/feria_riobravo-7.jpeg' rel='galeria'><img src='https:\/\/www.tamaulipas.gob.mx\/trabajo\/wp-content\/uploads\/sites\/11\/2019\/08\/feria_riobravo-7-850x500.jpeg' srcset='' sizes='auto' alt=''><\/a><figcaption><\/figcaption><\/div><\/div>\n","protected":false},"excerpt":{"rendered":"<p>El Gobernador Francisco Garc\u00eda Cabeza de Vaca, lleva a cabo acciones encaminadas a promover el progreso y la creaci\u00f3n de m\u00e1s y mejores empleos.\u00a0 ST-042-2019\u2026<\/p>\n","protected":false},"author":63,"featured_media":884,"comment_status":"closed","ping_status":"closed","sticky":false,"template":"","format":"standard","meta":{"footnotes":""},"categories":[1],"tags":[],"class_list":["post-877","post","type-post","status-publish","format-standard","has-post-thumbnail","hentry","category-prensa"],"publishpress_future_action":{"enabled":false,"date":"2026-05-05 10:32:06","action":"change-status","newStatus":"draft","terms":[],"taxonomy":"category"},"_links":{"self":[{"href":"https:\/\/www.tamaulipas.gob.mx\/trabajo\/wp-json\/wp\/v2\/posts\/877"}],"collection":[{"href":"https:\/\/www.tamaulipas.gob.mx\/trabajo\/wp-json\/wp\/v2\/posts"}],"about":[{"href":"https:\/\/www.tamaulipas.gob.mx\/trabajo\/wp-json\/wp\/v2\/types\/post"}],"author":[{"embeddable":true,"href":"https:\/\/www.tamaulipas.gob.mx\/trabajo\/wp-json\/wp\/v2\/users\/63"}],"replies":[{"embeddable":true,"href":"https:\/\/www.tamaulipas.gob.mx\/trabajo\/wp-json\/wp\/v2\/comments?post=877"}],"version-history":[{"count":2,"href":"https:\/\/www.tamaulipas.gob.mx\/trabajo\/wp-json\/wp\/v2\/posts\/877\/revisions"}],"predecessor-version":[{"id":886,"href":"https:\/\/www.tamaulipas.gob.mx\/trabajo\/wp-json\/wp\/v2\/posts\/877\/revisions\/886"}],"wp:featuredmedia":[{"embeddable":true,"href":"https:\/\/www.tamaulipas.gob.mx\/trabajo\/wp-json\/wp\/v2\/media\/884"}],"wp:attachment":[{"href":"https:\/\/www.tamaulipas.gob.mx\/trabajo\/wp-json\/wp\/v2\/media?parent=877"}],"wp:term":[{"taxonomy":"category","embeddable":true,"href":"https:\/\/www.tamaulipas.gob.mx\/trabajo\/wp-json\/wp\/v2\/categories?post=877"},{"taxonomy":"post_tag","embeddable":true,"href":"https:\/\/www.tamaulipas.gob.mx\/trabajo\/wp-json\/wp\/v2\/tags?post=877"}],"curies":[{"name":"wp","href":"https:\/\/api.w.org\/{rel}","templated":true}]}}