{"id":866,"date":"2019-08-17T20:00:56","date_gmt":"2019-08-18T01:00:56","guid":{"rendered":"https:\/\/www.tamaulipas.gob.mx\/trabajo\/?p=866"},"modified":"2019-08-28T09:30:48","modified_gmt":"2019-08-28T14:30:48","slug":"entregan-herramienta-de-trabajo-a-personas-con-discapacidad","status":"publish","type":"post","link":"https:\/\/www.tamaulipas.gob.mx\/trabajo\/2019\/08\/entregan-herramienta-de-trabajo-a-personas-con-discapacidad\/","title":{"rendered":"Entregan herramienta de trabajo a personas con discapacidad"},"content":{"rendered":"<p><em><strong>El Gobierno del Estado fomenta y construyen un mejor futuro, para que discapacitados tengan calidad de vida.<\/strong><\/em><\/p>\n<p style=\"text-align: right;\">ST-040-2019<\/p>\n<p>Agosto 17 del 2019<\/p>\n<p>Ciudad Victoria, Tamaulipas.- \u201cDelicias del Mundo del Silencio\u201d, es un proyecto que naci\u00f3 en la capital del Estado, para brindar apoyo a j\u00f3venes con discapacidad visual y verbal, y facilitarles su incorporaci\u00f3n al mundo laboral.<\/p>\n<p>Mediante la ense\u00f1anza y producci\u00f3n de reposter\u00eda, se pretende generar en ellos un oficio, convertirlos en personas provechosas, y con ello puedan lograr un futuro en el que solventen sus necesidades y mejore sus condiciones de vida.<\/p>\n<p>Para desarrollar e incrementar sus actividades, solicitaron al Gobierno del Estado herramienta de trabajo, y les fue entregado un horno industrial, una mesa inoxidable y una b\u00e1scula.<\/p>\n<p>Elianet Ventura Aguilar, quien coordina de manera altruista al grupo, dijo que empezaron a hornear sus productos de una forma casera, pero los utensilios resultaron insuficientes.<\/p>\n<p>\u201cEn la Secretar\u00eda del Trabajo nos facilitaron el equipo, recibimos informaci\u00f3n del programa Fomento al Autoempleo que opera el Servicio Nacional de Empleo Tamaulipas, nos ayudaron en los tr\u00e1mites; ahora con el material queremos ampliar este soporte para las personas sordomudas\u201d.<\/p>\n<p>F\u00e9lix Fuentes Pati\u00f1o, quien se dedica a la reposter\u00eda, explic\u00f3 que ellos tratan de ofrecerles a los j\u00f3venes discapacitados una alternativa, para que tengan una vida econ\u00f3mica solvente.<\/p>\n<p>\u201cLa sociedad no est\u00e1 preparada para atender a este tipo de personas, y ellos tienen necesidades y derechos, con esta intenci\u00f3n, les estamos abriendo la oportunidad de que sean autosuficientes\u201d.<\/p>\n<p>Francisca Osiris Torres Monita y Jos\u00e9 Alberto Alfaro S\u00e1nchez, enfrentan\u00a0 discapacidad auditiva y verbal, fueron invitados a participar, se dicen emocionados por aprender a hornear, ahora quieren trabajar y tener un poco de solvencia.<\/p>\n<p>La herramienta entregada en custodia a \u201cDelicias del Mundo del Silencio\u201d, forma parte de los m\u00e1s de 31 proyectos contemplados por el Gobernador Francisco Garc\u00eda Cabeza de Vaca, en apoyo de quien busca emprender un negocio por cuenta propia, en los que se han invertido recursos econ\u00f3micos por m\u00e1s de $714,705 pesos.<\/p>\n<p style=\"text-align: center;\">###<\/p>\n<p>&nbsp;<\/p>\n<div class='owl-gallery'><div class='item'><a href='https:\/\/www.tamaulipas.gob.mx\/trabajo\/wp-content\/uploads\/sites\/11\/2019\/08\/boletin40-7.jpeg' rel='galeria'><img src='https:\/\/www.tamaulipas.gob.mx\/trabajo\/wp-content\/uploads\/sites\/11\/2019\/08\/boletin40-7-850x500.jpeg' srcset='' sizes='auto' alt=''><\/a><figcaption><\/figcaption><\/div><div class='item'><a href='https:\/\/www.tamaulipas.gob.mx\/trabajo\/wp-content\/uploads\/sites\/11\/2019\/08\/boletin40-6.jpeg' rel='galeria'><img src='https:\/\/www.tamaulipas.gob.mx\/trabajo\/wp-content\/uploads\/sites\/11\/2019\/08\/boletin40-6-850x500.jpeg' srcset='' sizes='auto' alt=''><\/a><figcaption><\/figcaption><\/div><div class='item'><a href='https:\/\/www.tamaulipas.gob.mx\/trabajo\/wp-content\/uploads\/sites\/11\/2019\/08\/boletin40-5.jpeg' rel='galeria'><img src='https:\/\/www.tamaulipas.gob.mx\/trabajo\/wp-content\/uploads\/sites\/11\/2019\/08\/boletin40-5-850x500.jpeg' srcset='' sizes='auto' alt=''><\/a><figcaption><\/figcaption><\/div><div class='item'><a href='https:\/\/www.tamaulipas.gob.mx\/trabajo\/wp-content\/uploads\/sites\/11\/2019\/08\/boletin40-4.jpeg' rel='galeria'><img src='https:\/\/www.tamaulipas.gob.mx\/trabajo\/wp-content\/uploads\/sites\/11\/2019\/08\/boletin40-4-850x500.jpeg' srcset='' sizes='auto' alt=''><\/a><figcaption><\/figcaption><\/div><div class='item'><a href='https:\/\/www.tamaulipas.gob.mx\/trabajo\/wp-content\/uploads\/sites\/11\/2019\/08\/boletin40-3.jpeg' rel='galeria'><img src='https:\/\/www.tamaulipas.gob.mx\/trabajo\/wp-content\/uploads\/sites\/11\/2019\/08\/boletin40-3-850x500.jpeg' srcset='' sizes='auto' alt=''><\/a><figcaption><\/figcaption><\/div><div class='item'><a href='https:\/\/www.tamaulipas.gob.mx\/trabajo\/wp-content\/uploads\/sites\/11\/2019\/08\/boletin40-2.jpeg' rel='galeria'><img src='https:\/\/www.tamaulipas.gob.mx\/trabajo\/wp-content\/uploads\/sites\/11\/2019\/08\/boletin40-2-850x500.jpeg' srcset='' sizes='auto' alt=''><\/a><figcaption><\/figcaption><\/div><div class='item'><a href='https:\/\/www.tamaulipas.gob.mx\/trabajo\/wp-content\/uploads\/sites\/11\/2019\/08\/boletin40-1.jpeg' rel='galeria'><img src='https:\/\/www.tamaulipas.gob.mx\/trabajo\/wp-content\/uploads\/sites\/11\/2019\/08\/boletin40-1-850x500.jpeg' srcset='' sizes='auto' alt=''><\/a><figcaption><\/figcaption><\/div><\/div>\n","protected":false},"excerpt":{"rendered":"<p>El Gobierno del Estado fomenta y construyen un mejor futuro, para que discapacitados tengan calidad de vida. ST-040-2019 Agosto 17 del 2019 Ciudad Victoria, Tamaulipas.-\u2026<\/p>\n","protected":false},"author":63,"featured_media":868,"comment_status":"closed","ping_status":"closed","sticky":false,"template":"","format":"standard","meta":{"footnotes":""},"categories":[1],"tags":[],"class_list":["post-866","post","type-post","status-publish","format-standard","has-post-thumbnail","hentry","category-prensa"],"publishpress_future_action":{"enabled":false,"date":"2026-05-08 08:00:30","action":"change-status","newStatus":"draft","terms":[],"taxonomy":"category"},"_links":{"self":[{"href":"https:\/\/www.tamaulipas.gob.mx\/trabajo\/wp-json\/wp\/v2\/posts\/866"}],"collection":[{"href":"https:\/\/www.tamaulipas.gob.mx\/trabajo\/wp-json\/wp\/v2\/posts"}],"about":[{"href":"https:\/\/www.tamaulipas.gob.mx\/trabajo\/wp-json\/wp\/v2\/types\/post"}],"author":[{"embeddable":true,"href":"https:\/\/www.tamaulipas.gob.mx\/trabajo\/wp-json\/wp\/v2\/users\/63"}],"replies":[{"embeddable":true,"href":"https:\/\/www.tamaulipas.gob.mx\/trabajo\/wp-json\/wp\/v2\/comments?post=866"}],"version-history":[{"count":2,"href":"https:\/\/www.tamaulipas.gob.mx\/trabajo\/wp-json\/wp\/v2\/posts\/866\/revisions"}],"predecessor-version":[{"id":875,"href":"https:\/\/www.tamaulipas.gob.mx\/trabajo\/wp-json\/wp\/v2\/posts\/866\/revisions\/875"}],"wp:featuredmedia":[{"embeddable":true,"href":"https:\/\/www.tamaulipas.gob.mx\/trabajo\/wp-json\/wp\/v2\/media\/868"}],"wp:attachment":[{"href":"https:\/\/www.tamaulipas.gob.mx\/trabajo\/wp-json\/wp\/v2\/media?parent=866"}],"wp:term":[{"taxonomy":"category","embeddable":true,"href":"https:\/\/www.tamaulipas.gob.mx\/trabajo\/wp-json\/wp\/v2\/categories?post=866"},{"taxonomy":"post_tag","embeddable":true,"href":"https:\/\/www.tamaulipas.gob.mx\/trabajo\/wp-json\/wp\/v2\/tags?post=866"}],"curies":[{"name":"wp","href":"https:\/\/api.w.org\/{rel}","templated":true}]}}