{"id":859,"date":"2019-08-13T20:00:47","date_gmt":"2019-08-14T01:00:47","guid":{"rendered":"https:\/\/www.tamaulipas.gob.mx\/trabajo\/?p=859"},"modified":"2019-08-28T09:31:45","modified_gmt":"2019-08-28T14:31:45","slug":"fomentan-la-inclusion-laboral-en-personas-con-discapacidad-y-adultos-mayores","status":"publish","type":"post","link":"https:\/\/www.tamaulipas.gob.mx\/trabajo\/2019\/08\/fomentan-la-inclusion-laboral-en-personas-con-discapacidad-y-adultos-mayores\/","title":{"rendered":"Fomentan la inclusi\u00f3n laboral en personas con discapacidad y adultos mayores"},"content":{"rendered":"<p><em><strong>Con la estrategia \u201cAbriendo Espacios\u201d, buscan ofrecer mejores condiciones de vida a personas en situaci\u00f3n de vulnerabilidad.<\/strong><\/em><\/p>\n<p style=\"text-align: right;\">ST-039-2019<\/p>\n<p>Agosto 13 del 2019<\/p>\n<p>Ciudad Victoria, Tamaulipas.- Mediante la estrategia \u201cAbriendo Espacios\u201d, el Gobierno del Estado ayuda a las personas con discapacidad y adultos mayores, fomentando o vincul\u00e1ndolos a un empleo, que les ofrezca mejores condiciones de vida.<\/p>\n<p>Lo anterior, lo confirm\u00f3 la Secretaria del Trabajo, Mar\u00eda Estela Chavira Mart\u00ednez, qui\u00e9n dijo que dichas acciones, que coordina el Servicio Nacional de Empleo Tamaulipas, tienen como objetivo reducir las dificultades de la poblaci\u00f3n en situaci\u00f3n de vulnerabilidad, para encontrar un trabajo.<\/p>\n<p>\u201cEl Gobernador Francisco Garc\u00eda Cabeza de Vaca, promueve la inclusi\u00f3n laboral, para que las personas, sobre todo con discapacidad, tengan las oportunidades econ\u00f3micas que les permita una existencia digna\u201d.<\/p>\n<p>La funcionaria, asegur\u00f3 que en lo que va del a\u00f1o, m\u00e1s de 650 personas con alg\u00fan tipo de discapacidad han sido atendidas en las unidades del SNE Tamaulipas, ofert\u00e1ndoles m\u00e1s de 135 vacantes as\u00ed como m\u00e1s de 573 plazas.<\/p>\n<p>\u201cHemos logrado colocar a 114 personas; adultos mayores o con discapacidad auditiva, visual, motriz o mental, en empleos del sector comercial, industrial y de servicios, en \u00e1reas como operarios, cajeros, almacenistas o intendentes entre otros\u201d.<\/p>\n<p>En cuanto a personas con discapacidad, suman 105 hombres y 41 personas atendidas, as\u00ed mismo han sido colocados 30 hombres y 2 mujeres en diversos oficios; los adultos mayores atendidos, han sido 343 hombres y 162 mujeres, y colocados 65 hombres y 17 mujeres.<\/p>\n<p>Expuso que el Gobierno del Estado, mantiene relaci\u00f3n con otras instituciones como el CREE del Sistema DIF, y a trav\u00e9s del programa \u201cValpar\u201d, se brinda orientaci\u00f3n para colocar a las personas en un empleo acorde a sus conocimientos, habilidades y capacidades.<\/p>\n<p>Estela Chivara, apunt\u00f3 que las personas con discapacidad son un ejemplo por sus grandes m\u00e9ritos, voluntad y determinaci\u00f3n, y es el gobernador quien brinda especial atenci\u00f3n a este sector de la poblaci\u00f3n.<\/p>\n<h3 style=\"text-align: center;\"><\/h3>\n<p style=\"text-align: center;\">###<\/p>\n<p>&nbsp;<\/p>\n<p>&nbsp;<\/p>\n<div class='owl-gallery'><div class='item'><a href='https:\/\/www.tamaulipas.gob.mx\/trabajo\/wp-content\/uploads\/sites\/11\/2019\/08\/abriendoespacios-4.jpeg' rel='galeria'><img src='https:\/\/www.tamaulipas.gob.mx\/trabajo\/wp-content\/uploads\/sites\/11\/2019\/08\/abriendoespacios-4-850x500.jpeg' srcset='' sizes='auto' alt=''><\/a><figcaption><\/figcaption><\/div><div class='item'><a href='https:\/\/www.tamaulipas.gob.mx\/trabajo\/wp-content\/uploads\/sites\/11\/2019\/08\/abriendoespacios-3.jpeg' rel='galeria'><img src='https:\/\/www.tamaulipas.gob.mx\/trabajo\/wp-content\/uploads\/sites\/11\/2019\/08\/abriendoespacios-3-850x500.jpeg' srcset='' sizes='auto' alt=''><\/a><figcaption><\/figcaption><\/div><div class='item'><a href='https:\/\/www.tamaulipas.gob.mx\/trabajo\/wp-content\/uploads\/sites\/11\/2019\/08\/abriendoespacios-2.jpeg' rel='galeria'><img src='https:\/\/www.tamaulipas.gob.mx\/trabajo\/wp-content\/uploads\/sites\/11\/2019\/08\/abriendoespacios-2-850x500.jpeg' srcset='' sizes='auto' alt=''><\/a><figcaption><\/figcaption><\/div><div class='item'><a href='https:\/\/www.tamaulipas.gob.mx\/trabajo\/wp-content\/uploads\/sites\/11\/2019\/08\/abriendoespacios-1.jpeg' rel='galeria'><img src='https:\/\/www.tamaulipas.gob.mx\/trabajo\/wp-content\/uploads\/sites\/11\/2019\/08\/abriendoespacios-1-850x500.jpeg' srcset='' sizes='auto' alt=''><\/a><figcaption><\/figcaption><\/div><\/div>\n<p>&nbsp;<\/p>\n","protected":false},"excerpt":{"rendered":"<p>Con la estrategia \u201cAbriendo Espacios\u201d, buscan ofrecer mejores condiciones de vida a personas en situaci\u00f3n de vulnerabilidad. ST-039-2019 Agosto 13 del 2019 Ciudad Victoria, Tamaulipas.-\u2026<\/p>\n","protected":false},"author":63,"featured_media":860,"comment_status":"closed","ping_status":"closed","sticky":false,"template":"","format":"standard","meta":{"footnotes":""},"categories":[1],"tags":[],"class_list":["post-859","post","type-post","status-publish","format-standard","has-post-thumbnail","hentry","category-prensa"],"publishpress_future_action":{"enabled":false,"date":"2026-05-08 08:01:14","action":"change-status","newStatus":"draft","terms":[],"taxonomy":"category"},"_links":{"self":[{"href":"https:\/\/www.tamaulipas.gob.mx\/trabajo\/wp-json\/wp\/v2\/posts\/859"}],"collection":[{"href":"https:\/\/www.tamaulipas.gob.mx\/trabajo\/wp-json\/wp\/v2\/posts"}],"about":[{"href":"https:\/\/www.tamaulipas.gob.mx\/trabajo\/wp-json\/wp\/v2\/types\/post"}],"author":[{"embeddable":true,"href":"https:\/\/www.tamaulipas.gob.mx\/trabajo\/wp-json\/wp\/v2\/users\/63"}],"replies":[{"embeddable":true,"href":"https:\/\/www.tamaulipas.gob.mx\/trabajo\/wp-json\/wp\/v2\/comments?post=859"}],"version-history":[{"count":3,"href":"https:\/\/www.tamaulipas.gob.mx\/trabajo\/wp-json\/wp\/v2\/posts\/859\/revisions"}],"predecessor-version":[{"id":876,"href":"https:\/\/www.tamaulipas.gob.mx\/trabajo\/wp-json\/wp\/v2\/posts\/859\/revisions\/876"}],"wp:featuredmedia":[{"embeddable":true,"href":"https:\/\/www.tamaulipas.gob.mx\/trabajo\/wp-json\/wp\/v2\/media\/860"}],"wp:attachment":[{"href":"https:\/\/www.tamaulipas.gob.mx\/trabajo\/wp-json\/wp\/v2\/media?parent=859"}],"wp:term":[{"taxonomy":"category","embeddable":true,"href":"https:\/\/www.tamaulipas.gob.mx\/trabajo\/wp-json\/wp\/v2\/categories?post=859"},{"taxonomy":"post_tag","embeddable":true,"href":"https:\/\/www.tamaulipas.gob.mx\/trabajo\/wp-json\/wp\/v2\/tags?post=859"}],"curies":[{"name":"wp","href":"https:\/\/api.w.org\/{rel}","templated":true}]}}