{"id":849,"date":"2019-08-06T20:00:22","date_gmt":"2019-08-07T01:00:22","guid":{"rendered":"https:\/\/www.tamaulipas.gob.mx\/trabajo\/?p=849"},"modified":"2019-08-07T14:30:22","modified_gmt":"2019-08-07T19:30:22","slug":"en-tamaulipas-se-asumen-retos-para-implementar-nueva-reforma-a-la-ley-federal-del-trabajo","status":"publish","type":"post","link":"https:\/\/www.tamaulipas.gob.mx\/trabajo\/2019\/08\/en-tamaulipas-se-asumen-retos-para-implementar-nueva-reforma-a-la-ley-federal-del-trabajo\/","title":{"rendered":"En Tamaulipas se asumen retos para implementar nueva Reforma a la Ley Federal del Trabajo"},"content":{"rendered":"<p><em><strong>Participa Secretaria del Trabajo en Foro Laboral realizado en Ciudad Ju\u00e1rez.<\/strong><\/em><\/p>\n<p style=\"text-align: right;\">ST-038-2019<\/p>\n<p>Agosto 6 del 2019<\/p>\n<p>Ciudad Ju\u00e1rez Chihuahua.- El Gobierno de Tamaulipas desarrolla acciones para llevar a cabo la implementaci\u00f3n de la Reforma a la Ley Federal del Trabajo, dijo Mar\u00eda Estela Chavira Mart\u00ednez, secretaria del Trabajo, en su participaci\u00f3n en el Foro Laboral APTIV 2019.<\/p>\n<p>El evento tuvo como objetivo conocer el desarrollo en cuanto a la ejecuci\u00f3n de la Reforma Laboral y los procesos que llevan a cabo los estados en dicha materia.<\/p>\n<p>En un panel de preguntas y respuestas, en el que participaron representantes del Trabajo de Chihuahua y Sonora,\u00a0 la responsable de la pol\u00edtica laboral en Tamaulipas, dijo que la entidad, desde el 2017 ha hecho comisiones interinstitucionales y mediante pl\u00e1ticas con los Poderes Judicial y Legislativo, prepara las adecuaciones que deber\u00e1n realizarse a las leyes locales y estructuras org\u00e1nicas del Poder Judicial y del Ejecutivo Estatal.<\/p>\n<p>\u201cLlevamos estudios para dise\u00f1ar estrategias y abatir el rezago procesal, as\u00ed mismo fijamos tiempos para la extinci\u00f3n de instancias e integramos un grupo para dise\u00f1ar el Centro de Conciliaci\u00f3n Laboral\u201d.<\/p>\n<p>Asever\u00f3 que en Tamaulipas, derivado a las t\u00e1cticas implementadas por el ejecutivo, se superaron retos como las elecciones de representante obrero-patronal, adscritos a las Juntas de Conciliaci\u00f3n, as\u00ed como los conflictos huelguistas que se suscitaron en la Ciudad de Matamoros.<\/p>\n<p>En el Foro Laboral, se desarrollaron ponencias encaminadas a conocer y entender los desaf\u00edos que se enfrentar\u00e1n con los pr\u00f3ximos cambios a la Reforma, para asumir y cumplir con la Ley Federal del Trabajo.<\/p>\n<p>En el foro, estuvo presente Alfredo Dom\u00ednguez Marrufo, Subsecretario del Trabajo de la STPS; el Gobernador de Chihuahua Javier Corral Jurado; abogados, expertos en derecho laboral y personal de la industria maquiladora.<\/p>\n<p>&nbsp;<\/p>\n<p style=\"text-align: center;\">###<\/p>\n<p>&nbsp;<\/p>\n<div class='owl-gallery'><div class='item'><a href='https:\/\/www.tamaulipas.gob.mx\/trabajo\/wp-content\/uploads\/sites\/11\/2019\/08\/foro-laboral-1.jpg' rel='galeria'><img src='https:\/\/www.tamaulipas.gob.mx\/trabajo\/wp-content\/uploads\/sites\/11\/2019\/08\/foro-laboral-1-850x500.jpg' srcset='' sizes='auto' alt=''><\/a><figcaption><\/figcaption><\/div><div class='item'><a href='https:\/\/www.tamaulipas.gob.mx\/trabajo\/wp-content\/uploads\/sites\/11\/2019\/08\/foro-laboral-2.jpg' rel='galeria'><img src='https:\/\/www.tamaulipas.gob.mx\/trabajo\/wp-content\/uploads\/sites\/11\/2019\/08\/foro-laboral-2-850x500.jpg' srcset='' sizes='auto' alt=''><\/a><figcaption><\/figcaption><\/div><div class='item'><a href='https:\/\/www.tamaulipas.gob.mx\/trabajo\/wp-content\/uploads\/sites\/11\/2019\/08\/foro-laboral-3.jpg' rel='galeria'><img src='https:\/\/www.tamaulipas.gob.mx\/trabajo\/wp-content\/uploads\/sites\/11\/2019\/08\/foro-laboral-3-850x500.jpg' srcset='' sizes='auto' alt=''><\/a><figcaption><\/figcaption><\/div><div class='item'><a href='https:\/\/www.tamaulipas.gob.mx\/trabajo\/wp-content\/uploads\/sites\/11\/2019\/08\/foro-laboral-4.jpg' rel='galeria'><img src='https:\/\/www.tamaulipas.gob.mx\/trabajo\/wp-content\/uploads\/sites\/11\/2019\/08\/foro-laboral-4-850x500.jpg' srcset='' sizes='auto' alt=''><\/a><figcaption><\/figcaption><\/div><div class='item'><a href='https:\/\/www.tamaulipas.gob.mx\/trabajo\/wp-content\/uploads\/sites\/11\/2019\/08\/foro-laboral-5.jpg' rel='galeria'><img src='https:\/\/www.tamaulipas.gob.mx\/trabajo\/wp-content\/uploads\/sites\/11\/2019\/08\/foro-laboral-5-850x500.jpg' srcset='' sizes='auto' alt=''><\/a><figcaption><\/figcaption><\/div><div class='item'><a href='https:\/\/www.tamaulipas.gob.mx\/trabajo\/wp-content\/uploads\/sites\/11\/2019\/08\/foro-laboral-6.jpg' rel='galeria'><img src='https:\/\/www.tamaulipas.gob.mx\/trabajo\/wp-content\/uploads\/sites\/11\/2019\/08\/foro-laboral-6-850x500.jpg' srcset='' sizes='auto' alt=''><\/a><figcaption><\/figcaption><\/div><\/div>\n","protected":false},"excerpt":{"rendered":"<p>Participa Secretaria del Trabajo en Foro Laboral realizado en Ciudad Ju\u00e1rez. ST-038-2019 Agosto 6 del 2019 Ciudad Ju\u00e1rez Chihuahua.- El Gobierno de Tamaulipas desarrolla acciones\u2026<\/p>\n","protected":false},"author":63,"featured_media":854,"comment_status":"closed","ping_status":"closed","sticky":false,"template":"","format":"standard","meta":{"footnotes":""},"categories":[1],"tags":[],"class_list":["post-849","post","type-post","status-publish","format-standard","has-post-thumbnail","hentry","category-prensa"],"publishpress_future_action":{"enabled":false,"date":"2026-05-08 08:00:30","action":"change-status","newStatus":"draft","terms":[],"taxonomy":"category"},"_links":{"self":[{"href":"https:\/\/www.tamaulipas.gob.mx\/trabajo\/wp-json\/wp\/v2\/posts\/849"}],"collection":[{"href":"https:\/\/www.tamaulipas.gob.mx\/trabajo\/wp-json\/wp\/v2\/posts"}],"about":[{"href":"https:\/\/www.tamaulipas.gob.mx\/trabajo\/wp-json\/wp\/v2\/types\/post"}],"author":[{"embeddable":true,"href":"https:\/\/www.tamaulipas.gob.mx\/trabajo\/wp-json\/wp\/v2\/users\/63"}],"replies":[{"embeddable":true,"href":"https:\/\/www.tamaulipas.gob.mx\/trabajo\/wp-json\/wp\/v2\/comments?post=849"}],"version-history":[{"count":2,"href":"https:\/\/www.tamaulipas.gob.mx\/trabajo\/wp-json\/wp\/v2\/posts\/849\/revisions"}],"predecessor-version":[{"id":857,"href":"https:\/\/www.tamaulipas.gob.mx\/trabajo\/wp-json\/wp\/v2\/posts\/849\/revisions\/857"}],"wp:featuredmedia":[{"embeddable":true,"href":"https:\/\/www.tamaulipas.gob.mx\/trabajo\/wp-json\/wp\/v2\/media\/854"}],"wp:attachment":[{"href":"https:\/\/www.tamaulipas.gob.mx\/trabajo\/wp-json\/wp\/v2\/media?parent=849"}],"wp:term":[{"taxonomy":"category","embeddable":true,"href":"https:\/\/www.tamaulipas.gob.mx\/trabajo\/wp-json\/wp\/v2\/categories?post=849"},{"taxonomy":"post_tag","embeddable":true,"href":"https:\/\/www.tamaulipas.gob.mx\/trabajo\/wp-json\/wp\/v2\/tags?post=849"}],"curies":[{"name":"wp","href":"https:\/\/api.w.org\/{rel}","templated":true}]}}