{"id":841,"date":"2019-08-01T20:00:38","date_gmt":"2019-08-02T01:00:38","guid":{"rendered":"https:\/\/www.tamaulipas.gob.mx\/trabajo\/?p=841"},"modified":"2019-08-07T14:26:02","modified_gmt":"2019-08-07T19:26:02","slug":"tiene-tamaulipas-la-tasa-de-desempleo-mas-baja-en-14-anos","status":"publish","type":"post","link":"https:\/\/www.tamaulipas.gob.mx\/trabajo\/2019\/08\/tiene-tamaulipas-la-tasa-de-desempleo-mas-baja-en-14-anos\/","title":{"rendered":"Tiene Tamaulipas la tasa de desempleo m\u00e1s baja en 14 a\u00f1os"},"content":{"rendered":"<p><em><strong>De acuerdo al INEGI, el desempleo en el estado disminuy\u00f3 de un 4.55 % a un 3.11 %, avanzando del n\u00famero 23 al lugar n\u00famero 14 de las entidades con menos desempleo.<\/strong><\/em><\/p>\n<p style=\"text-align: right;\">ST-037-2019<\/p>\n<p>Agosto 1 del 2019<\/p>\n<p style=\"text-align: justify;\">Ciudad Victoria Tamaulipas.-\u00a0 La implementaci\u00f3n de pol\u00edticas p\u00fablicas y laborales as\u00ed como las estrategias de inversi\u00f3n, fomentadas por el Gobernador Francisco Garc\u00eda Cabeza de Vaca, lograron que Tamaulipas redujera su tasa anual de desempleo.<\/p>\n<p style=\"text-align: justify;\">Con los programas de vinculaci\u00f3n, bolsa de trabajo, ferias de empleo entre otros servicios que ofrece el Gobierno del Estado, mediante la Secretar\u00eda del Trabajo, en coordinaci\u00f3n con el Servicio Nacional de Empleo Tamaulipas, se gener\u00f3 estabilidad laboral.<\/p>\n<p style=\"text-align: justify;\">Mar\u00eda Estela Chavira Mart\u00ednez, titular de la dependencia estatal, dijo que institutos encargados de registrar y dar a conocer estad\u00edsticas, colocan a Tamaulipas como una de las entidades que sobresalen en cuanto al tema laboral a nivel nacional.<\/p>\n<p style=\"text-align: justify;\">\u201cA inicios de la administraci\u00f3n, de acuerdo a los datos del INEGI, el desempleo en la entidad ha disminuido de un 4.55 % a un 3.11 %, esto por debajo de la tasa de desempleo a nivel nacional que se ubica en un 3.56 %; y de estar en el lugar n\u00famero 23, pas\u00f3 al lugar n\u00famero 14, de las entidades con menos desempleo, lo que representa la tasa m\u00e1s baja desde el 2005, desde que el instituto tiene registro de este dato\u201d dijo la funcionaria.<\/p>\n<p style=\"text-align: justify;\">Asever\u00f3 que tan solo en lo que va de la administraci\u00f3n, el Gobierno del Estado ha creado m\u00e1s de 64 mil 495 empleos, de los cuales cerca de 45 mil han sido gestionados mediante la Secretar\u00eda del Trabajo.<\/p>\n<p style=\"text-align: justify;\">Estela Chavira Mart\u00ednez, expuso que el Gobernador sigue posicionando a Tamaulipas en lugares competitivos que generan certidumbre y confianza a los inversionistas.<\/p>\n<p style=\"text-align: justify;\">\u201cEstamos dentro del escenario nacional como una entidad que ha superado indicadores y que sigue, a pesar de la coyuntura de la pol\u00edtica laboral mexicana, con buenos resultados\u201d.<\/p>\n<p style=\"text-align: justify;\">Dijo que las expectativas, son de crecimiento laboral, redoblar esfuerzos y estar dentro del Top 10, de los estados con menor \u00edndice de desempleo.<\/p>\n<p style=\"text-align: center;\">###<\/p>\n<p>&nbsp;<\/p>\n<div class='owl-gallery'><div class='item'><a href='https:\/\/www.tamaulipas.gob.mx\/trabajo\/wp-content\/uploads\/sites\/11\/2019\/08\/baja-desempleo-1.jpg' rel='galeria'><img src='https:\/\/www.tamaulipas.gob.mx\/trabajo\/wp-content\/uploads\/sites\/11\/2019\/08\/baja-desempleo-1-850x500.jpg' srcset='' sizes='auto' alt=''><\/a><figcaption><\/figcaption><\/div><div class='item'><a href='https:\/\/www.tamaulipas.gob.mx\/trabajo\/wp-content\/uploads\/sites\/11\/2019\/08\/baja-desempleo-2.jpg' rel='galeria'><img src='https:\/\/www.tamaulipas.gob.mx\/trabajo\/wp-content\/uploads\/sites\/11\/2019\/08\/baja-desempleo-2-850x500.jpg' srcset='' sizes='auto' alt=''><\/a><figcaption><\/figcaption><\/div><div class='item'><a href='https:\/\/www.tamaulipas.gob.mx\/trabajo\/wp-content\/uploads\/sites\/11\/2019\/08\/baja-desempleo-3.jpg' rel='galeria'><img src='https:\/\/www.tamaulipas.gob.mx\/trabajo\/wp-content\/uploads\/sites\/11\/2019\/08\/baja-desempleo-3-850x500.jpg' srcset='' sizes='auto' alt=''><\/a><figcaption><\/figcaption><\/div><div class='item'><a href='https:\/\/www.tamaulipas.gob.mx\/trabajo\/wp-content\/uploads\/sites\/11\/2019\/08\/baja-desempleo-4.jpg' rel='galeria'><img src='https:\/\/www.tamaulipas.gob.mx\/trabajo\/wp-content\/uploads\/sites\/11\/2019\/08\/baja-desempleo-4-850x500.jpg' srcset='' sizes='auto' alt=''><\/a><figcaption><\/figcaption><\/div><div class='item'><a href='https:\/\/www.tamaulipas.gob.mx\/trabajo\/wp-content\/uploads\/sites\/11\/2019\/08\/baja-desempleo-5.jpg' rel='galeria'><img src='https:\/\/www.tamaulipas.gob.mx\/trabajo\/wp-content\/uploads\/sites\/11\/2019\/08\/baja-desempleo-5-850x500.jpg' srcset='' sizes='auto' alt=''><\/a><figcaption><\/figcaption><\/div><div class='item'><a href='https:\/\/www.tamaulipas.gob.mx\/trabajo\/wp-content\/uploads\/sites\/11\/2019\/08\/baja-desempleo-6.jpg' rel='galeria'><img src='https:\/\/www.tamaulipas.gob.mx\/trabajo\/wp-content\/uploads\/sites\/11\/2019\/08\/baja-desempleo-6-850x500.jpg' srcset='' sizes='auto' alt=''><\/a><figcaption><\/figcaption><\/div><\/div>\n","protected":false},"excerpt":{"rendered":"<p>De acuerdo al INEGI, el desempleo en el estado disminuy\u00f3 de un 4.55 % a un 3.11 %, avanzando del n\u00famero 23 al lugar n\u00famero\u2026<\/p>\n","protected":false},"author":63,"featured_media":844,"comment_status":"closed","ping_status":"closed","sticky":false,"template":"","format":"standard","meta":{"footnotes":""},"categories":[1],"tags":[],"class_list":["post-841","post","type-post","status-publish","format-standard","has-post-thumbnail","hentry","category-prensa"],"publishpress_future_action":{"enabled":false,"date":"2026-05-08 08:08:41","action":"change-status","newStatus":"draft","terms":[],"taxonomy":"category"},"_links":{"self":[{"href":"https:\/\/www.tamaulipas.gob.mx\/trabajo\/wp-json\/wp\/v2\/posts\/841"}],"collection":[{"href":"https:\/\/www.tamaulipas.gob.mx\/trabajo\/wp-json\/wp\/v2\/posts"}],"about":[{"href":"https:\/\/www.tamaulipas.gob.mx\/trabajo\/wp-json\/wp\/v2\/types\/post"}],"author":[{"embeddable":true,"href":"https:\/\/www.tamaulipas.gob.mx\/trabajo\/wp-json\/wp\/v2\/users\/63"}],"replies":[{"embeddable":true,"href":"https:\/\/www.tamaulipas.gob.mx\/trabajo\/wp-json\/wp\/v2\/comments?post=841"}],"version-history":[{"count":1,"href":"https:\/\/www.tamaulipas.gob.mx\/trabajo\/wp-json\/wp\/v2\/posts\/841\/revisions"}],"predecessor-version":[{"id":848,"href":"https:\/\/www.tamaulipas.gob.mx\/trabajo\/wp-json\/wp\/v2\/posts\/841\/revisions\/848"}],"wp:featuredmedia":[{"embeddable":true,"href":"https:\/\/www.tamaulipas.gob.mx\/trabajo\/wp-json\/wp\/v2\/media\/844"}],"wp:attachment":[{"href":"https:\/\/www.tamaulipas.gob.mx\/trabajo\/wp-json\/wp\/v2\/media?parent=841"}],"wp:term":[{"taxonomy":"category","embeddable":true,"href":"https:\/\/www.tamaulipas.gob.mx\/trabajo\/wp-json\/wp\/v2\/categories?post=841"},{"taxonomy":"post_tag","embeddable":true,"href":"https:\/\/www.tamaulipas.gob.mx\/trabajo\/wp-json\/wp\/v2\/tags?post=841"}],"curies":[{"name":"wp","href":"https:\/\/api.w.org\/{rel}","templated":true}]}}