{"id":825,"date":"2019-07-25T20:00:10","date_gmt":"2019-07-26T01:00:10","guid":{"rendered":"https:\/\/www.tamaulipas.gob.mx\/trabajo\/?p=825"},"modified":"2019-08-07T14:19:20","modified_gmt":"2019-08-07T19:19:20","slug":"refuerzan-acciones-y-anticipan-mesas-de-dialogo-para-cimentar-la-justicia-laboral-en-tamaulipas","status":"publish","type":"post","link":"https:\/\/www.tamaulipas.gob.mx\/trabajo\/2019\/07\/refuerzan-acciones-y-anticipan-mesas-de-dialogo-para-cimentar-la-justicia-laboral-en-tamaulipas\/","title":{"rendered":"Refuerzan acciones y anticipan mesas de di\u00e1logo, para cimentar la justicia laboral en Tamaulipas"},"content":{"rendered":"<p><em><strong>El Gobierno del Estado ha anticipado los cambios en material laboral, incrementando el n\u00famero de conciliadores, para ofrecer la certeza jur\u00eddica que merecen los ciudadanos.\u00a0<\/strong><\/em><\/p>\n<p style=\"text-align: right;\">ST-035-2019<\/p>\n<p>Julio 25 del 2019<\/p>\n<p>Ciudad Victoria Tamaulipas.- El dise\u00f1o de programas y el plan de trabajo aprobado por el Gobernador Francisco Garc\u00eda Cabeza de Vaca, para abatir el rezago de expedientes en las Juntas de Conciliaci\u00f3n y Arbitraje, ha generado que los tamaulipecos recurran a la conciliaci\u00f3n, como m\u00e9todo de construcci\u00f3n para una Cultura de Paz Laboral.<\/p>\n<p>Al ser aprobada la Reforma Laboral, el pasado 1 de mayo, la Secretar\u00eda del Trabajo, ha reforzado las acciones para promover las mesas de di\u00e1logo en los principales municipios, y avanzar en los esquemas de colaboraci\u00f3n, para lograr la transici\u00f3n de las juntas a los tribunales laborales.<\/p>\n<p>Mar\u00eda Estela Chavira Mart\u00ednez, encargada de la pol\u00edtica laboral en la entidad, dio a conocer que desde el inicio de la presente administraci\u00f3n, el Gobierno del Estado ha anticipado los cambios en material laboral, incrementando el n\u00famero de conciliadores, para ofrecer la certeza jur\u00eddica que merecen los ciudadanos.<\/p>\n<p>\u201cYa Tamaulipas se adelant\u00f3, nos pidieron un t\u00e9rmino y estamos trabajando, de hecho tenemos estad\u00edsticas que nos arrojan un aumento de asesor\u00edas, convenios y platicas conciliatorias\u201d.<\/p>\n<p>Con la Reforma Laboral, se busca mejorar la impartici\u00f3n de justicia en el pa\u00eds, y resalt\u00f3 que la entidad est\u00e1 preparada para dejar los cimientos y comenzar una nueva etapa de impartici\u00f3n de justicia.<\/p>\n<p>La funcionaria dijo que a la fecha, la Direcci\u00f3n de Conciliaci\u00f3n y Relaciones Laborales, ha celebrado m\u00e1s de 2 mil 545 convenios, ha atendido m\u00e1s de 6 mil 810 asesor\u00edas, brindado m\u00e1s de 2 mil 631 platicas conciliatorias, y ha gestionado para los trabajadores, m\u00e1s de 56 millones 696 mil 643 pesos.<\/p>\n<p>Chavira Mart\u00ednez, refiri\u00f3 que los cambios, traer\u00e1n consigo estabilidad social y econ\u00f3mica, y garantizar\u00e1n procedimientos cortos y transparentes.<\/p>\n<p>&nbsp;<\/p>\n<p style=\"text-align: center;\">###<\/p>\n<p>&nbsp;<\/p>\n<div class='owl-gallery'><div class='item'><a href='https:\/\/www.tamaulipas.gob.mx\/trabajo\/wp-content\/uploads\/sites\/11\/2019\/08\/conciliacion-1.jpg' rel='galeria'><img src='https:\/\/www.tamaulipas.gob.mx\/trabajo\/wp-content\/uploads\/sites\/11\/2019\/08\/conciliacion-1-850x500.jpg' srcset='' sizes='auto' alt=''><\/a><figcaption><\/figcaption><\/div><div class='item'><a href='https:\/\/www.tamaulipas.gob.mx\/trabajo\/wp-content\/uploads\/sites\/11\/2019\/08\/conciliacion-2.jpg' rel='galeria'><img src='https:\/\/www.tamaulipas.gob.mx\/trabajo\/wp-content\/uploads\/sites\/11\/2019\/08\/conciliacion-2-850x500.jpg' srcset='' sizes='auto' alt=''><\/a><figcaption><\/figcaption><\/div><div class='item'><a href='https:\/\/www.tamaulipas.gob.mx\/trabajo\/wp-content\/uploads\/sites\/11\/2019\/08\/conciliacion-3.jpg' rel='galeria'><img src='https:\/\/www.tamaulipas.gob.mx\/trabajo\/wp-content\/uploads\/sites\/11\/2019\/08\/conciliacion-3-850x500.jpg' srcset='' sizes='auto' alt=''><\/a><figcaption><\/figcaption><\/div><div class='item'><a href='https:\/\/www.tamaulipas.gob.mx\/trabajo\/wp-content\/uploads\/sites\/11\/2019\/08\/conciliacion-5.jpg' rel='galeria'><img src='https:\/\/www.tamaulipas.gob.mx\/trabajo\/wp-content\/uploads\/sites\/11\/2019\/08\/conciliacion-5-850x500.jpg' srcset='' sizes='auto' alt=''><\/a><figcaption><\/figcaption><\/div><div class='item'><a href='https:\/\/www.tamaulipas.gob.mx\/trabajo\/wp-content\/uploads\/sites\/11\/2019\/08\/conciliacion-6.jpeg' rel='galeria'><img src='https:\/\/www.tamaulipas.gob.mx\/trabajo\/wp-content\/uploads\/sites\/11\/2019\/08\/conciliacion-6-850x500.jpeg' srcset='' sizes='auto' alt=''><\/a><figcaption><\/figcaption><\/div><\/div>\n","protected":false},"excerpt":{"rendered":"<p>El Gobierno del Estado ha anticipado los cambios en material laboral, incrementando el n\u00famero de conciliadores, para ofrecer la certeza jur\u00eddica que merecen los ciudadanos.\u00a0\u2026<\/p>\n","protected":false},"author":63,"featured_media":0,"comment_status":"closed","ping_status":"closed","sticky":false,"template":"","format":"standard","meta":{"footnotes":""},"categories":[1],"tags":[],"class_list":["post-825","post","type-post","status-publish","format-standard","hentry","category-prensa"],"publishpress_future_action":{"enabled":false,"date":"2026-05-08 08:01:06","action":"change-status","newStatus":"draft","terms":[],"taxonomy":"category"},"_links":{"self":[{"href":"https:\/\/www.tamaulipas.gob.mx\/trabajo\/wp-json\/wp\/v2\/posts\/825"}],"collection":[{"href":"https:\/\/www.tamaulipas.gob.mx\/trabajo\/wp-json\/wp\/v2\/posts"}],"about":[{"href":"https:\/\/www.tamaulipas.gob.mx\/trabajo\/wp-json\/wp\/v2\/types\/post"}],"author":[{"embeddable":true,"href":"https:\/\/www.tamaulipas.gob.mx\/trabajo\/wp-json\/wp\/v2\/users\/63"}],"replies":[{"embeddable":true,"href":"https:\/\/www.tamaulipas.gob.mx\/trabajo\/wp-json\/wp\/v2\/comments?post=825"}],"version-history":[{"count":2,"href":"https:\/\/www.tamaulipas.gob.mx\/trabajo\/wp-json\/wp\/v2\/posts\/825\/revisions"}],"predecessor-version":[{"id":832,"href":"https:\/\/www.tamaulipas.gob.mx\/trabajo\/wp-json\/wp\/v2\/posts\/825\/revisions\/832"}],"wp:attachment":[{"href":"https:\/\/www.tamaulipas.gob.mx\/trabajo\/wp-json\/wp\/v2\/media?parent=825"}],"wp:term":[{"taxonomy":"category","embeddable":true,"href":"https:\/\/www.tamaulipas.gob.mx\/trabajo\/wp-json\/wp\/v2\/categories?post=825"},{"taxonomy":"post_tag","embeddable":true,"href":"https:\/\/www.tamaulipas.gob.mx\/trabajo\/wp-json\/wp\/v2\/tags?post=825"}],"curies":[{"name":"wp","href":"https:\/\/api.w.org\/{rel}","templated":true}]}}