{"id":819,"date":"2019-07-22T20:00:27","date_gmt":"2019-07-23T01:00:27","guid":{"rendered":"https:\/\/www.tamaulipas.gob.mx\/trabajo\/?p=819"},"modified":"2019-08-07T14:16:40","modified_gmt":"2019-08-07T19:16:40","slug":"8-mil-615-personas-beneficiadas-con-los-talleres-para-buscadores-de-empleo","status":"publish","type":"post","link":"https:\/\/www.tamaulipas.gob.mx\/trabajo\/2019\/07\/8-mil-615-personas-beneficiadas-con-los-talleres-para-buscadores-de-empleo\/","title":{"rendered":"8 mil 615 personas beneficiadas con los Talleres para Buscadores de Empleo"},"content":{"rendered":"<p><em><strong>El Gobernador Francisco Garc\u00eda Cabeza de Vaca, en su pol\u00edtica laboral, le apuesta al trabajo formal, que genere un mejor bienestar ciudadano.<\/strong><\/em><\/p>\n<p style=\"text-align: right;\">ST-034-2019<\/p>\n<p>Julio 22 del 2019<\/p>\n<p>Ciudad Victoria Tamaulipas.- Con los Talleres para Buscadores de Empleo (TBE), el Gobierno del Estado brinda orientaci\u00f3n y las herramientas a los tamaulipecos, para que encuentren y conserven un empleo acorde a su perfil.<\/p>\n<p>La Secretar\u00eda del Trabajo en coordinaci\u00f3n con el Servicio Nacional de Empleo Tamaulipas, ha puesto al alcance de estudiantes, las t\u00e9cnicas e instrumentos, para que adquieran habilidades, experiencias o competencias, y puedan ser requeridos al momento de una contrataci\u00f3n.<\/p>\n<p>La titular de la dependencia, Mar\u00eda Estela Chavira Mart\u00ednez, dijo que el Gobernador Francisco Garc\u00eda Cabeza de Vaca, en su pol\u00edtica laboral, le apuesta al trabajo formal, que genere un mejor bienestar ciudadano.<\/p>\n<p>\u201cEl objetivo de los talleres, es el de guiar a quienes van en busca de su primer trabajo, hacer m\u00e1s eficientes sus recursos y logren en un menor tiempo y con \u00e9xito un empleo\u201d.<\/p>\n<p>Mediante esta estrategia, se ha brindado en lo que va del presente ejercicio, m\u00e1s de 250 talleres en planteles educativos de nivel medio superior e instituciones p\u00fablicas, beneficiado a m\u00e1s de 8 mil 615 personas, de los cuales 4 mil 500 han sido hombres y 4 mil 115 mujeres.<\/p>\n<p>Los talleres, impartidos por instructores capacitados, comprenden temas referentes a la b\u00fasqueda de trabajo, actitudes, como integrar un curr\u00edculo, como prepararse para una entrevista, elaboraci\u00f3n de una carta de presentaci\u00f3n, adem\u00e1s de incluir instrumentos de evaluaci\u00f3n e interacci\u00f3n.<\/p>\n<p>Chavira Mart\u00ednez, confirm\u00f3 que a trav\u00e9s de estas acciones, se complementan experiencias para los buscadores de empleo, y se garantiza una estabilidad laboral as\u00ed como calidad de vida para las familias.<\/p>\n<p>&nbsp;<\/p>\n<p style=\"text-align: center;\">###<\/p>\n<p>&nbsp;<\/p>\n<div class='owl-gallery'><div class='item'><a href='https:\/\/www.tamaulipas.gob.mx\/trabajo\/wp-content\/uploads\/sites\/11\/2019\/08\/tbe-1.jpeg' rel='galeria'><img src='https:\/\/www.tamaulipas.gob.mx\/trabajo\/wp-content\/uploads\/sites\/11\/2019\/08\/tbe-1-850x500.jpeg' srcset='' sizes='auto' alt=''><\/a><figcaption><\/figcaption><\/div><div class='item'><a href='https:\/\/www.tamaulipas.gob.mx\/trabajo\/wp-content\/uploads\/sites\/11\/2019\/08\/tbe-2.jpeg' rel='galeria'><img src='https:\/\/www.tamaulipas.gob.mx\/trabajo\/wp-content\/uploads\/sites\/11\/2019\/08\/tbe-2-850x500.jpeg' srcset='' sizes='auto' alt=''><\/a><figcaption><\/figcaption><\/div><div class='item'><a href='https:\/\/www.tamaulipas.gob.mx\/trabajo\/wp-content\/uploads\/sites\/11\/2019\/08\/tbe-3.jpg' rel='galeria'><img src='https:\/\/www.tamaulipas.gob.mx\/trabajo\/wp-content\/uploads\/sites\/11\/2019\/08\/tbe-3-850x500.jpg' srcset='' sizes='auto' alt=''><\/a><figcaption><\/figcaption><\/div><div class='item'><a href='https:\/\/www.tamaulipas.gob.mx\/trabajo\/wp-content\/uploads\/sites\/11\/2019\/08\/tbe-4..jpg' rel='galeria'><img src='https:\/\/www.tamaulipas.gob.mx\/trabajo\/wp-content\/uploads\/sites\/11\/2019\/08\/tbe-4.-850x500.jpg' srcset='' sizes='auto' alt=''><\/a><figcaption><\/figcaption><\/div><\/div>\n","protected":false},"excerpt":{"rendered":"<p>El Gobernador Francisco Garc\u00eda Cabeza de Vaca, en su pol\u00edtica laboral, le apuesta al trabajo formal, que genere un mejor bienestar ciudadano. ST-034-2019 Julio 22\u2026<\/p>\n","protected":false},"author":63,"featured_media":823,"comment_status":"closed","ping_status":"closed","sticky":false,"template":"","format":"standard","meta":{"footnotes":""},"categories":[1],"tags":[],"class_list":["post-819","post","type-post","status-publish","format-standard","has-post-thumbnail","hentry","category-prensa"],"publishpress_future_action":{"enabled":false,"date":"2026-05-08 08:08:58","action":"change-status","newStatus":"draft","terms":[],"taxonomy":"category"},"_links":{"self":[{"href":"https:\/\/www.tamaulipas.gob.mx\/trabajo\/wp-json\/wp\/v2\/posts\/819"}],"collection":[{"href":"https:\/\/www.tamaulipas.gob.mx\/trabajo\/wp-json\/wp\/v2\/posts"}],"about":[{"href":"https:\/\/www.tamaulipas.gob.mx\/trabajo\/wp-json\/wp\/v2\/types\/post"}],"author":[{"embeddable":true,"href":"https:\/\/www.tamaulipas.gob.mx\/trabajo\/wp-json\/wp\/v2\/users\/63"}],"replies":[{"embeddable":true,"href":"https:\/\/www.tamaulipas.gob.mx\/trabajo\/wp-json\/wp\/v2\/comments?post=819"}],"version-history":[{"count":1,"href":"https:\/\/www.tamaulipas.gob.mx\/trabajo\/wp-json\/wp\/v2\/posts\/819\/revisions"}],"predecessor-version":[{"id":824,"href":"https:\/\/www.tamaulipas.gob.mx\/trabajo\/wp-json\/wp\/v2\/posts\/819\/revisions\/824"}],"wp:featuredmedia":[{"embeddable":true,"href":"https:\/\/www.tamaulipas.gob.mx\/trabajo\/wp-json\/wp\/v2\/media\/823"}],"wp:attachment":[{"href":"https:\/\/www.tamaulipas.gob.mx\/trabajo\/wp-json\/wp\/v2\/media?parent=819"}],"wp:term":[{"taxonomy":"category","embeddable":true,"href":"https:\/\/www.tamaulipas.gob.mx\/trabajo\/wp-json\/wp\/v2\/categories?post=819"},{"taxonomy":"post_tag","embeddable":true,"href":"https:\/\/www.tamaulipas.gob.mx\/trabajo\/wp-json\/wp\/v2\/tags?post=819"}],"curies":[{"name":"wp","href":"https:\/\/api.w.org\/{rel}","templated":true}]}}