{"id":813,"date":"2019-07-18T20:00:10","date_gmt":"2019-07-19T01:00:10","guid":{"rendered":"https:\/\/www.tamaulipas.gob.mx\/trabajo\/?p=813"},"modified":"2019-08-07T14:14:06","modified_gmt":"2019-08-07T19:14:06","slug":"impulsan-a-tamaulipecos-con-cursos-de-capacitacion-para-la-empleabilidad","status":"publish","type":"post","link":"https:\/\/www.tamaulipas.gob.mx\/trabajo\/2019\/07\/impulsan-a-tamaulipecos-con-cursos-de-capacitacion-para-la-empleabilidad\/","title":{"rendered":"Impulsan a tamaulipecos con cursos de capacitaci\u00f3n para la empleabilidad"},"content":{"rendered":"<p><em><strong>El Gobernador Francisco Garc\u00eda Cabeza de Vaca, impulsa en los tamaulipecos la ocupaci\u00f3n y busca solucionar las dificultades que enfrentan las personas para encontrar un empleo.<\/strong><\/em><\/p>\n<p style=\"text-align: right;\">ST-033-2019<\/p>\n<p>Julio 18 del 2019<\/p>\n<p>Ciudad Victoria Tamaulipas.- M\u00e1s de 900 personas se han visto beneficiadas con los Cursos de Capacitaci\u00f3n que ofrece el Gobierno del Estado, en los cuales se brinda el sustento para facilitar su colocaci\u00f3n o el desarrollo de una actividad productiva.<\/p>\n<p>Mediante el Subprograma de Apoyos de Capacitaci\u00f3n para la Empleabilidad que opera la Secretar\u00eda del Trabajo a trav\u00e9s del Servicio Nacional de Empleo Tamaulipas, se han desarrollado 44 cursos, en distintas modalidades: Capacitaci\u00f3n para el Autoempleo, Micro y Peque\u00f1as Empresas, as\u00ed como en Mediana y Grandes Empresas.<\/p>\n<p>Mar\u00eda Estela Chavira Mart\u00ednez, Secretaria del Trabajo, dijo que el Gobernador Francisco Garc\u00eda Cabeza de Vaca, impulsa en los tamaulipecos la ocupaci\u00f3n y busca solucionar las dificultades que enfrentan para encontrar un empleo.<\/p>\n<p>\u201cLa insuficiencia de conocimientos, habilidades y destrezas laborales, la falta de recursos o posibilidad para iniciar una actividad, son los obst\u00e1culos a los que se enfrentan muchas personas, pero en el SNE Tamaulipas les proporcionamos las herramientas para sustituir esa necesidad\u201d.<\/p>\n<p>En lo que va del presente ejercicio, se han brindado cursos para auxiliar administrativo, bisuter\u00eda, reposter\u00eda, tratamientos capilares, gastronom\u00eda, cultora de belleza, panader\u00eda, u\u00f1as acr\u00edlicas, peinado y maquillaje, habilidades transversales, empleado de piso, ensamble de productos m\u00e9dicos, componentes electr\u00f3nicos, costura industrial y manufactura de piezas automotrices, en los que se han invertido m\u00e1s de 3 millones 243 mil 344 pesos.<\/p>\n<p>Eunice Jim\u00e9nez Reveles, quien tom\u00f3 el curso de bisuter\u00eda en la ciudad de Tampico, expres\u00f3 que result\u00f3 enriquecedor, pues aprendi\u00f3 nuevas t\u00e9cnicas que le ayudaran a mejorar sus trabajos.<\/p>\n<p>\u201cCon el apoyo que nos est\u00e1n dando, podemos hacer crecer el negocio, a las autoridades les agradezco mucho la oportunidad, yo no estaba enterada de este tipo de programas hasta que una amiga me comento, estoy maravillada\u201d.<\/p>\n<p>Los cursos tuvieron la duraci\u00f3n de un mes, a las becarias les entregaron material, un reconocimiento por concluir el curso y tarjetas bancarias.<\/p>\n<p style=\"text-align: center;\">###<\/p>\n<p>&nbsp;<\/p>\n<p>&nbsp;<\/p>\n<div class='owl-gallery'><div class='item'><a href='https:\/\/www.tamaulipas.gob.mx\/trabajo\/wp-content\/uploads\/sites\/11\/2019\/08\/ace-1.jpg' rel='galeria'><img src='https:\/\/www.tamaulipas.gob.mx\/trabajo\/wp-content\/uploads\/sites\/11\/2019\/08\/ace-1-850x500.jpg' srcset='' sizes='auto' alt=''><\/a><figcaption><\/figcaption><\/div><div class='item'><a href='https:\/\/www.tamaulipas.gob.mx\/trabajo\/wp-content\/uploads\/sites\/11\/2019\/08\/ace-2.jpg' rel='galeria'><img src='https:\/\/www.tamaulipas.gob.mx\/trabajo\/wp-content\/uploads\/sites\/11\/2019\/08\/ace-2-850x500.jpg' srcset='' sizes='auto' alt=''><\/a><figcaption><\/figcaption><\/div><div class='item'><a href='https:\/\/www.tamaulipas.gob.mx\/trabajo\/wp-content\/uploads\/sites\/11\/2019\/08\/ace-3.jpg' rel='galeria'><img src='https:\/\/www.tamaulipas.gob.mx\/trabajo\/wp-content\/uploads\/sites\/11\/2019\/08\/ace-3-850x500.jpg' srcset='' sizes='auto' alt=''><\/a><figcaption><\/figcaption><\/div><div class='item'><a href='https:\/\/www.tamaulipas.gob.mx\/trabajo\/wp-content\/uploads\/sites\/11\/2019\/08\/ace-4.jpg' rel='galeria'><img src='https:\/\/www.tamaulipas.gob.mx\/trabajo\/wp-content\/uploads\/sites\/11\/2019\/08\/ace-4-850x500.jpg' srcset='' sizes='auto' alt=''><\/a><figcaption><\/figcaption><\/div><\/div>\n","protected":false},"excerpt":{"rendered":"<p>El Gobernador Francisco Garc\u00eda Cabeza de Vaca, impulsa en los tamaulipecos la ocupaci\u00f3n y busca solucionar las dificultades que enfrentan las personas para encontrar un\u2026<\/p>\n","protected":false},"author":63,"featured_media":817,"comment_status":"closed","ping_status":"closed","sticky":false,"template":"","format":"standard","meta":{"footnotes":""},"categories":[1],"tags":[],"class_list":["post-813","post","type-post","status-publish","format-standard","has-post-thumbnail","hentry","category-prensa"],"publishpress_future_action":{"enabled":false,"date":"2026-05-08 08:01:06","action":"change-status","newStatus":"draft","terms":[],"taxonomy":"category"},"_links":{"self":[{"href":"https:\/\/www.tamaulipas.gob.mx\/trabajo\/wp-json\/wp\/v2\/posts\/813"}],"collection":[{"href":"https:\/\/www.tamaulipas.gob.mx\/trabajo\/wp-json\/wp\/v2\/posts"}],"about":[{"href":"https:\/\/www.tamaulipas.gob.mx\/trabajo\/wp-json\/wp\/v2\/types\/post"}],"author":[{"embeddable":true,"href":"https:\/\/www.tamaulipas.gob.mx\/trabajo\/wp-json\/wp\/v2\/users\/63"}],"replies":[{"embeddable":true,"href":"https:\/\/www.tamaulipas.gob.mx\/trabajo\/wp-json\/wp\/v2\/comments?post=813"}],"version-history":[{"count":1,"href":"https:\/\/www.tamaulipas.gob.mx\/trabajo\/wp-json\/wp\/v2\/posts\/813\/revisions"}],"predecessor-version":[{"id":818,"href":"https:\/\/www.tamaulipas.gob.mx\/trabajo\/wp-json\/wp\/v2\/posts\/813\/revisions\/818"}],"wp:featuredmedia":[{"embeddable":true,"href":"https:\/\/www.tamaulipas.gob.mx\/trabajo\/wp-json\/wp\/v2\/media\/817"}],"wp:attachment":[{"href":"https:\/\/www.tamaulipas.gob.mx\/trabajo\/wp-json\/wp\/v2\/media?parent=813"}],"wp:term":[{"taxonomy":"category","embeddable":true,"href":"https:\/\/www.tamaulipas.gob.mx\/trabajo\/wp-json\/wp\/v2\/categories?post=813"},{"taxonomy":"post_tag","embeddable":true,"href":"https:\/\/www.tamaulipas.gob.mx\/trabajo\/wp-json\/wp\/v2\/tags?post=813"}],"curies":[{"name":"wp","href":"https:\/\/api.w.org\/{rel}","templated":true}]}}