{"id":806,"date":"2019-07-16T20:00:35","date_gmt":"2019-07-17T01:00:35","guid":{"rendered":"https:\/\/www.tamaulipas.gob.mx\/trabajo\/?p=806"},"modified":"2019-08-07T14:11:43","modified_gmt":"2019-08-07T19:11:43","slug":"gobierno-del-estado-genero-el-70-de-los-empleos-en-tamaulipas","status":"publish","type":"post","link":"https:\/\/www.tamaulipas.gob.mx\/trabajo\/2019\/07\/gobierno-del-estado-genero-el-70-de-los-empleos-en-tamaulipas\/","title":{"rendered":"Gobierno del Estado, gener\u00f3 el 70% de los empleos en Tamaulipas"},"content":{"rendered":"<p><em><strong>El Gobernador del Estado, Francisco Garc\u00eda Cabeza de Vaca, tiene clara su pol\u00edtica en materia laboral, le apuesta a la inversi\u00f3n, para que se conciba el empleo formal y remunerado, que brinde mejor bienestar a los ciudadano.<\/strong><\/em><\/p>\n<p style=\"text-align: right;\">ST-032-2019<\/p>\n<p>Julio 16 del 2019<\/p>\n<p>Ciudad Victoria Tamaulipas.- Los Programas de Apoyo al Empleo, que ofrece el Gobierno del Estado, han contribuido de manera directa, a colocar a Tamaulipas en los primeros lugares a nivel nacional, en cuanto a la generaci\u00f3n de empleo.<\/p>\n<p>As\u00ed lo dio a conocer la Secretaria del Trabajo, Mar\u00eda Estela Chavira Mart\u00ednez, qui\u00e9n asegur\u00f3 que en el 70% de los empleos generados en la entidad de enero a mayo de 2019, son empleos creados por el Gobierno del Estado, en coordinaci\u00f3n con la Secretar\u00eda del Trabajo y el Servicio Nacional de Empleo Tamaulipas.<\/p>\n<p>\u201cEl Gobernador, Francisco Garc\u00eda Cabeza de Vaca, tiene clara su pol\u00edtica en materia laboral, le apuesta a la inversi\u00f3n, para que se conciba el empleo formal y remunerado, que brinde mejor bienestar a los ciudadano\u201d.<\/p>\n<p>La funcionaria dijo, que a trav\u00e9s de los servicios de vinculaci\u00f3n, como las Ferias de Empleo, desarrolladas en los principales municipios, se tuvo en colocaci\u00f3n un 371 %, del cumplimiento de las metas solicitadas por la federaci\u00f3n y un 264 % en la aplicaci\u00f3n de Talleres para Buscadores de Empleo.<\/p>\n<p>En cuanto a los programas: Fomento al Autoempleo, Capacitaci\u00f3n para la Empleabilidad y Movilidad Laboral, refiri\u00f3 que estos han venido a formalizar negocios para crear fuentes de empleo, ofrecer habilidades y aptitudes para encontrar una vacante o el apoyo para movilizar a las personas a un lugar distinto al de su residencia, y aprovechar una oportunidad laboral.<\/p>\n<p>En este rengl\u00f3n, explic\u00f3 que las unidades regionales del SNE Tamaulipas, como lo es Tampico, ha generado mil 455 empleos, Reynosa mil 209 empleos y Nuevo Laredo mil 181 empleos.<\/p>\n<p>Dio raz\u00f3n que para el segundo semestre del ejercicio, se tienen estrategias de trabajo, como el desarrollo de la segunda etapa de Ferias de Empleo, enfocadas a j\u00f3venes, personas con discapacidad y adultos mayores, al igual que programas para estudiantes en los que se ofrecer\u00e1n vacantes de medios tiempos entre otros programas.<\/p>\n<p>La funcionaria, se\u00f1al\u00f3 que con ello se espera culminar el a\u00f1o con resultados favorables, y permanecer a nivel nacional, dentro de los estados con mayor repunte en generaci\u00f3n de empleos.<\/p>\n<h3 style=\"text-align: center;\"><\/h3>\n<p style=\"text-align: center;\">###<\/p>\n<p>&nbsp;<\/p>\n<div class='owl-gallery'><div class='item'><a href='https:\/\/www.tamaulipas.gob.mx\/trabajo\/wp-content\/uploads\/sites\/11\/2019\/08\/contribucion-empleo-1.jpeg' rel='galeria'><img src='https:\/\/www.tamaulipas.gob.mx\/trabajo\/wp-content\/uploads\/sites\/11\/2019\/08\/contribucion-empleo-1-850x500.jpeg' srcset='' sizes='auto' alt=''><\/a><figcaption><\/figcaption><\/div><div class='item'><a href='https:\/\/www.tamaulipas.gob.mx\/trabajo\/wp-content\/uploads\/sites\/11\/2019\/08\/contribucion-empleo-2.jpg' rel='galeria'><img src='https:\/\/www.tamaulipas.gob.mx\/trabajo\/wp-content\/uploads\/sites\/11\/2019\/08\/contribucion-empleo-2-850x500.jpg' srcset='' sizes='auto' alt=''><\/a><figcaption><\/figcaption><\/div><div class='item'><a href='https:\/\/www.tamaulipas.gob.mx\/trabajo\/wp-content\/uploads\/sites\/11\/2019\/08\/contribucion-empleo-3.jpg' rel='galeria'><img src='https:\/\/www.tamaulipas.gob.mx\/trabajo\/wp-content\/uploads\/sites\/11\/2019\/08\/contribucion-empleo-3-850x500.jpg' srcset='' sizes='auto' alt=''><\/a><figcaption><\/figcaption><\/div><div class='item'><a href='https:\/\/www.tamaulipas.gob.mx\/trabajo\/wp-content\/uploads\/sites\/11\/2019\/08\/contribucion-empleo-4.jpg' rel='galeria'><img src='https:\/\/www.tamaulipas.gob.mx\/trabajo\/wp-content\/uploads\/sites\/11\/2019\/08\/contribucion-empleo-4-850x500.jpg' srcset='' sizes='auto' alt=''><\/a><figcaption><\/figcaption><\/div><\/div>\n","protected":false},"excerpt":{"rendered":"<p>El Gobernador del Estado, Francisco Garc\u00eda Cabeza de Vaca, tiene clara su pol\u00edtica en materia laboral, le apuesta a la inversi\u00f3n, para que se conciba\u2026<\/p>\n","protected":false},"author":63,"featured_media":808,"comment_status":"closed","ping_status":"closed","sticky":false,"template":"","format":"standard","meta":{"footnotes":""},"categories":[1],"tags":[],"class_list":["post-806","post","type-post","status-publish","format-standard","has-post-thumbnail","hentry","category-prensa"],"publishpress_future_action":{"enabled":false,"date":"2026-05-08 08:19:26","action":"change-status","newStatus":"draft","terms":[],"taxonomy":"category"},"_links":{"self":[{"href":"https:\/\/www.tamaulipas.gob.mx\/trabajo\/wp-json\/wp\/v2\/posts\/806"}],"collection":[{"href":"https:\/\/www.tamaulipas.gob.mx\/trabajo\/wp-json\/wp\/v2\/posts"}],"about":[{"href":"https:\/\/www.tamaulipas.gob.mx\/trabajo\/wp-json\/wp\/v2\/types\/post"}],"author":[{"embeddable":true,"href":"https:\/\/www.tamaulipas.gob.mx\/trabajo\/wp-json\/wp\/v2\/users\/63"}],"replies":[{"embeddable":true,"href":"https:\/\/www.tamaulipas.gob.mx\/trabajo\/wp-json\/wp\/v2\/comments?post=806"}],"version-history":[{"count":2,"href":"https:\/\/www.tamaulipas.gob.mx\/trabajo\/wp-json\/wp\/v2\/posts\/806\/revisions"}],"predecessor-version":[{"id":812,"href":"https:\/\/www.tamaulipas.gob.mx\/trabajo\/wp-json\/wp\/v2\/posts\/806\/revisions\/812"}],"wp:featuredmedia":[{"embeddable":true,"href":"https:\/\/www.tamaulipas.gob.mx\/trabajo\/wp-json\/wp\/v2\/media\/808"}],"wp:attachment":[{"href":"https:\/\/www.tamaulipas.gob.mx\/trabajo\/wp-json\/wp\/v2\/media?parent=806"}],"wp:term":[{"taxonomy":"category","embeddable":true,"href":"https:\/\/www.tamaulipas.gob.mx\/trabajo\/wp-json\/wp\/v2\/categories?post=806"},{"taxonomy":"post_tag","embeddable":true,"href":"https:\/\/www.tamaulipas.gob.mx\/trabajo\/wp-json\/wp\/v2\/tags?post=806"}],"curies":[{"name":"wp","href":"https:\/\/api.w.org\/{rel}","templated":true}]}}