{"id":799,"date":"2019-07-11T20:00:29","date_gmt":"2019-07-12T01:00:29","guid":{"rendered":"https:\/\/www.tamaulipas.gob.mx\/trabajo\/?p=799"},"modified":"2019-08-07T14:09:14","modified_gmt":"2019-08-07T19:09:14","slug":"tamaulipas-avanza-en-la-implementacion-de-la-nueva-justicia-laboral","status":"publish","type":"post","link":"https:\/\/www.tamaulipas.gob.mx\/trabajo\/2019\/07\/tamaulipas-avanza-en-la-implementacion-de-la-nueva-justicia-laboral\/","title":{"rendered":"Tamaulipas avanza en la implementaci\u00f3n de la nueva justicia laboral"},"content":{"rendered":"<p><em><strong>El Gobernador Francisco Garc\u00eda Cabeza de Vaca, dio instrucciones para que se avance en los procedimientos y lograr con ello la transici\u00f3n de las juntas a los tribunales laborales.\u00a0\u00a0\u00a0<\/strong><\/em><\/p>\n<p style=\"text-align: right;\">ST-031-2019<\/p>\n<p>Julio 11 del 2019<\/p>\n<p>Ciudad Victoria Tamaulipas.- Qued\u00f3 conformada la Comisi\u00f3n Interinstitucional para la Implementaci\u00f3n de la Reforma al Sistema de Justicia Laboral en el Estado de Tamaulipas, cuyo fin ser\u00e1 el de sesionar y verificar que los procesos de ejecuci\u00f3n, se desarrollen conforme a los mandamientos que marca la Ley Federal del Trabajo.<\/p>\n<p>Representantes del Poder Judicial en el Estado, Poder Legislativo y Ejecutivo, firmaron el acta, para contribuir y dirigir los trabajos encaminados a cumplir con los nuevos mecanismos de impartici\u00f3n de justicia.<\/p>\n<p>Mar\u00eda Estela Chavira Mart\u00ednez, Secretaria del Trabajo, dijo que el Gobernador Francisco Garc\u00eda Cabeza de Vaca, dio instrucciones para que se avance en los procedimientos y se logre con ello la transici\u00f3n de las juntas a los tribunales laborales.<\/p>\n<p>\u201cEn Tamaulipas hay avances para echar a andar la nueva justicia laboral, y estamos trabajando para satisfacer cada uno de los requerimientos que haga el Consejo de Coordinaci\u00f3n para la Implementaci\u00f3n de la Reforma\u201d.<\/p>\n<p>La creaci\u00f3n de los juzgados laborales y el centro de conciliaci\u00f3n, ser\u00e1n las tareas \u00a0primordiales para el proceso, aunado a la fluidez de las acciones emprendidas por la Junta de Conciliaci\u00f3n y Arbitraje, y los mecanismos para la eficaz ejecuci\u00f3n de los laudos.<\/p>\n<p>La funcionaria explic\u00f3 que se tienen fechas para conformar el proceso estipulado por la federaci\u00f3n, tal como el 1 de mayo de 2022, las Juntas de Conciliaci\u00f3n y Arbitraje tendr\u00e1n la obligaci\u00f3n de trasladar f\u00edsicamente los expedientes relacionados con los sindicatos, el 1 de mayo de 2022 iniciar\u00e1n funciones los Centros de Conciliaci\u00f3n Estatales y los Poderes Judiciales, con los Jugados Laborales, as\u00ed mismo el 1 de mayo de 2023 deber\u00e1 entrar en funci\u00f3n el Centro Federal de Conciliaci\u00f3n y Registro Laboral.<\/p>\n<p>Chavira Mart\u00ednez, se\u00f1al\u00f3 que el gobernador est\u00e1 cumpliendo con la parte correspondiente en materia de justicia laboral, y construyendo las bases y cimientos para que en la entidad se imparta una justicia pronta y expedita.<\/p>\n<p style=\"text-align: center;\">###<\/p>\n<p>&nbsp;<\/p>\n<div class='owl-gallery'><div class='item'><a href='https:\/\/www.tamaulipas.gob.mx\/trabajo\/wp-content\/uploads\/sites\/11\/2019\/08\/boletn-comision-reforma-1.jpg' rel='galeria'><img src='https:\/\/www.tamaulipas.gob.mx\/trabajo\/wp-content\/uploads\/sites\/11\/2019\/08\/boletn-comision-reforma-1-850x500.jpg' srcset='' sizes='auto' alt=''><\/a><figcaption><\/figcaption><\/div><div class='item'><a href='https:\/\/www.tamaulipas.gob.mx\/trabajo\/wp-content\/uploads\/sites\/11\/2019\/08\/boletn-comision-reforma-2.jpg' rel='galeria'><img src='https:\/\/www.tamaulipas.gob.mx\/trabajo\/wp-content\/uploads\/sites\/11\/2019\/08\/boletn-comision-reforma-2-850x500.jpg' srcset='' sizes='auto' alt=''><\/a><figcaption><\/figcaption><\/div><div class='item'><a href='https:\/\/www.tamaulipas.gob.mx\/trabajo\/wp-content\/uploads\/sites\/11\/2019\/08\/boletn-comision-reforma-3.jpg' rel='galeria'><img src='https:\/\/www.tamaulipas.gob.mx\/trabajo\/wp-content\/uploads\/sites\/11\/2019\/08\/boletn-comision-reforma-3-850x500.jpg' srcset='' sizes='auto' alt=''><\/a><figcaption><\/figcaption><\/div><div class='item'><a href='https:\/\/www.tamaulipas.gob.mx\/trabajo\/wp-content\/uploads\/sites\/11\/2019\/08\/boletn-comision-reforma-4.jpg' rel='galeria'><img src='https:\/\/www.tamaulipas.gob.mx\/trabajo\/wp-content\/uploads\/sites\/11\/2019\/08\/boletn-comision-reforma-4-850x500.jpg' srcset='' sizes='auto' alt=''><\/a><figcaption><\/figcaption><\/div><div class='item'><a href='https:\/\/www.tamaulipas.gob.mx\/trabajo\/wp-content\/uploads\/sites\/11\/2019\/08\/boletn-comision-reforma-6.jpg' rel='galeria'><img src='https:\/\/www.tamaulipas.gob.mx\/trabajo\/wp-content\/uploads\/sites\/11\/2019\/08\/boletn-comision-reforma-6-850x500.jpg' srcset='' sizes='auto' alt=''><\/a><figcaption><\/figcaption><\/div><\/div>\n","protected":false},"excerpt":{"rendered":"<p>El Gobernador Francisco Garc\u00eda Cabeza de Vaca, dio instrucciones para que se avance en los procedimientos y lograr con ello la transici\u00f3n de las juntas\u2026<\/p>\n","protected":false},"author":63,"featured_media":803,"comment_status":"closed","ping_status":"closed","sticky":false,"template":"","format":"standard","meta":{"footnotes":""},"categories":[1],"tags":[],"class_list":["post-799","post","type-post","status-publish","format-standard","has-post-thumbnail","hentry","category-prensa"],"publishpress_future_action":{"enabled":false,"date":"2026-05-08 08:00:13","action":"change-status","newStatus":"draft","terms":[],"taxonomy":"category"},"_links":{"self":[{"href":"https:\/\/www.tamaulipas.gob.mx\/trabajo\/wp-json\/wp\/v2\/posts\/799"}],"collection":[{"href":"https:\/\/www.tamaulipas.gob.mx\/trabajo\/wp-json\/wp\/v2\/posts"}],"about":[{"href":"https:\/\/www.tamaulipas.gob.mx\/trabajo\/wp-json\/wp\/v2\/types\/post"}],"author":[{"embeddable":true,"href":"https:\/\/www.tamaulipas.gob.mx\/trabajo\/wp-json\/wp\/v2\/users\/63"}],"replies":[{"embeddable":true,"href":"https:\/\/www.tamaulipas.gob.mx\/trabajo\/wp-json\/wp\/v2\/comments?post=799"}],"version-history":[{"count":1,"href":"https:\/\/www.tamaulipas.gob.mx\/trabajo\/wp-json\/wp\/v2\/posts\/799\/revisions"}],"predecessor-version":[{"id":805,"href":"https:\/\/www.tamaulipas.gob.mx\/trabajo\/wp-json\/wp\/v2\/posts\/799\/revisions\/805"}],"wp:featuredmedia":[{"embeddable":true,"href":"https:\/\/www.tamaulipas.gob.mx\/trabajo\/wp-json\/wp\/v2\/media\/803"}],"wp:attachment":[{"href":"https:\/\/www.tamaulipas.gob.mx\/trabajo\/wp-json\/wp\/v2\/media?parent=799"}],"wp:term":[{"taxonomy":"category","embeddable":true,"href":"https:\/\/www.tamaulipas.gob.mx\/trabajo\/wp-json\/wp\/v2\/categories?post=799"},{"taxonomy":"post_tag","embeddable":true,"href":"https:\/\/www.tamaulipas.gob.mx\/trabajo\/wp-json\/wp\/v2\/tags?post=799"}],"curies":[{"name":"wp","href":"https:\/\/api.w.org\/{rel}","templated":true}]}}