{"id":790,"date":"2019-07-10T20:00:37","date_gmt":"2019-07-11T01:00:37","guid":{"rendered":"https:\/\/www.tamaulipas.gob.mx\/trabajo\/?p=790"},"modified":"2019-08-07T14:05:10","modified_gmt":"2019-08-07T19:05:10","slug":"en-tamaulipas-se-garantiza-los-derechos-laborales-para-las-y-los-trabajadores-domesticos","status":"publish","type":"post","link":"https:\/\/www.tamaulipas.gob.mx\/trabajo\/2019\/07\/en-tamaulipas-se-garantiza-los-derechos-laborales-para-las-y-los-trabajadores-domesticos\/","title":{"rendered":"En Tamaulipas se garantiza los derechos laborales para las y los trabajadores dom\u00e9sticos"},"content":{"rendered":"<p>El Gobernador Francisco Garc\u00eda Cabeza de Vaca, busca garantizar y brindar protecci\u00f3n, a quienes realizan trabajos dom\u00e9sticos para que estos gocen de sus derechos laborales.<\/p>\n<p style=\"text-align: right;\">ST-030-2019<\/p>\n<p>Julio 10 del 2019<\/p>\n<p>Ciudad Victoria Tamaulipas.- El Gobierno del Estado promueve el respeto y los derechos laborales de las y los trabajadores dom\u00e9sticos, y sienta las bases jur\u00eddicas para mejorar sus condiciones de vida.<\/p>\n<p>Luego de la reforma, adici\u00f3n y derogaci\u00f3n de diversas disposiciones a la Ley Federal del Trabajo y de la Ley del Seguro Social en materia de las personas trabajadoras del hogar, la Secretar\u00eda del Trabajo busca dar protecci\u00f3n a este sector de la poblaci\u00f3n.<\/p>\n<p>Mar\u00eda Estela Chavira Mart\u00ednez, encargada de la pol\u00edtica laboral de la administraci\u00f3n estatal, dijo que el Gobernador Francisco Garc\u00eda Cabeza de Vaca, busca garantizar y brindar protecci\u00f3n, a quienes realizan trabajos dom\u00e9sticos para que estos gocen de sus derechos laborales.<\/p>\n<p>\u201cLas y los trabajadores dom\u00e9sticos tienen derecho al trabajo decente y formal, remunerado y con todas las prestaciones de ley, al igual que todos los trabajadores\u201d.<\/p>\n<p>Dijo que en Tamaulipas, 65 mil 708 personas se dedican al trabajo dom\u00e9stico y est\u00e1n enfocadas al cuidado de ni\u00f1os, adultos mayores, a la cocina, al cuidado de jardines o son mozos o choferes, de los cuales 55 mil 141 son mujeres y 10 mil 567 son hombres.<\/p>\n<p>Con la modificaci\u00f3n a la Ley Federal del Trabajo, las y los trabajadores dom\u00e9sticos tendr\u00e1n derechos a una jornada laboral delimitada de 5 horas y media de trabajo, vacaciones, prima vacacional, aguinaldo y prestaciones sociales entre otras.<\/p>\n<p>Coincidi\u00f3 con las normas internacionales: el Convenio n\u00famero 189 y la Recomendaci\u00f3n 201, sobre el trabajo decente para las y los trabajadores dom\u00e9sticos, adoptadas por la OIT, que se\u00f1ala que los trabajadores no son ni sirvientes, ni miembros de la familia, ni trabajadores de segunda clase.<\/p>\n<p>La Secretaria del Trabajo, mencion\u00f3 que el mandatario es respetuoso de la ley, por lo cual estar\u00e1 al pendiente de su cumplimiento, para que se brinden los beneficios correspondientes a los trabajadores.<\/p>\n<p style=\"text-align: center;\">###<\/p>\n<p>&nbsp;<\/p>\n<div class='owl-gallery'><div class='item'><a href='https:\/\/www.tamaulipas.gob.mx\/trabajo\/wp-content\/uploads\/sites\/11\/2019\/08\/domesticas-1.jpg' rel='galeria'><img src='https:\/\/www.tamaulipas.gob.mx\/trabajo\/wp-content\/uploads\/sites\/11\/2019\/08\/domesticas-1-850x500.jpg' srcset='' sizes='auto' alt=''><\/a><figcaption><\/figcaption><\/div><div class='item'><a href='https:\/\/www.tamaulipas.gob.mx\/trabajo\/wp-content\/uploads\/sites\/11\/2019\/08\/domesticas-2.jpg' rel='galeria'><img src='https:\/\/www.tamaulipas.gob.mx\/trabajo\/wp-content\/uploads\/sites\/11\/2019\/08\/domesticas-2-850x500.jpg' srcset='' sizes='auto' alt=''><\/a><figcaption><\/figcaption><\/div><div class='item'><a href='https:\/\/www.tamaulipas.gob.mx\/trabajo\/wp-content\/uploads\/sites\/11\/2019\/08\/domesticas-3.jpg' rel='galeria'><img src='https:\/\/www.tamaulipas.gob.mx\/trabajo\/wp-content\/uploads\/sites\/11\/2019\/08\/domesticas-3-850x500.jpg' srcset='' sizes='auto' alt=''><\/a><figcaption><\/figcaption><\/div><div class='item'><a href='https:\/\/www.tamaulipas.gob.mx\/trabajo\/wp-content\/uploads\/sites\/11\/2019\/08\/domesticas-4.jpg' rel='galeria'><img src='https:\/\/www.tamaulipas.gob.mx\/trabajo\/wp-content\/uploads\/sites\/11\/2019\/08\/domesticas-4-850x500.jpg' srcset='' sizes='auto' alt=''><\/a><figcaption><\/figcaption><\/div><div class='item'><a href='https:\/\/www.tamaulipas.gob.mx\/trabajo\/wp-content\/uploads\/sites\/11\/2019\/08\/domesticas-5.jpg' rel='galeria'><img src='https:\/\/www.tamaulipas.gob.mx\/trabajo\/wp-content\/uploads\/sites\/11\/2019\/08\/domesticas-5-850x500.jpg' srcset='' sizes='auto' alt=''><\/a><figcaption><\/figcaption><\/div><\/div>\n","protected":false},"excerpt":{"rendered":"<p>El Gobernador Francisco Garc\u00eda Cabeza de Vaca, busca garantizar y brindar protecci\u00f3n, a quienes realizan trabajos dom\u00e9sticos para que estos gocen de sus derechos laborales.\u2026<\/p>\n","protected":false},"author":63,"featured_media":792,"comment_status":"closed","ping_status":"closed","sticky":false,"template":"","format":"standard","meta":{"footnotes":""},"categories":[1],"tags":[],"class_list":["post-790","post","type-post","status-publish","format-standard","has-post-thumbnail","hentry","category-prensa"],"publishpress_future_action":{"enabled":false,"date":"2026-05-08 08:30:52","action":"change-status","newStatus":"draft","terms":[],"taxonomy":"category"},"_links":{"self":[{"href":"https:\/\/www.tamaulipas.gob.mx\/trabajo\/wp-json\/wp\/v2\/posts\/790"}],"collection":[{"href":"https:\/\/www.tamaulipas.gob.mx\/trabajo\/wp-json\/wp\/v2\/posts"}],"about":[{"href":"https:\/\/www.tamaulipas.gob.mx\/trabajo\/wp-json\/wp\/v2\/types\/post"}],"author":[{"embeddable":true,"href":"https:\/\/www.tamaulipas.gob.mx\/trabajo\/wp-json\/wp\/v2\/users\/63"}],"replies":[{"embeddable":true,"href":"https:\/\/www.tamaulipas.gob.mx\/trabajo\/wp-json\/wp\/v2\/comments?post=790"}],"version-history":[{"count":3,"href":"https:\/\/www.tamaulipas.gob.mx\/trabajo\/wp-json\/wp\/v2\/posts\/790\/revisions"}],"predecessor-version":[{"id":798,"href":"https:\/\/www.tamaulipas.gob.mx\/trabajo\/wp-json\/wp\/v2\/posts\/790\/revisions\/798"}],"wp:featuredmedia":[{"embeddable":true,"href":"https:\/\/www.tamaulipas.gob.mx\/trabajo\/wp-json\/wp\/v2\/media\/792"}],"wp:attachment":[{"href":"https:\/\/www.tamaulipas.gob.mx\/trabajo\/wp-json\/wp\/v2\/media?parent=790"}],"wp:term":[{"taxonomy":"category","embeddable":true,"href":"https:\/\/www.tamaulipas.gob.mx\/trabajo\/wp-json\/wp\/v2\/categories?post=790"},{"taxonomy":"post_tag","embeddable":true,"href":"https:\/\/www.tamaulipas.gob.mx\/trabajo\/wp-json\/wp\/v2\/tags?post=790"}],"curies":[{"name":"wp","href":"https:\/\/api.w.org\/{rel}","templated":true}]}}