{"id":781,"date":"2019-07-03T20:00:46","date_gmt":"2019-07-04T01:00:46","guid":{"rendered":"https:\/\/www.tamaulipas.gob.mx\/trabajo\/?p=781"},"modified":"2019-08-07T14:02:24","modified_gmt":"2019-08-07T19:02:24","slug":"mejores-condiciones-de-vida-a-traves-de-los-cursos-de-capacitacion-y-entrega-de-mobiliario","status":"publish","type":"post","link":"https:\/\/www.tamaulipas.gob.mx\/trabajo\/2019\/07\/mejores-condiciones-de-vida-a-traves-de-los-cursos-de-capacitacion-y-entrega-de-mobiliario\/","title":{"rendered":"Mejores condiciones de vida, a trav\u00e9s de los cursos de capacitaci\u00f3n y entrega de mobiliario"},"content":{"rendered":"<p><em><strong>El Gobernador Francisco Garc\u00eda Cabeza de Vaca, pretende fomentar en los buscadores de empleo, el desarrollo de actividades, fortalecer sus habilidades y experiencias laborales, para generar mejores condiciones de vida.<\/strong><\/em><\/p>\n<p style=\"text-align: right;\">ST-029-2019<\/p>\n<p>Julio 03 del 2019<\/p>\n<p>Tampico, Tamaulipas.- El Gobierno del Estado, clausur\u00f3 en los municipios de Victoria y Tampico, cursos de capacitaci\u00f3n, y entreg\u00f3 actas de bienes en propiedad, a tamaulipecos que buscan adquirir experiencias para desarrollar actividades o iniciativas productivas por cuenta propia.<\/p>\n<p>Mediante el Subprograma de Apoyos de Capacitaci\u00f3n para la Empleabilidad, y\u00a0\u00a0 Fomento al Autoempleo, que opera la Secretar\u00eda del Trabajo en coordinaci\u00f3n con el Servicio Nacional de Empleo Tamaulipas, se benefici\u00f3 a 56 personas con cursos de bisuter\u00eda y alambrismo, tratamientos capilares y habilidades transversales, en los que se destinaron tarjetas bancarias, y se entreg\u00f3 de forma definitiva a 8 tamaulipecos, mobiliario que mantuvieron bajo custodia por 12 meses.<\/p>\n<p>Mar\u00eda Estela Chavira Mart\u00ednez, encargada de la dependencia, dijo que mediante este mecanismo, el Gobernador Francisco Garc\u00eda Cabeza de Vaca, brinda los apoyos necesarios, para generar las condiciones laborales y con ello una mejor calidad de vida.<\/p>\n<p>\u201cNos emociona haber aportado en cierta medida, las herramientas para cristalizar sus sue\u00f1os, para que puedan echar a andar su negocio o fortalecer sus habilidades y experiencias\u201d.<\/p>\n<p>En los cursos de capacitaci\u00f3n, fueron destinados recursos por m\u00e1s de 150 mil 479 pesos, y en la entrega de herramientas, se invirtieron montos por m\u00e1s de 161 mil 990 pesos.<\/p>\n<p>Guillermo Jes\u00fas Romero Arteaga, quien recibi\u00f3 una mazadora semi-industrial, una olla expr\u00e9s y art\u00edculos de cocina para la elaboraci\u00f3n de tamales, expres\u00f3 que dicha herramienta, le facilit\u00f3 las labores y aument\u00f3 su producci\u00f3n, ahora contempla ampliar su venta en centros comerciales y tiendas de autoservicio.<\/p>\n<p>\u201cSi funciona, yo soy un ejemplo de ello, a veces solo se da el rumor, es necesario que la gente se lo crea, s\u00ed es verdad, s\u00ed se dan apoyos y es muy sencillo, muy r\u00e1pido.<\/p>\n<p>La funcionaria, solicit\u00f3 a las personas interesadas en conocer los programas de Apoyo al Empleo, acercarse a las unidades regionales del SNE Tamaulipas, para que al igual que muchas personas, logren un trabajo formal y m\u00e1s remunerado.<\/p>\n<h3 style=\"text-align: center;\"><\/h3>\n<p>&nbsp;<\/p>\n<h3 style=\"text-align: center;\"><\/h3>\n<p style=\"text-align: center;\">###<\/p>\n<p>&nbsp;<\/p>\n<div class='owl-gallery'><div class='item'><a href='https:\/\/www.tamaulipas.gob.mx\/trabajo\/wp-content\/uploads\/sites\/11\/2019\/08\/curso-y-fa-3.jpg' rel='galeria'><img src='https:\/\/www.tamaulipas.gob.mx\/trabajo\/wp-content\/uploads\/sites\/11\/2019\/08\/curso-y-fa-3-850x500.jpg' srcset='' sizes='auto' alt=''><\/a><figcaption><\/figcaption><\/div><div class='item'><a href='https:\/\/www.tamaulipas.gob.mx\/trabajo\/wp-content\/uploads\/sites\/11\/2019\/08\/curso-y-fa-4.jpg' rel='galeria'><img src='https:\/\/www.tamaulipas.gob.mx\/trabajo\/wp-content\/uploads\/sites\/11\/2019\/08\/curso-y-fa-4-850x500.jpg' srcset='' sizes='auto' alt=''><\/a><figcaption><\/figcaption><\/div><div class='item'><a href='https:\/\/www.tamaulipas.gob.mx\/trabajo\/wp-content\/uploads\/sites\/11\/2019\/08\/curso-y-fa-5.jpg' rel='galeria'><img src='https:\/\/www.tamaulipas.gob.mx\/trabajo\/wp-content\/uploads\/sites\/11\/2019\/08\/curso-y-fa-5-850x500.jpg' srcset='' sizes='auto' alt=''><\/a><figcaption><\/figcaption><\/div><div class='item'><a href='https:\/\/www.tamaulipas.gob.mx\/trabajo\/wp-content\/uploads\/sites\/11\/2019\/08\/curso-y-fa-6.jpg' rel='galeria'><img src='https:\/\/www.tamaulipas.gob.mx\/trabajo\/wp-content\/uploads\/sites\/11\/2019\/08\/curso-y-fa-6-850x500.jpg' srcset='' sizes='auto' alt=''><\/a><figcaption><\/figcaption><\/div><div class='item'><a href='https:\/\/www.tamaulipas.gob.mx\/trabajo\/wp-content\/uploads\/sites\/11\/2019\/08\/curso-y-fa-7.jpg' rel='galeria'><img src='https:\/\/www.tamaulipas.gob.mx\/trabajo\/wp-content\/uploads\/sites\/11\/2019\/08\/curso-y-fa-7-850x500.jpg' srcset='' sizes='auto' alt=''><\/a><figcaption><\/figcaption><\/div><div class='item'><a href='https:\/\/www.tamaulipas.gob.mx\/trabajo\/wp-content\/uploads\/sites\/11\/2019\/08\/cursos-y-fa-1.jpg' rel='galeria'><img src='https:\/\/www.tamaulipas.gob.mx\/trabajo\/wp-content\/uploads\/sites\/11\/2019\/08\/cursos-y-fa-1-850x500.jpg' srcset='' sizes='auto' alt=''><\/a><figcaption><\/figcaption><\/div><\/div>\n","protected":false},"excerpt":{"rendered":"<p>El Gobernador Francisco Garc\u00eda Cabeza de Vaca, pretende fomentar en los buscadores de empleo, el desarrollo de actividades, fortalecer sus habilidades y experiencias laborales, para\u2026<\/p>\n","protected":false},"author":63,"featured_media":782,"comment_status":"closed","ping_status":"closed","sticky":false,"template":"","format":"standard","meta":{"footnotes":""},"categories":[1],"tags":[],"class_list":["post-781","post","type-post","status-publish","format-standard","has-post-thumbnail","hentry","category-prensa"],"publishpress_future_action":{"enabled":false,"date":"2026-05-08 08:31:17","action":"change-status","newStatus":"draft","terms":[],"taxonomy":"category"},"_links":{"self":[{"href":"https:\/\/www.tamaulipas.gob.mx\/trabajo\/wp-json\/wp\/v2\/posts\/781"}],"collection":[{"href":"https:\/\/www.tamaulipas.gob.mx\/trabajo\/wp-json\/wp\/v2\/posts"}],"about":[{"href":"https:\/\/www.tamaulipas.gob.mx\/trabajo\/wp-json\/wp\/v2\/types\/post"}],"author":[{"embeddable":true,"href":"https:\/\/www.tamaulipas.gob.mx\/trabajo\/wp-json\/wp\/v2\/users\/63"}],"replies":[{"embeddable":true,"href":"https:\/\/www.tamaulipas.gob.mx\/trabajo\/wp-json\/wp\/v2\/comments?post=781"}],"version-history":[{"count":2,"href":"https:\/\/www.tamaulipas.gob.mx\/trabajo\/wp-json\/wp\/v2\/posts\/781\/revisions"}],"predecessor-version":[{"id":789,"href":"https:\/\/www.tamaulipas.gob.mx\/trabajo\/wp-json\/wp\/v2\/posts\/781\/revisions\/789"}],"wp:featuredmedia":[{"embeddable":true,"href":"https:\/\/www.tamaulipas.gob.mx\/trabajo\/wp-json\/wp\/v2\/media\/782"}],"wp:attachment":[{"href":"https:\/\/www.tamaulipas.gob.mx\/trabajo\/wp-json\/wp\/v2\/media?parent=781"}],"wp:term":[{"taxonomy":"category","embeddable":true,"href":"https:\/\/www.tamaulipas.gob.mx\/trabajo\/wp-json\/wp\/v2\/categories?post=781"},{"taxonomy":"post_tag","embeddable":true,"href":"https:\/\/www.tamaulipas.gob.mx\/trabajo\/wp-json\/wp\/v2\/tags?post=781"}],"curies":[{"name":"wp","href":"https:\/\/api.w.org\/{rel}","templated":true}]}}