{"id":773,"date":"2019-07-01T20:00:29","date_gmt":"2019-07-02T01:00:29","guid":{"rendered":"https:\/\/www.tamaulipas.gob.mx\/trabajo\/?p=773"},"modified":"2019-08-07T13:59:34","modified_gmt":"2019-08-07T18:59:34","slug":"emplean-servicio-telefonico-para-dar-solucion-a-conflictos-laborales","status":"publish","type":"post","link":"https:\/\/www.tamaulipas.gob.mx\/trabajo\/2019\/07\/emplean-servicio-telefonico-para-dar-solucion-a-conflictos-laborales\/","title":{"rendered":"Emplean servicio telef\u00f3nico, para dar soluci\u00f3n a conflictos laborales"},"content":{"rendered":"<p><strong><em>El gobernador Francisco Garc\u00eda Cabeza de Vaca, busca para el trabajador, se respete sus derechos laborales, y concluya satisfactoriamente sus inconvenientes generados con el patr\u00f3n.<\/em><\/strong><\/p>\n<p style=\"text-align: right;\">ST-028-2019<\/p>\n<p>Julio 01 del 2019<\/p>\n<p>Ciudad Victoria, Tamaulipas.- Para abatir el rezago de expedientes que se tiene en las Juntas de Conciliaci\u00f3n y Arbitraje, por despido injustificado, el Gobierno del Estado realiza a trav\u00e9s del servicio telef\u00f3nico, asesor\u00eda gratuita y brinda soluci\u00f3n a conflictos laborales que enfrentan trabajadores.<\/p>\n<p>La Procuradur\u00eda General de la Defensa del Trabajo, dependiente de la Secretar\u00eda del Trabajo, tom\u00f3 la iniciativa de recibir v\u00eda telef\u00f3nica cualquier inquietud o asesor\u00eda de trabajadores que tramitan juicios y que requieren se les brinde defensa ante las Juntas Especiales de Conciliaci\u00f3n y Arbitraje.<\/p>\n<p>Mar\u00eda Estela Chavira Mart\u00ednez, encargada de la dependencia estatal, explic\u00f3 que el gobernador Francisco Garc\u00eda Cabeza de Vaca, busca para el trabajador, se respeten sus derechos laborales, y concluyan satisfactoriamente sus inconvenientes generados con el patr\u00f3n.<\/p>\n<p>\u201cEstamos en revisi\u00f3n de nuestros expedientes y los litigios que tienen cerca de uno o dos a\u00f1os, estamos procurando la conciliaci\u00f3n, llamamos directamente al trabajador para tratar de hacer un convenio con su ex patr\u00f3n\u201d.<\/p>\n<p>Dijo que mediante esta estrategia, aunado a las atenciones y a la gesti\u00f3n de acuerdos conciliatorios, la PGDT, ha logrado atender en lo que va del a\u00f1o, m\u00e1s de 242 demandas y ha efectuado m\u00e1s de 635 convenios, gestionando para los trabajadores m\u00e1s de 14 millones 975 mil 603 pesos.<\/p>\n<p>A la fecha, el despido injustificado, ha sido la causa de rescisi\u00f3n laboral entre el trabajador y patr\u00f3n, y son los municipios de Nuevo Laredo, Reynosa, Matamoros, Victoria y Tampico, los que presentan mayor cantidad de demandas.<\/p>\n<p>Chavira Mart\u00ednez, se\u00f1al\u00f3 que el gobernador, adem\u00e1s de generar una cultura de la conciliaci\u00f3n, est\u00e1 interesado en el bienestar de los tamaulipecos, por lo que solicit\u00f3 a los trabajadores que enfrentan alg\u00fan problema laboral, acercarse a la PGDT, donde recibir\u00e1n atenci\u00f3n y asesor\u00eda gratuita, tambi\u00e9n invit\u00f3 hacer uso de la l\u00ednea telef\u00f3nica 834 318 1037.<\/p>\n<p style=\"text-align: center;\">###<\/p>\n<p>&nbsp;<\/p>\n<div class='owl-gallery'><div class='item'><a href='https:\/\/www.tamaulipas.gob.mx\/trabajo\/wp-content\/uploads\/sites\/11\/2019\/08\/boletn-procu-cell-5.jpg' rel='galeria'><img src='https:\/\/www.tamaulipas.gob.mx\/trabajo\/wp-content\/uploads\/sites\/11\/2019\/08\/boletn-procu-cell-5-850x500.jpg' srcset='' sizes='auto' alt=''><\/a><figcaption><\/figcaption><\/div><div class='item'><a href='https:\/\/www.tamaulipas.gob.mx\/trabajo\/wp-content\/uploads\/sites\/11\/2019\/08\/boletn-procu-cell-6.jpg' rel='galeria'><img src='https:\/\/www.tamaulipas.gob.mx\/trabajo\/wp-content\/uploads\/sites\/11\/2019\/08\/boletn-procu-cell-6-850x500.jpg' srcset='' sizes='auto' alt=''><\/a><figcaption><\/figcaption><\/div><div class='item'><a href='https:\/\/www.tamaulipas.gob.mx\/trabajo\/wp-content\/uploads\/sites\/11\/2019\/08\/boletn-procu-cell-0.1.jpg' rel='galeria'><img src='https:\/\/www.tamaulipas.gob.mx\/trabajo\/wp-content\/uploads\/sites\/11\/2019\/08\/boletn-procu-cell-0.1-850x500.jpg' srcset='' sizes='auto' alt=''><\/a><figcaption><\/figcaption><\/div><div class='item'><a href='https:\/\/www.tamaulipas.gob.mx\/trabajo\/wp-content\/uploads\/sites\/11\/2019\/08\/boletn-procu-cell-0.jpg' rel='galeria'><img src='https:\/\/www.tamaulipas.gob.mx\/trabajo\/wp-content\/uploads\/sites\/11\/2019\/08\/boletn-procu-cell-0-850x500.jpg' srcset='' sizes='auto' alt=''><\/a><figcaption><\/figcaption><\/div><div class='item'><a href='https:\/\/www.tamaulipas.gob.mx\/trabajo\/wp-content\/uploads\/sites\/11\/2019\/08\/boletn-procu-cell-1.jpg' rel='galeria'><img src='https:\/\/www.tamaulipas.gob.mx\/trabajo\/wp-content\/uploads\/sites\/11\/2019\/08\/boletn-procu-cell-1-850x500.jpg' srcset='' sizes='auto' alt=''><\/a><figcaption><\/figcaption><\/div><\/div>\n","protected":false},"excerpt":{"rendered":"<p>El gobernador Francisco Garc\u00eda Cabeza de Vaca, busca para el trabajador, se respete sus derechos laborales, y concluya satisfactoriamente sus inconvenientes generados con el patr\u00f3n.\u2026<\/p>\n","protected":false},"author":63,"featured_media":776,"comment_status":"closed","ping_status":"closed","sticky":false,"template":"","format":"standard","meta":{"footnotes":""},"categories":[1],"tags":[],"class_list":["post-773","post","type-post","status-publish","format-standard","has-post-thumbnail","hentry","category-prensa"],"publishpress_future_action":{"enabled":false,"date":"2026-05-08 08:00:13","action":"change-status","newStatus":"draft","terms":[],"taxonomy":"category"},"_links":{"self":[{"href":"https:\/\/www.tamaulipas.gob.mx\/trabajo\/wp-json\/wp\/v2\/posts\/773"}],"collection":[{"href":"https:\/\/www.tamaulipas.gob.mx\/trabajo\/wp-json\/wp\/v2\/posts"}],"about":[{"href":"https:\/\/www.tamaulipas.gob.mx\/trabajo\/wp-json\/wp\/v2\/types\/post"}],"author":[{"embeddable":true,"href":"https:\/\/www.tamaulipas.gob.mx\/trabajo\/wp-json\/wp\/v2\/users\/63"}],"replies":[{"embeddable":true,"href":"https:\/\/www.tamaulipas.gob.mx\/trabajo\/wp-json\/wp\/v2\/comments?post=773"}],"version-history":[{"count":2,"href":"https:\/\/www.tamaulipas.gob.mx\/trabajo\/wp-json\/wp\/v2\/posts\/773\/revisions"}],"predecessor-version":[{"id":780,"href":"https:\/\/www.tamaulipas.gob.mx\/trabajo\/wp-json\/wp\/v2\/posts\/773\/revisions\/780"}],"wp:featuredmedia":[{"embeddable":true,"href":"https:\/\/www.tamaulipas.gob.mx\/trabajo\/wp-json\/wp\/v2\/media\/776"}],"wp:attachment":[{"href":"https:\/\/www.tamaulipas.gob.mx\/trabajo\/wp-json\/wp\/v2\/media?parent=773"}],"wp:term":[{"taxonomy":"category","embeddable":true,"href":"https:\/\/www.tamaulipas.gob.mx\/trabajo\/wp-json\/wp\/v2\/categories?post=773"},{"taxonomy":"post_tag","embeddable":true,"href":"https:\/\/www.tamaulipas.gob.mx\/trabajo\/wp-json\/wp\/v2\/tags?post=773"}],"curies":[{"name":"wp","href":"https:\/\/api.w.org\/{rel}","templated":true}]}}