{"id":755,"date":"2019-06-25T20:00:33","date_gmt":"2019-06-26T01:00:33","guid":{"rendered":"https:\/\/www.tamaulipas.gob.mx\/trabajo\/?p=755"},"modified":"2019-06-26T11:11:45","modified_gmt":"2019-06-26T16:11:45","slug":"prevalece-politica-laboral-para-generar-bienestar-y-certeza-juridica-a-tamaulipecos","status":"publish","type":"post","link":"https:\/\/www.tamaulipas.gob.mx\/trabajo\/2019\/06\/prevalece-politica-laboral-para-generar-bienestar-y-certeza-juridica-a-tamaulipecos\/","title":{"rendered":"Prevalece pol\u00edtica laboral, para generar bienestar y certeza jur\u00eddica a tamaulipecos"},"content":{"rendered":"<p><em><strong>El ejecutivo estatal da seguimiento a su pol\u00edtica laboral, para generar en los trabajadores tamaulipecos un mejor porvenir, as\u00ed como una certeza jur\u00eddica, eficaz y oportuna.<\/strong><\/em><\/p>\n<p style=\"text-align: right;\">ST-026-2019<\/p>\n<p>Junio 25 del 2019<\/p>\n<p>Ciudad de M\u00e9xico.- Secretarios del Trabajo de las entidades federativas, participaron de la Segunda Reuni\u00f3n de Secretarios del Trabajo y Hom\u00f3logos de los Gobiernos Estatales 2019, para dar seguimiento a los planes y programas encaminados al \u00e1mbito laboral.<\/p>\n<p>La implementaci\u00f3n de la Reforma Laboral, as\u00ed como la Coordinaci\u00f3n General del Servicio Nacional de Empleo entre otros temas, fueron parte de la agenda, y en los que se vislumbraron trabajos, retos y estrategias.<\/p>\n<p>En el evento estuvieron presentes autoridades federales y estatales, y se urgi\u00f3 a los funcionarios, agilizar los trabajos para instrumentar el nuevo Sistema de Justicia Laboral, ante esto Mar\u00eda Estela Chavira Mart\u00ednez, secretaria del trabajo por Tamaulipas, expres\u00f3 que el gobernador Francisco Garc\u00eda Cabeza de Vaca, se ha ocupado en conformar los planes y proyectos as\u00ed como los mecanismos para dar cumplimiento a los plazos establecidos.<\/p>\n<p>Argument\u00f3 que en Tamaulipas, se combate el rezago de expedientes y se trabaja en el tema de la ejecuci\u00f3n eficaz de los asuntos con laudo, para responder a los compromisos de Justicia Laboral, encaminados a la finalizaci\u00f3n de la funci\u00f3n de las Juntas de Conciliaci\u00f3n y Arbitraje, y dar pie a los Juzgados Laborales y sus actividades en el Poder Judicial del Estado.<\/p>\n<p>Referente la Coordinaci\u00f3n General del Servicio Nacional de Empleo, donde se entabl\u00f3 el tema de la implementaci\u00f3n de los recursos y programas, la funcionaria declar\u00f3 que previo al cierre del primer semestre del a\u00f1o, la entidad ha comprometido el 90% de los montos federales, y la estrategia a seguir est\u00e1 encaminada a complementar los servicios que ofrece el SNE Tamaulipas con recursos estatales, durante la segunda parte del ejercicio fiscal.<\/p>\n<p>Chavira Mart\u00ednez dej\u00f3 en claro que el ejecutivo estatal da seguimiento a su pol\u00edtica laboral, para generar en los trabajadores tamaulipecos un mejor porvenir, as\u00ed como una certeza jur\u00eddica, eficaz y oportuna.<\/p>\n<p style=\"text-align: center;\">###<\/p>\n<p>&nbsp;<\/p>\n<div class='owl-gallery'><div class='item'><a href='https:\/\/www.tamaulipas.gob.mx\/trabajo\/wp-content\/uploads\/sites\/11\/2019\/06\/2da-reunion-7.jpg' rel='galeria'><img src='https:\/\/www.tamaulipas.gob.mx\/trabajo\/wp-content\/uploads\/sites\/11\/2019\/06\/2da-reunion-7-850x500.jpg' srcset='' sizes='auto' alt=''><\/a><figcaption><\/figcaption><\/div><div class='item'><a href='https:\/\/www.tamaulipas.gob.mx\/trabajo\/wp-content\/uploads\/sites\/11\/2019\/06\/2da-reunion-6.jpg' rel='galeria'><img src='https:\/\/www.tamaulipas.gob.mx\/trabajo\/wp-content\/uploads\/sites\/11\/2019\/06\/2da-reunion-6-850x500.jpg' srcset='' sizes='auto' alt=''><\/a><figcaption><\/figcaption><\/div><div class='item'><a href='https:\/\/www.tamaulipas.gob.mx\/trabajo\/wp-content\/uploads\/sites\/11\/2019\/06\/2da-reunion-5.jpg' rel='galeria'><img src='https:\/\/www.tamaulipas.gob.mx\/trabajo\/wp-content\/uploads\/sites\/11\/2019\/06\/2da-reunion-5-850x500.jpg' srcset='' sizes='auto' alt=''><\/a><figcaption><\/figcaption><\/div><div class='item'><a href='https:\/\/www.tamaulipas.gob.mx\/trabajo\/wp-content\/uploads\/sites\/11\/2019\/06\/2da-reunion-4.jpg' rel='galeria'><img src='https:\/\/www.tamaulipas.gob.mx\/trabajo\/wp-content\/uploads\/sites\/11\/2019\/06\/2da-reunion-4-850x500.jpg' srcset='' sizes='auto' alt=''><\/a><figcaption><\/figcaption><\/div><div class='item'><a href='https:\/\/www.tamaulipas.gob.mx\/trabajo\/wp-content\/uploads\/sites\/11\/2019\/06\/2da-reunion-3.jpg' rel='galeria'><img src='https:\/\/www.tamaulipas.gob.mx\/trabajo\/wp-content\/uploads\/sites\/11\/2019\/06\/2da-reunion-3-850x500.jpg' srcset='' sizes='auto' alt=''><\/a><figcaption><\/figcaption><\/div><div class='item'><a href='https:\/\/www.tamaulipas.gob.mx\/trabajo\/wp-content\/uploads\/sites\/11\/2019\/06\/2da-reunion-2.jpg' rel='galeria'><img src='https:\/\/www.tamaulipas.gob.mx\/trabajo\/wp-content\/uploads\/sites\/11\/2019\/06\/2da-reunion-2-850x500.jpg' srcset='' sizes='auto' alt=''><\/a><figcaption><\/figcaption><\/div><div class='item'><a href='https:\/\/www.tamaulipas.gob.mx\/trabajo\/wp-content\/uploads\/sites\/11\/2019\/06\/2da-reunion-1.jpg' rel='galeria'><img src='https:\/\/www.tamaulipas.gob.mx\/trabajo\/wp-content\/uploads\/sites\/11\/2019\/06\/2da-reunion-1-850x500.jpg' srcset='' sizes='auto' alt=''><\/a><figcaption><\/figcaption><\/div><\/div>\n","protected":false},"excerpt":{"rendered":"<p>El ejecutivo estatal da seguimiento a su pol\u00edtica laboral, para generar en los trabajadores tamaulipecos un mejor porvenir, as\u00ed como una certeza jur\u00eddica, eficaz y\u2026<\/p>\n","protected":false},"author":63,"featured_media":759,"comment_status":"closed","ping_status":"closed","sticky":false,"template":"","format":"standard","meta":{"footnotes":""},"categories":[1],"tags":[],"class_list":["post-755","post","type-post","status-publish","format-standard","has-post-thumbnail","hentry","category-prensa"],"publishpress_future_action":{"enabled":false,"date":"2026-05-08 08:08:58","action":"change-status","newStatus":"draft","terms":[],"taxonomy":"category"},"_links":{"self":[{"href":"https:\/\/www.tamaulipas.gob.mx\/trabajo\/wp-json\/wp\/v2\/posts\/755"}],"collection":[{"href":"https:\/\/www.tamaulipas.gob.mx\/trabajo\/wp-json\/wp\/v2\/posts"}],"about":[{"href":"https:\/\/www.tamaulipas.gob.mx\/trabajo\/wp-json\/wp\/v2\/types\/post"}],"author":[{"embeddable":true,"href":"https:\/\/www.tamaulipas.gob.mx\/trabajo\/wp-json\/wp\/v2\/users\/63"}],"replies":[{"embeddable":true,"href":"https:\/\/www.tamaulipas.gob.mx\/trabajo\/wp-json\/wp\/v2\/comments?post=755"}],"version-history":[{"count":2,"href":"https:\/\/www.tamaulipas.gob.mx\/trabajo\/wp-json\/wp\/v2\/posts\/755\/revisions"}],"predecessor-version":[{"id":764,"href":"https:\/\/www.tamaulipas.gob.mx\/trabajo\/wp-json\/wp\/v2\/posts\/755\/revisions\/764"}],"wp:featuredmedia":[{"embeddable":true,"href":"https:\/\/www.tamaulipas.gob.mx\/trabajo\/wp-json\/wp\/v2\/media\/759"}],"wp:attachment":[{"href":"https:\/\/www.tamaulipas.gob.mx\/trabajo\/wp-json\/wp\/v2\/media?parent=755"}],"wp:term":[{"taxonomy":"category","embeddable":true,"href":"https:\/\/www.tamaulipas.gob.mx\/trabajo\/wp-json\/wp\/v2\/categories?post=755"},{"taxonomy":"post_tag","embeddable":true,"href":"https:\/\/www.tamaulipas.gob.mx\/trabajo\/wp-json\/wp\/v2\/tags?post=755"}],"curies":[{"name":"wp","href":"https:\/\/api.w.org\/{rel}","templated":true}]}}