{"id":741,"date":"2019-06-20T20:00:57","date_gmt":"2019-06-21T01:00:57","guid":{"rendered":"https:\/\/www.tamaulipas.gob.mx\/trabajo\/?p=741"},"modified":"2019-06-25T09:54:52","modified_gmt":"2019-06-25T14:54:52","slug":"clausuran-cursos-de-capacitacion-y-entregan-herramienta-de-trabajo-en-el-mante-y-xicotencatl","status":"publish","type":"post","link":"https:\/\/www.tamaulipas.gob.mx\/trabajo\/2019\/06\/clausuran-cursos-de-capacitacion-y-entregan-herramienta-de-trabajo-en-el-mante-y-xicotencatl\/","title":{"rendered":"Clausuran cursos de capacitaci\u00f3n y entregan herramienta de trabajo en El Mante y Xicot\u00e9ncatl"},"content":{"rendered":"<p><em><strong>Derivado a las pol\u00edticas del gobernador Francisco Garc\u00eda Cabeza de Vaca, es como se consolida un proyecto encaminado a brindar beneficios y una mejor calidad de vida.<\/strong><\/em><\/p>\n<p style=\"text-align: right;\">ST-025-2019<\/p>\n<p>Junio 20 del 2019<\/p>\n<p>El Mante, Tamaulipas.- El Gobierno de Estado, llev\u00f3 a cabo la clausura de cursos de Capacitaci\u00f3n para la Empleabilidad, y entreg\u00f3 herramienta de trabajo del Subprograma Fomento al Autoempleo, a habitantes de El Mante y Xicot\u00e9ncatl.<\/p>\n<p>A trav\u00e9s de la Secretar\u00eda del Trabajo, en coordinaci\u00f3n con el Servicio Nacional de Empleo Tamaulipas, destin\u00f3 recursos por m\u00e1s de 399 mil 200 pesos, para la formaci\u00f3n de 105 personas e Iniciativa de Ocupaci\u00f3n por Cuenta Propia (IOCP).<\/p>\n<p>Mar\u00eda Estela Chavira Mart\u00ednez, titular de la dependencia estatal, dio a conocer que derivado a las pol\u00edticas del gobernador Francisco Garc\u00eda Cabeza de Vaca, es como se consolida un proyecto encaminado a brindar beneficios, y una mejor calidad de vida.<\/p>\n<p>\u201cPara nosotros lo m\u00e1s importante es lo que hoy se siembra, con estos cursos y herramienta, seguros estamos que todos ustedes encontrar\u00e1n un empleo digno, formal o podr\u00e1n auto emplearse\u201d.<\/p>\n<p>En el Mante, en las instalaciones del Conalep, fueron clausurados los cursos de auxiliar administrativo y panader\u00eda, as\u00ed como el curso en la especialidad de costura industrial en la empresa Fondo Mante, tambi\u00e9n se entreg\u00f3 un carrito de tacos para la IOCP \u201cDon Chuy\u201d, y en Xicot\u00e9ncatl, se dio clausura al curso de cultora de belleza.<\/p>\n<p>Beneficiarios, quienes recibieron tarjetas con recurso econ\u00f3mico de un salario m\u00ednimo mensual, expresaron que los apoyos brindados, les permitir\u00e1 un ingreso adicional para sus familias y agradecieron a quienes destinaron los recursos.<\/p>\n<p>En las clausuras, Chavira Mart\u00ednez, expres\u00f3 que el gobernador sigue refrendando el compromiso de promover m\u00e1s empleos y capacitaci\u00f3n, a quienes requieren de conocimientos o realizar actividades propias.<\/p>\n<p>&nbsp;<\/p>\n<p style=\"text-align: center;\">###<\/p>\n<p>&nbsp;<\/p>\n<div class='owl-gallery'><div class='item'><a href='https:\/\/www.tamaulipas.gob.mx\/trabajo\/wp-content\/uploads\/sites\/11\/2019\/06\/mante-y-xico-11.jpg' rel='galeria'><img src='https:\/\/www.tamaulipas.gob.mx\/trabajo\/wp-content\/uploads\/sites\/11\/2019\/06\/mante-y-xico-11-850x500.jpg' srcset='' sizes='auto' alt=''><\/a><figcaption><\/figcaption><\/div><div class='item'><a href='https:\/\/www.tamaulipas.gob.mx\/trabajo\/wp-content\/uploads\/sites\/11\/2019\/06\/mante-y-xico-10.jpg' rel='galeria'><img src='https:\/\/www.tamaulipas.gob.mx\/trabajo\/wp-content\/uploads\/sites\/11\/2019\/06\/mante-y-xico-10-850x500.jpg' srcset='' sizes='auto' alt=''><\/a><figcaption><\/figcaption><\/div><div class='item'><a href='https:\/\/www.tamaulipas.gob.mx\/trabajo\/wp-content\/uploads\/sites\/11\/2019\/06\/mante-y-xico-9.jpg' rel='galeria'><img src='https:\/\/www.tamaulipas.gob.mx\/trabajo\/wp-content\/uploads\/sites\/11\/2019\/06\/mante-y-xico-9-850x500.jpg' srcset='' sizes='auto' alt=''><\/a><figcaption><\/figcaption><\/div><div class='item'><a href='https:\/\/www.tamaulipas.gob.mx\/trabajo\/wp-content\/uploads\/sites\/11\/2019\/06\/mante-y-xico-8.jpg' rel='galeria'><img src='https:\/\/www.tamaulipas.gob.mx\/trabajo\/wp-content\/uploads\/sites\/11\/2019\/06\/mante-y-xico-8-850x500.jpg' srcset='' sizes='auto' alt=''><\/a><figcaption><\/figcaption><\/div><div class='item'><a href='https:\/\/www.tamaulipas.gob.mx\/trabajo\/wp-content\/uploads\/sites\/11\/2019\/06\/mante-y-xico-7.jpg' rel='galeria'><img src='https:\/\/www.tamaulipas.gob.mx\/trabajo\/wp-content\/uploads\/sites\/11\/2019\/06\/mante-y-xico-7-850x500.jpg' srcset='' sizes='auto' alt=''><\/a><figcaption><\/figcaption><\/div><div class='item'><a href='https:\/\/www.tamaulipas.gob.mx\/trabajo\/wp-content\/uploads\/sites\/11\/2019\/06\/mante-y-xico-6.jpg' rel='galeria'><img src='https:\/\/www.tamaulipas.gob.mx\/trabajo\/wp-content\/uploads\/sites\/11\/2019\/06\/mante-y-xico-6-850x500.jpg' srcset='' sizes='auto' alt=''><\/a><figcaption><\/figcaption><\/div><div class='item'><a href='https:\/\/www.tamaulipas.gob.mx\/trabajo\/wp-content\/uploads\/sites\/11\/2019\/06\/mante-y-xico-5.jpg' rel='galeria'><img src='https:\/\/www.tamaulipas.gob.mx\/trabajo\/wp-content\/uploads\/sites\/11\/2019\/06\/mante-y-xico-5-850x500.jpg' srcset='' sizes='auto' alt=''><\/a><figcaption><\/figcaption><\/div><div class='item'><a href='https:\/\/www.tamaulipas.gob.mx\/trabajo\/wp-content\/uploads\/sites\/11\/2019\/06\/mante-y-xico-4.jpg' rel='galeria'><img src='https:\/\/www.tamaulipas.gob.mx\/trabajo\/wp-content\/uploads\/sites\/11\/2019\/06\/mante-y-xico-4-850x500.jpg' srcset='' sizes='auto' alt=''><\/a><figcaption><\/figcaption><\/div><div class='item'><a href='https:\/\/www.tamaulipas.gob.mx\/trabajo\/wp-content\/uploads\/sites\/11\/2019\/06\/mante-y-xico-3.jpg' rel='galeria'><img src='https:\/\/www.tamaulipas.gob.mx\/trabajo\/wp-content\/uploads\/sites\/11\/2019\/06\/mante-y-xico-3-850x500.jpg' srcset='' sizes='auto' alt=''><\/a><figcaption><\/figcaption><\/div><div class='item'><a href='https:\/\/www.tamaulipas.gob.mx\/trabajo\/wp-content\/uploads\/sites\/11\/2019\/06\/mante-y-xico-2.jpg' rel='galeria'><img src='https:\/\/www.tamaulipas.gob.mx\/trabajo\/wp-content\/uploads\/sites\/11\/2019\/06\/mante-y-xico-2-850x500.jpg' srcset='' sizes='auto' alt=''><\/a><figcaption><\/figcaption><\/div><div class='item'><a href='https:\/\/www.tamaulipas.gob.mx\/trabajo\/wp-content\/uploads\/sites\/11\/2019\/06\/mante-y-xico-1.jpg' rel='galeria'><img src='https:\/\/www.tamaulipas.gob.mx\/trabajo\/wp-content\/uploads\/sites\/11\/2019\/06\/mante-y-xico-1-850x500.jpg' srcset='' sizes='auto' alt=''><\/a><figcaption><\/figcaption><\/div><\/div>\n","protected":false},"excerpt":{"rendered":"<p>Derivado a las pol\u00edticas del gobernador Francisco Garc\u00eda Cabeza de Vaca, es como se consolida un proyecto encaminado a brindar beneficios y una mejor calidad\u2026<\/p>\n","protected":false},"author":63,"featured_media":744,"comment_status":"closed","ping_status":"closed","sticky":false,"template":"","format":"standard","meta":{"footnotes":""},"categories":[1],"tags":[],"class_list":["post-741","post","type-post","status-publish","format-standard","has-post-thumbnail","hentry","category-prensa"],"publishpress_future_action":{"enabled":false,"date":"2026-05-08 06:30:24","action":"change-status","newStatus":"draft","terms":[],"taxonomy":"category"},"_links":{"self":[{"href":"https:\/\/www.tamaulipas.gob.mx\/trabajo\/wp-json\/wp\/v2\/posts\/741"}],"collection":[{"href":"https:\/\/www.tamaulipas.gob.mx\/trabajo\/wp-json\/wp\/v2\/posts"}],"about":[{"href":"https:\/\/www.tamaulipas.gob.mx\/trabajo\/wp-json\/wp\/v2\/types\/post"}],"author":[{"embeddable":true,"href":"https:\/\/www.tamaulipas.gob.mx\/trabajo\/wp-json\/wp\/v2\/users\/63"}],"replies":[{"embeddable":true,"href":"https:\/\/www.tamaulipas.gob.mx\/trabajo\/wp-json\/wp\/v2\/comments?post=741"}],"version-history":[{"count":2,"href":"https:\/\/www.tamaulipas.gob.mx\/trabajo\/wp-json\/wp\/v2\/posts\/741\/revisions"}],"predecessor-version":[{"id":754,"href":"https:\/\/www.tamaulipas.gob.mx\/trabajo\/wp-json\/wp\/v2\/posts\/741\/revisions\/754"}],"wp:featuredmedia":[{"embeddable":true,"href":"https:\/\/www.tamaulipas.gob.mx\/trabajo\/wp-json\/wp\/v2\/media\/744"}],"wp:attachment":[{"href":"https:\/\/www.tamaulipas.gob.mx\/trabajo\/wp-json\/wp\/v2\/media?parent=741"}],"wp:term":[{"taxonomy":"category","embeddable":true,"href":"https:\/\/www.tamaulipas.gob.mx\/trabajo\/wp-json\/wp\/v2\/categories?post=741"},{"taxonomy":"post_tag","embeddable":true,"href":"https:\/\/www.tamaulipas.gob.mx\/trabajo\/wp-json\/wp\/v2\/tags?post=741"}],"curies":[{"name":"wp","href":"https:\/\/api.w.org\/{rel}","templated":true}]}}