{"id":71,"date":"2017-07-30T12:02:14","date_gmt":"2017-07-30T17:02:14","guid":{"rendered":"http:\/\/www.tamaulipas.gob.mx\/trabajo\/?p=71"},"modified":"2017-08-02T12:03:58","modified_gmt":"2017-08-02T17:03:58","slug":"en-tamaulipas-inclusion-laboral-para-adultos-mayores-y-con-capacidades-diferentes","status":"publish","type":"post","link":"https:\/\/www.tamaulipas.gob.mx\/trabajo\/2017\/07\/en-tamaulipas-inclusion-laboral-para-adultos-mayores-y-con-capacidades-diferentes\/","title":{"rendered":"En Tamaulipas, inclusi\u00f3n laboral para adultos mayores y con capacidades diferentes."},"content":{"rendered":"<p>Ciudad Victoria Tamaulipas.- Mejorar la calidad de vida de los grupos vulnerables en Tamaulipas, es un compromiso del Gobernador del Estado Francisco Garc\u00eda Cabeza de Vaca, dio a conocer la Secretaria del Trabajo Mar\u00eda Estela Chavira Mart\u00ednez, al anunciar la segunda etapa de las Ferias de Empleo, que durante la ocasi\u00f3n, estar\u00e1n enfocadas en brindar bolsa de trabajo a los adultos mayores y personas con capacidades diferentes.<\/p>\n<p>La funcionaria dijo, que las Ferias de Empleo para este sector, se tienen programadas durante la \u00faltima semana de agosto, e iniciaran en los municipios de Nuevo Laredo y Matamoros.<\/p>\n<p>\u201cEstamos trabajando de manera conjunta con el Sistema DIF Tamaulipas, que es una instancia que no solo se preocupa si no que se ocupa por brindar a las personas el apoyo necesario, y mediante esta medida estaremos redoblando esfuerzos para que las ferias sean exitosas.<\/p>\n<p>Para lograr este fin, el Servicio Nacional de Empleo Tamaulipas, mantiene conexiones con las empresas, para generar conciencia, conocer lineamientos y en base a ello, ofrecer la oportunidad para que los interesados pongan en pr\u00e1ctica sus habilidades y talentos.<\/p>\n<p>Chavira Mart\u00ednez explic\u00f3 que los adultos mayores y con capacidades diferentes, tendr\u00e1n a disposici\u00f3n, oportunidades laborales en \u00e1reas de servicios, operativas, de producci\u00f3n, instituciones educativas o centros comerciales, donde las jornadas sean acordes a su condici\u00f3n y salud.<\/p>\n<p>\u201cAtendiendo las instrucciones de nuestro gobernador, la Secretar\u00eda del Trabajo es una dependencia incluyente en el aspecto laboral, por eso esta feria ser\u00e1 \u00fanica y exclusivamente para abrir espacios para ellos.<\/p>\n<p>Destac\u00f3 que las personas de sectores vulnerables, tienen un impulso igual o mayor que aquellas que no lo tienen, no solo por la necesidad econ\u00f3mica sino por ser escuchados y atendidos en materia laboral.<\/p>\n","protected":false},"excerpt":{"rendered":"<p>Ciudad Victoria Tamaulipas.- Mejorar la calidad de vida de los grupos vulnerables en Tamaulipas, es un compromiso del Gobernador del Estado Francisco Garc\u00eda Cabeza de\u2026<\/p>\n","protected":false},"author":7,"featured_media":72,"comment_status":"closed","ping_status":"closed","sticky":false,"template":"","format":"standard","meta":{"footnotes":""},"categories":[1],"tags":[],"class_list":["post-71","post","type-post","status-publish","format-standard","has-post-thumbnail","hentry","category-prensa"],"publishpress_future_action":{"enabled":false,"date":"2026-05-08 03:33:11","action":"change-status","newStatus":"draft","terms":[],"taxonomy":"category"},"_links":{"self":[{"href":"https:\/\/www.tamaulipas.gob.mx\/trabajo\/wp-json\/wp\/v2\/posts\/71"}],"collection":[{"href":"https:\/\/www.tamaulipas.gob.mx\/trabajo\/wp-json\/wp\/v2\/posts"}],"about":[{"href":"https:\/\/www.tamaulipas.gob.mx\/trabajo\/wp-json\/wp\/v2\/types\/post"}],"author":[{"embeddable":true,"href":"https:\/\/www.tamaulipas.gob.mx\/trabajo\/wp-json\/wp\/v2\/users\/7"}],"replies":[{"embeddable":true,"href":"https:\/\/www.tamaulipas.gob.mx\/trabajo\/wp-json\/wp\/v2\/comments?post=71"}],"version-history":[{"count":3,"href":"https:\/\/www.tamaulipas.gob.mx\/trabajo\/wp-json\/wp\/v2\/posts\/71\/revisions"}],"predecessor-version":[{"id":75,"href":"https:\/\/www.tamaulipas.gob.mx\/trabajo\/wp-json\/wp\/v2\/posts\/71\/revisions\/75"}],"wp:featuredmedia":[{"embeddable":true,"href":"https:\/\/www.tamaulipas.gob.mx\/trabajo\/wp-json\/wp\/v2\/media\/72"}],"wp:attachment":[{"href":"https:\/\/www.tamaulipas.gob.mx\/trabajo\/wp-json\/wp\/v2\/media?parent=71"}],"wp:term":[{"taxonomy":"category","embeddable":true,"href":"https:\/\/www.tamaulipas.gob.mx\/trabajo\/wp-json\/wp\/v2\/categories?post=71"},{"taxonomy":"post_tag","embeddable":true,"href":"https:\/\/www.tamaulipas.gob.mx\/trabajo\/wp-json\/wp\/v2\/tags?post=71"}],"curies":[{"name":"wp","href":"https:\/\/api.w.org\/{rel}","templated":true}]}}