{"id":705,"date":"2019-06-17T20:00:47","date_gmt":"2019-06-18T01:00:47","guid":{"rendered":"https:\/\/www.tamaulipas.gob.mx\/trabajo\/?p=705"},"modified":"2019-06-19T07:50:21","modified_gmt":"2019-06-19T12:50:21","slug":"fomentan-el-autoempleo-para-generar-trabajo-seguro-y-remunerado","status":"publish","type":"post","link":"https:\/\/www.tamaulipas.gob.mx\/trabajo\/2019\/06\/fomentan-el-autoempleo-para-generar-trabajo-seguro-y-remunerado\/","title":{"rendered":"Fomentan el Autoempleo, para generar trabajo seguro y remunerado"},"content":{"rendered":"<p><em><strong>La encomienda del Gobernador Francisco Garc\u00eda Cabeza de Vaca, es apoyar a los tamaulipecos y estar atentos a sus necesidades.<\/strong><\/em><\/p>\n<p style=\"text-align: right;\">ST-023-2019<\/p>\n<p>Junio 17 del 2019<\/p>\n<p>Ciudad Victoria, Tamaulipas.- El Gobierno del Estado mantiene su estrategia de apoyo a los tamaulipecos, quienes buscan emprender un negocio por cuenta propia, entregando herramienta o equipo de trabajo para su desarrollo laboral.<\/p>\n<p>Mediante el subprograma Fomento al Autoempleo, que opera la Secretar\u00eda del Trabajo, mediante el Servicio Nacional de Empleo Tamaulipas, se ha logrado brindar atenci\u00f3n a 31 iniciativas de Ocupaci\u00f3n por Cuenta Propia (IOCP), beneficiando a m\u00e1s de 38 personas.<\/p>\n<p>Tal es el caso de Marcos Ibarra Maldonado, quien cuenta con su taller de hojalater\u00eda y pintura; \u201cTaller Ibarra\u201d, recibi\u00f3 del gobierno un compresor, una m\u00e1quina pulidora, un esmeril, una lijadora, una pistola de calor y un taladro roto martillo.<\/p>\n<p>Otro caso es el de Plinio Enr\u00edquez Rojas, de oficio carpintero, present\u00f3 su iniciativa \u201cTaller de carpinter\u00eda, Enr\u00edquez Victoria\u201d y le fue entregado un cepillo el\u00e9ctrico, una canteadora y un roto martillo, para trabajar la madera.<\/p>\n<p>Durante la entrega de equipo, Mar\u00eda Estela Chavira Mart\u00ednez, responsable de la dependencia estatal, dijo que la encomienda del Gobernador Francisco Garc\u00eda Cabeza de Vaca, es apoyar a los tamaulipecos y estar atentos a sus necesidades.<\/p>\n<p>\u201cEstamos entregando esta herramienta en custodia y estamos seguros que no solo se van a auto emplear, sino tambi\u00e9n le va a dar oportunidad de trabajo a alguien m\u00e1s que como ustedes busque salir adelante\u201d.<\/p>\n<p>Explic\u00f3 que con el subprograma Fomento al Autoempleo, se han erogado en lo que va del a\u00f1o, recursos econ\u00f3micos por m\u00e1s de $714,705 pesos en especie, destinados para quienes desean desarrollar una actividad por cuenta propia, que teniendo la experiencia no han logrado vincularse a un puesto de trabajo.<\/p>\n<p>Los beneficiarios agradecieron los apoyos entregados, y mencionaron que esto har\u00e1 que las familias salgan adelante, comprometi\u00e9ndose a hacer crecer su negocio a fin de seguir fomentando el empleo en Tamaulipas.<\/p>\n<p>&nbsp;<\/p>\n<p style=\"text-align: center;\">###<\/p>\n<p>&nbsp;<\/p>\n<div class='owl-gallery'><div class='item'><a href='https:\/\/www.tamaulipas.gob.mx\/trabajo\/wp-content\/uploads\/sites\/11\/2019\/06\/boletin-fa-9.jpeg' rel='galeria'><img src='https:\/\/www.tamaulipas.gob.mx\/trabajo\/wp-content\/uploads\/sites\/11\/2019\/06\/boletin-fa-9-850x500.jpeg' srcset='' sizes='auto' alt=''><\/a><figcaption><\/figcaption><\/div><div class='item'><a href='https:\/\/www.tamaulipas.gob.mx\/trabajo\/wp-content\/uploads\/sites\/11\/2019\/06\/boletin-fa-8.jpeg' rel='galeria'><img src='https:\/\/www.tamaulipas.gob.mx\/trabajo\/wp-content\/uploads\/sites\/11\/2019\/06\/boletin-fa-8-850x500.jpeg' srcset='' sizes='auto' alt=''><\/a><figcaption><\/figcaption><\/div><div class='item'><a href='https:\/\/www.tamaulipas.gob.mx\/trabajo\/wp-content\/uploads\/sites\/11\/2019\/06\/boletin-fa-6.jpeg' rel='galeria'><img src='https:\/\/www.tamaulipas.gob.mx\/trabajo\/wp-content\/uploads\/sites\/11\/2019\/06\/boletin-fa-6-850x500.jpeg' srcset='' sizes='auto' alt=''><\/a><figcaption><\/figcaption><\/div><div class='item'><a href='https:\/\/www.tamaulipas.gob.mx\/trabajo\/wp-content\/uploads\/sites\/11\/2019\/06\/boletin-fa-5.jpeg' rel='galeria'><img src='https:\/\/www.tamaulipas.gob.mx\/trabajo\/wp-content\/uploads\/sites\/11\/2019\/06\/boletin-fa-5-850x500.jpeg' srcset='' sizes='auto' alt=''><\/a><figcaption><\/figcaption><\/div><div class='item'><a href='https:\/\/www.tamaulipas.gob.mx\/trabajo\/wp-content\/uploads\/sites\/11\/2019\/06\/boletin-fa-4.jpeg' rel='galeria'><img src='https:\/\/www.tamaulipas.gob.mx\/trabajo\/wp-content\/uploads\/sites\/11\/2019\/06\/boletin-fa-4-850x500.jpeg' srcset='' sizes='auto' alt=''><\/a><figcaption><\/figcaption><\/div><div class='item'><a href='https:\/\/www.tamaulipas.gob.mx\/trabajo\/wp-content\/uploads\/sites\/11\/2019\/06\/boletin-fa-3.jpeg' rel='galeria'><img src='https:\/\/www.tamaulipas.gob.mx\/trabajo\/wp-content\/uploads\/sites\/11\/2019\/06\/boletin-fa-3-850x500.jpeg' srcset='' sizes='auto' alt=''><\/a><figcaption><\/figcaption><\/div><div class='item'><a href='https:\/\/www.tamaulipas.gob.mx\/trabajo\/wp-content\/uploads\/sites\/11\/2019\/06\/boletin-fa-2.jpeg' rel='galeria'><img src='https:\/\/www.tamaulipas.gob.mx\/trabajo\/wp-content\/uploads\/sites\/11\/2019\/06\/boletin-fa-2-850x500.jpeg' srcset='' sizes='auto' alt=''><\/a><figcaption><\/figcaption><\/div><div class='item'><a href='https:\/\/www.tamaulipas.gob.mx\/trabajo\/wp-content\/uploads\/sites\/11\/2019\/06\/boletin-fa-1.jpg' rel='galeria'><img src='https:\/\/www.tamaulipas.gob.mx\/trabajo\/wp-content\/uploads\/sites\/11\/2019\/06\/boletin-fa-1-850x500.jpg' srcset='' sizes='auto' alt=''><\/a><figcaption><\/figcaption><\/div><div class='item'><a href='https:\/\/www.tamaulipas.gob.mx\/trabajo\/wp-content\/uploads\/sites\/11\/2019\/06\/boletin-fa-1.jpeg' rel='galeria'><img src='https:\/\/www.tamaulipas.gob.mx\/trabajo\/wp-content\/uploads\/sites\/11\/2019\/06\/boletin-fa-1-850x500.jpeg' srcset='' sizes='auto' alt=''><\/a><figcaption><\/figcaption><\/div><div class='item'><a href='https:\/\/www.tamaulipas.gob.mx\/trabajo\/wp-content\/uploads\/sites\/11\/2019\/06\/boletin-fa-7.jpeg' rel='galeria'><img src='https:\/\/www.tamaulipas.gob.mx\/trabajo\/wp-content\/uploads\/sites\/11\/2019\/06\/boletin-fa-7-850x500.jpeg' srcset='' sizes='auto' alt=''><\/a><figcaption><\/figcaption><\/div><\/div>\n","protected":false},"excerpt":{"rendered":"<p>La encomienda del Gobernador Francisco Garc\u00eda Cabeza de Vaca, es apoyar a los tamaulipecos y estar atentos a sus necesidades. ST-023-2019 Junio 17 del 2019\u2026<\/p>\n","protected":false},"author":63,"featured_media":713,"comment_status":"closed","ping_status":"closed","sticky":false,"template":"","format":"standard","meta":{"footnotes":""},"categories":[1],"tags":[],"class_list":["post-705","post","type-post","status-publish","format-standard","has-post-thumbnail","hentry","category-prensa"],"publishpress_future_action":{"enabled":false,"date":"2026-05-08 06:30:02","action":"change-status","newStatus":"draft","terms":[],"taxonomy":"category"},"_links":{"self":[{"href":"https:\/\/www.tamaulipas.gob.mx\/trabajo\/wp-json\/wp\/v2\/posts\/705"}],"collection":[{"href":"https:\/\/www.tamaulipas.gob.mx\/trabajo\/wp-json\/wp\/v2\/posts"}],"about":[{"href":"https:\/\/www.tamaulipas.gob.mx\/trabajo\/wp-json\/wp\/v2\/types\/post"}],"author":[{"embeddable":true,"href":"https:\/\/www.tamaulipas.gob.mx\/trabajo\/wp-json\/wp\/v2\/users\/63"}],"replies":[{"embeddable":true,"href":"https:\/\/www.tamaulipas.gob.mx\/trabajo\/wp-json\/wp\/v2\/comments?post=705"}],"version-history":[{"count":1,"href":"https:\/\/www.tamaulipas.gob.mx\/trabajo\/wp-json\/wp\/v2\/posts\/705\/revisions"}],"predecessor-version":[{"id":716,"href":"https:\/\/www.tamaulipas.gob.mx\/trabajo\/wp-json\/wp\/v2\/posts\/705\/revisions\/716"}],"wp:featuredmedia":[{"embeddable":true,"href":"https:\/\/www.tamaulipas.gob.mx\/trabajo\/wp-json\/wp\/v2\/media\/713"}],"wp:attachment":[{"href":"https:\/\/www.tamaulipas.gob.mx\/trabajo\/wp-json\/wp\/v2\/media?parent=705"}],"wp:term":[{"taxonomy":"category","embeddable":true,"href":"https:\/\/www.tamaulipas.gob.mx\/trabajo\/wp-json\/wp\/v2\/categories?post=705"},{"taxonomy":"post_tag","embeddable":true,"href":"https:\/\/www.tamaulipas.gob.mx\/trabajo\/wp-json\/wp\/v2\/tags?post=705"}],"curies":[{"name":"wp","href":"https:\/\/api.w.org\/{rel}","templated":true}]}}