{"id":693,"date":"2019-06-12T20:00:54","date_gmt":"2019-06-13T01:00:54","guid":{"rendered":"https:\/\/www.tamaulipas.gob.mx\/trabajo\/?p=693"},"modified":"2019-06-14T15:27:12","modified_gmt":"2019-06-14T20:27:12","slug":"arrancan-campana-e-instalan-comision-intersecretarial-citi-para-erradicar-el-trabajo-infantil-de-tamaulipas","status":"publish","type":"post","link":"https:\/\/www.tamaulipas.gob.mx\/trabajo\/2019\/06\/arrancan-campana-e-instalan-comision-intersecretarial-citi-para-erradicar-el-trabajo-infantil-de-tamaulipas\/","title":{"rendered":"Arrancan campa\u00f1a e instalan Comisi\u00f3n Intersecretarial CITI, para erradicar el Trabajo Infantil de Tamaulipas"},"content":{"rendered":"<p><em><strong>Uno de los retos del gobernador Francisco Garc\u00eda Cabeza de Vaca, es buscar el bienestar de los tamaulipecos y un entorno que garantice sus derechos y felicidad.<\/strong><\/em><\/p>\n<p style=\"text-align: right;\">ST-021-2019<\/p>\n<p>Junio 12 del 2019<\/p>\n<p>Ciudad Victoria, Tamaulipas.- El Gobierno del Estado, dio arranque a la campa\u00f1a \u201cErradicar el Trabajo Infantil, es Responsabilidad de Todos\u201d, para hacer conciencia entre la poblaci\u00f3n, sobre los efectos negativos que causa a ni\u00f1as, ni\u00f1os y adolescentes, el emplearlos a una corta edad.<\/p>\n<p>En la Escuela Juana de Asbaje y Ram\u00edrez de Ciudad Victoria, autoridades de gobierno, representantes de instituciones, organismo y alumnos, dieron el banderazo de las pl\u00e1ticas, para sensibilizar a alumnos, maestros y padres de familia, buscando crear conciencia sobre los derechos de los menores y la importancia de estudiar y realizar actividades culturales.<\/p>\n<p>Mar\u00eda Estela Chavira Mart\u00ednez, Secretaria del Trabajo, dijo que uno de los retos del gobernador Francisco Garc\u00eda Cabeza de Vaca, es buscar el bienestar de los tamaulipecos y un entorno que garantice sus derechos y felicidad.<\/p>\n<p>\u201cComo gobierno, buscamos para las ni\u00f1as, ni\u00f1os y adolescentes, un futuro prometedor, que como adultos puedan disfrutar de una sociedad igualitaria, progresista y con un bienestar social garantizado\u201d.<\/p>\n<p>En el plantel educativo, se tom\u00f3 protesta a procuradores, inspectores del trabajo e inspectores infantiles, a quienes les fue encomendado proteger, promover los derechos, y denunciar a las ni\u00f1as, ni\u00f1os y adolescentes, v\u00edctimas de la explotaci\u00f3n derivada del trabajo infantil.<\/p>\n<p>Dentro de las actividades, tambi\u00e9n se llevo a cabo la instalaci\u00f3n y Primera Sesi\u00f3n Ordinaria 2019, de la Comisi\u00f3n Intersecretarial para la Prevenci\u00f3n y Erradicaci\u00f3n del Trabajo Infantil y Protecci\u00f3n de Adolescentes Trabajadores en el Estado de Tamaulipas (CITI), integrada por representantes del sector social y privado.<\/p>\n<p>Mar\u00eda Guadalupe Z\u00fa\u00f1iga Salazar, Secretaria Ejecutiva del Sistema Estatal de Protecci\u00f3n Integral de los Derechos de las Ni\u00f1as, Ni\u00f1os y Adolescentes (SIPPINA), explic\u00f3 que mediante esta acci\u00f3n, se busca establecer estrategias apegadas a las pol\u00edticas p\u00fablicas, a fin de que sean adoptadas por las dependencias y entidades de la administraci\u00f3n p\u00fablica estatal, en el \u00e1mbito de sus respectivas competencias.<\/p>\n<p>La Comisi\u00f3n Intersecretarial para la Prevenci\u00f3n y Erradicaci\u00f3n del Trabajo Infantil y Protecci\u00f3n de Adolescentes Trabajadores en el Estado de Tamaulipas, fue creada en el a\u00f1o 2014, sin embargo permaneci\u00f3 por varios a\u00f1os sin funcionamiento ni propuestas, de quienes fueron sus integrantes.<\/p>\n<p>Mar\u00eda Estela Chavira Mart\u00ednez, argument\u00f3 que con estos trabajos, se busca cumplir con la encomienda del gobernador, de contribuir por un Tamaulipas libre de Trabajo Infantil.<\/p>\n<p style=\"text-align: center;\">\u00a0\u00a0###<\/p>\n<p>&nbsp;<\/p>\n<p>&nbsp;<\/p>\n<div class='owl-gallery'><div class='item'><a href='https:\/\/www.tamaulipas.gob.mx\/trabajo\/wp-content\/uploads\/sites\/11\/2019\/06\/trabajo-infantil-8.jpg' rel='galeria'><img src='https:\/\/www.tamaulipas.gob.mx\/trabajo\/wp-content\/uploads\/sites\/11\/2019\/06\/trabajo-infantil-8-850x500.jpg' srcset='' sizes='auto' alt=''><\/a><figcaption><\/figcaption><\/div><div class='item'><a href='https:\/\/www.tamaulipas.gob.mx\/trabajo\/wp-content\/uploads\/sites\/11\/2019\/06\/trabajo-infantil-7.jpg' rel='galeria'><img src='https:\/\/www.tamaulipas.gob.mx\/trabajo\/wp-content\/uploads\/sites\/11\/2019\/06\/trabajo-infantil-7-850x500.jpg' srcset='' sizes='auto' alt=''><\/a><figcaption><\/figcaption><\/div><div class='item'><a href='https:\/\/www.tamaulipas.gob.mx\/trabajo\/wp-content\/uploads\/sites\/11\/2019\/06\/trabajo-infantil-6.jpg' rel='galeria'><img src='https:\/\/www.tamaulipas.gob.mx\/trabajo\/wp-content\/uploads\/sites\/11\/2019\/06\/trabajo-infantil-6-850x500.jpg' srcset='' sizes='auto' alt=''><\/a><figcaption><\/figcaption><\/div><div class='item'><a href='https:\/\/www.tamaulipas.gob.mx\/trabajo\/wp-content\/uploads\/sites\/11\/2019\/06\/trabajo-infantil-5.jpg' rel='galeria'><img src='https:\/\/www.tamaulipas.gob.mx\/trabajo\/wp-content\/uploads\/sites\/11\/2019\/06\/trabajo-infantil-5-850x500.jpg' srcset='' sizes='auto' alt=''><\/a><figcaption><\/figcaption><\/div><div class='item'><a href='https:\/\/www.tamaulipas.gob.mx\/trabajo\/wp-content\/uploads\/sites\/11\/2019\/06\/trabajo-infantil-4.jpeg' rel='galeria'><img src='https:\/\/www.tamaulipas.gob.mx\/trabajo\/wp-content\/uploads\/sites\/11\/2019\/06\/trabajo-infantil-4-850x500.jpeg' srcset='' sizes='auto' alt=''><\/a><figcaption><\/figcaption><\/div><div class='item'><a href='https:\/\/www.tamaulipas.gob.mx\/trabajo\/wp-content\/uploads\/sites\/11\/2019\/06\/trabajo-infantil-3.jpeg' rel='galeria'><img src='https:\/\/www.tamaulipas.gob.mx\/trabajo\/wp-content\/uploads\/sites\/11\/2019\/06\/trabajo-infantil-3-850x500.jpeg' srcset='' sizes='auto' alt=''><\/a><figcaption><\/figcaption><\/div><div class='item'><a href='https:\/\/www.tamaulipas.gob.mx\/trabajo\/wp-content\/uploads\/sites\/11\/2019\/06\/trabajo-infantil-2.jpeg' rel='galeria'><img src='https:\/\/www.tamaulipas.gob.mx\/trabajo\/wp-content\/uploads\/sites\/11\/2019\/06\/trabajo-infantil-2-850x500.jpeg' srcset='' sizes='auto' alt=''><\/a><figcaption><\/figcaption><\/div><div class='item'><a href='https:\/\/www.tamaulipas.gob.mx\/trabajo\/wp-content\/uploads\/sites\/11\/2019\/06\/trabajo-infantil-1.jpeg' rel='galeria'><img src='https:\/\/www.tamaulipas.gob.mx\/trabajo\/wp-content\/uploads\/sites\/11\/2019\/06\/trabajo-infantil-1-850x500.jpeg' srcset='' sizes='auto' alt=''><\/a><figcaption><\/figcaption><\/div><\/div>\n","protected":false},"excerpt":{"rendered":"<p>Uno de los retos del gobernador Francisco Garc\u00eda Cabeza de Vaca, es buscar el bienestar de los tamaulipecos y un entorno que garantice sus derechos\u2026<\/p>\n","protected":false},"author":63,"featured_media":696,"comment_status":"closed","ping_status":"closed","sticky":false,"template":"","format":"standard","meta":{"footnotes":""},"categories":[1],"tags":[],"class_list":["post-693","post","type-post","status-publish","format-standard","has-post-thumbnail","hentry","category-prensa"],"publishpress_future_action":{"enabled":false,"date":"2026-05-08 06:30:03","action":"change-status","newStatus":"draft","terms":[],"taxonomy":"category"},"_links":{"self":[{"href":"https:\/\/www.tamaulipas.gob.mx\/trabajo\/wp-json\/wp\/v2\/posts\/693"}],"collection":[{"href":"https:\/\/www.tamaulipas.gob.mx\/trabajo\/wp-json\/wp\/v2\/posts"}],"about":[{"href":"https:\/\/www.tamaulipas.gob.mx\/trabajo\/wp-json\/wp\/v2\/types\/post"}],"author":[{"embeddable":true,"href":"https:\/\/www.tamaulipas.gob.mx\/trabajo\/wp-json\/wp\/v2\/users\/63"}],"replies":[{"embeddable":true,"href":"https:\/\/www.tamaulipas.gob.mx\/trabajo\/wp-json\/wp\/v2\/comments?post=693"}],"version-history":[{"count":2,"href":"https:\/\/www.tamaulipas.gob.mx\/trabajo\/wp-json\/wp\/v2\/posts\/693\/revisions"}],"predecessor-version":[{"id":703,"href":"https:\/\/www.tamaulipas.gob.mx\/trabajo\/wp-json\/wp\/v2\/posts\/693\/revisions\/703"}],"wp:featuredmedia":[{"embeddable":true,"href":"https:\/\/www.tamaulipas.gob.mx\/trabajo\/wp-json\/wp\/v2\/media\/696"}],"wp:attachment":[{"href":"https:\/\/www.tamaulipas.gob.mx\/trabajo\/wp-json\/wp\/v2\/media?parent=693"}],"wp:term":[{"taxonomy":"category","embeddable":true,"href":"https:\/\/www.tamaulipas.gob.mx\/trabajo\/wp-json\/wp\/v2\/categories?post=693"},{"taxonomy":"post_tag","embeddable":true,"href":"https:\/\/www.tamaulipas.gob.mx\/trabajo\/wp-json\/wp\/v2\/tags?post=693"}],"curies":[{"name":"wp","href":"https:\/\/api.w.org\/{rel}","templated":true}]}}