{"id":657,"date":"2019-04-04T20:00:03","date_gmt":"2019-04-05T02:00:03","guid":{"rendered":"https:\/\/www.tamaulipas.gob.mx\/trabajo\/?p=657"},"modified":"2019-06-14T14:55:59","modified_gmt":"2019-06-14T19:55:59","slug":"ferias-de-empleo-oportunidades-que-generan-mejores-condiciones-de-vida","status":"publish","type":"post","link":"https:\/\/www.tamaulipas.gob.mx\/trabajo\/2019\/04\/ferias-de-empleo-oportunidades-que-generan-mejores-condiciones-de-vida\/","title":{"rendered":"Ferias de Empleo, oportunidades que generan mejores condiciones de vida"},"content":{"rendered":"<p><em><strong>Por las atinadas acciones del Gobernador Francisco Garc\u00eda Cabeza de Vaca, empresas nacionales e internacionales voltean a ver a Tamaulipas, donde se hace respetar el estado de derecho, como un lugar seguro para invertir y generar fuentes de trabajo.<\/strong><\/em><\/p>\n<p style=\"text-align: right;\">ST-016-2019<\/p>\n<p>Abril 04 del 2019<\/p>\n<p>Reynosa, Tamaulipas.- El Gobierno del Estado mediante la Secretar\u00eda del Trabajo, en coordinaci\u00f3n con el Servicio Nacional de Empleo Tamaulipas, inaugur\u00f3 en esta frontera, la Primera Feria de Empleo Reynosa 2019, ofertando m\u00e1s de 3 mil 250 vacantes.<\/p>\n<p>El evento desarrollado en el Gimnasio Multidisciplinario de la UAT, concentr\u00f3 a 105 empresas quienes ofertaron su bolsa de trabajo; 38 de ellas para la industria, 34 para el \u00e1rea de comercio y 33 para la rama de servicios.<\/p>\n<p>Mar\u00eda Estela Chavira Mart\u00ednez, Secretaria del Trabajo, dijo que por las atinadas acciones del Gobernador Francisco Garc\u00eda Cabeza de Vaca, empresas nacionales e internacionales voltean a ver a Tamaulipas, donde se hace respetar el estado de derecho, como un lugar seguro para invertir y generar fuentes de trabajo.<\/p>\n<p>\u201cTamaulipas es y seguir\u00e1 siendo motor de empleo formal, bien pagado y con todas las prestaciones que la ley otorga\u201d, dijo la funcionaria.<\/p>\n<p>Destac\u00f3 que Reynosa sigue siendo el municipio con mayor dinamismo en cuanto a desarrollo econ\u00f3mico y generaci\u00f3n de empleo, y enfatiz\u00f3 que durante enero y febrero, en esta frontera se crearon 6 mil 508 empleos, de los 7 mil 859 generados en la entidad, as\u00ed mismo declar\u00f3 que con estas cifras, suman 235 mil 218 trabajadores afiliados al IMSS.<\/p>\n<p>El encargado del despacho de la oficina de representaci\u00f3n territorial de la Secretar\u00eda del Trabajo y Previsi\u00f3n Social, del gobierno federal, Iv\u00e1n Karim Rocha Picazo, apunt\u00f3 que en las ferias de empleo, se conjunta a empresarios y buscadores de empleo, propiciando la vinculaci\u00f3n laboral para que todos los sectores de la poblaci\u00f3n tengan las oportunidades de colocarse en un empleo digno, formal y decente.<\/p>\n<p>En la Feria de Empleo, Chavira Mart\u00ednez, dijo que el gobernador sigue sumando esfuerzos para generar nuevas oportunidades para que las familias tengan mejores condiciones de vida.<\/p>\n<p>&nbsp;<\/p>\n<p style=\"text-align: center;\">###<\/p>\n<p>&nbsp;<\/p>\n<div class='owl-gallery'><div class='item'><a href='https:\/\/www.tamaulipas.gob.mx\/trabajo\/wp-content\/uploads\/sites\/11\/2019\/06\/boletin-feria-reynosa-13.jpg' rel='galeria'><img src='https:\/\/www.tamaulipas.gob.mx\/trabajo\/wp-content\/uploads\/sites\/11\/2019\/06\/boletin-feria-reynosa-13-850x500.jpg' srcset='' sizes='auto' alt=''><\/a><figcaption><\/figcaption><\/div><div class='item'><a href='https:\/\/www.tamaulipas.gob.mx\/trabajo\/wp-content\/uploads\/sites\/11\/2019\/06\/boletin-feria-reynosa-12.jpg' rel='galeria'><img src='https:\/\/www.tamaulipas.gob.mx\/trabajo\/wp-content\/uploads\/sites\/11\/2019\/06\/boletin-feria-reynosa-12-850x500.jpg' srcset='' sizes='auto' alt=''><\/a><figcaption><\/figcaption><\/div><div class='item'><a href='https:\/\/www.tamaulipas.gob.mx\/trabajo\/wp-content\/uploads\/sites\/11\/2019\/06\/boletin-feria-reynosa-11.jpg' rel='galeria'><img src='https:\/\/www.tamaulipas.gob.mx\/trabajo\/wp-content\/uploads\/sites\/11\/2019\/06\/boletin-feria-reynosa-11-850x500.jpg' srcset='' sizes='auto' alt=''><\/a><figcaption><\/figcaption><\/div><div class='item'><a href='https:\/\/www.tamaulipas.gob.mx\/trabajo\/wp-content\/uploads\/sites\/11\/2019\/06\/boletin-feria-reynosa-10.jpg' rel='galeria'><img src='https:\/\/www.tamaulipas.gob.mx\/trabajo\/wp-content\/uploads\/sites\/11\/2019\/06\/boletin-feria-reynosa-10-850x500.jpg' srcset='' sizes='auto' alt=''><\/a><figcaption><\/figcaption><\/div><div class='item'><a href='https:\/\/www.tamaulipas.gob.mx\/trabajo\/wp-content\/uploads\/sites\/11\/2019\/06\/boletin-feria-reynosa-9.jpg' rel='galeria'><img src='https:\/\/www.tamaulipas.gob.mx\/trabajo\/wp-content\/uploads\/sites\/11\/2019\/06\/boletin-feria-reynosa-9-850x500.jpg' srcset='' sizes='auto' alt=''><\/a><figcaption><\/figcaption><\/div><div class='item'><a href='https:\/\/www.tamaulipas.gob.mx\/trabajo\/wp-content\/uploads\/sites\/11\/2019\/06\/boletin-feria-reynosa-8.jpg' rel='galeria'><img src='https:\/\/www.tamaulipas.gob.mx\/trabajo\/wp-content\/uploads\/sites\/11\/2019\/06\/boletin-feria-reynosa-8-850x500.jpg' srcset='' sizes='auto' alt=''><\/a><figcaption><\/figcaption><\/div><div class='item'><a href='https:\/\/www.tamaulipas.gob.mx\/trabajo\/wp-content\/uploads\/sites\/11\/2019\/06\/boletin-feria-reynosa-7.jpg' rel='galeria'><img src='https:\/\/www.tamaulipas.gob.mx\/trabajo\/wp-content\/uploads\/sites\/11\/2019\/06\/boletin-feria-reynosa-7-850x500.jpg' srcset='' sizes='auto' alt=''><\/a><figcaption><\/figcaption><\/div><div class='item'><a href='https:\/\/www.tamaulipas.gob.mx\/trabajo\/wp-content\/uploads\/sites\/11\/2019\/06\/boletin-feria-reynosa-6.jpg' rel='galeria'><img src='https:\/\/www.tamaulipas.gob.mx\/trabajo\/wp-content\/uploads\/sites\/11\/2019\/06\/boletin-feria-reynosa-6-850x500.jpg' srcset='' sizes='auto' alt=''><\/a><figcaption><\/figcaption><\/div><div class='item'><a href='https:\/\/www.tamaulipas.gob.mx\/trabajo\/wp-content\/uploads\/sites\/11\/2019\/06\/boletin-feria-reynosa-5.jpg' rel='galeria'><img src='https:\/\/www.tamaulipas.gob.mx\/trabajo\/wp-content\/uploads\/sites\/11\/2019\/06\/boletin-feria-reynosa-5-850x500.jpg' srcset='' sizes='auto' alt=''><\/a><figcaption><\/figcaption><\/div><div class='item'><a href='https:\/\/www.tamaulipas.gob.mx\/trabajo\/wp-content\/uploads\/sites\/11\/2019\/06\/boletin-feria-reynosa-4.jpg' rel='galeria'><img src='https:\/\/www.tamaulipas.gob.mx\/trabajo\/wp-content\/uploads\/sites\/11\/2019\/06\/boletin-feria-reynosa-4-850x500.jpg' srcset='' sizes='auto' alt=''><\/a><figcaption><\/figcaption><\/div><div class='item'><a href='https:\/\/www.tamaulipas.gob.mx\/trabajo\/wp-content\/uploads\/sites\/11\/2019\/06\/boletin-feria-reynosa-3.jpg' rel='galeria'><img src='https:\/\/www.tamaulipas.gob.mx\/trabajo\/wp-content\/uploads\/sites\/11\/2019\/06\/boletin-feria-reynosa-3-850x500.jpg' srcset='' sizes='auto' alt=''><\/a><figcaption><\/figcaption><\/div><div class='item'><a href='https:\/\/www.tamaulipas.gob.mx\/trabajo\/wp-content\/uploads\/sites\/11\/2019\/06\/boletin-feria-reynosa-2.jpg' rel='galeria'><img src='https:\/\/www.tamaulipas.gob.mx\/trabajo\/wp-content\/uploads\/sites\/11\/2019\/06\/boletin-feria-reynosa-2-850x500.jpg' srcset='' sizes='auto' alt=''><\/a><figcaption><\/figcaption><\/div><div class='item'><a href='https:\/\/www.tamaulipas.gob.mx\/trabajo\/wp-content\/uploads\/sites\/11\/2019\/06\/boletin-feria-reynosa-1.jpg' rel='galeria'><img src='https:\/\/www.tamaulipas.gob.mx\/trabajo\/wp-content\/uploads\/sites\/11\/2019\/06\/boletin-feria-reynosa-1-850x500.jpg' srcset='' sizes='auto' alt=''><\/a><figcaption><\/figcaption><\/div><\/div>\n","protected":false},"excerpt":{"rendered":"<p>Por las atinadas acciones del Gobernador Francisco Garc\u00eda Cabeza de Vaca, empresas nacionales e internacionales voltean a ver a Tamaulipas, donde se hace respetar el\u2026<\/p>\n","protected":false},"author":63,"featured_media":658,"comment_status":"closed","ping_status":"closed","sticky":false,"template":"","format":"standard","meta":{"footnotes":""},"categories":[1],"tags":[],"class_list":["post-657","post","type-post","status-publish","format-standard","has-post-thumbnail","hentry","category-prensa"],"publishpress_future_action":{"enabled":false,"date":"2026-05-08 06:30:17","action":"change-status","newStatus":"draft","terms":[],"taxonomy":"category"},"_links":{"self":[{"href":"https:\/\/www.tamaulipas.gob.mx\/trabajo\/wp-json\/wp\/v2\/posts\/657"}],"collection":[{"href":"https:\/\/www.tamaulipas.gob.mx\/trabajo\/wp-json\/wp\/v2\/posts"}],"about":[{"href":"https:\/\/www.tamaulipas.gob.mx\/trabajo\/wp-json\/wp\/v2\/types\/post"}],"author":[{"embeddable":true,"href":"https:\/\/www.tamaulipas.gob.mx\/trabajo\/wp-json\/wp\/v2\/users\/63"}],"replies":[{"embeddable":true,"href":"https:\/\/www.tamaulipas.gob.mx\/trabajo\/wp-json\/wp\/v2\/comments?post=657"}],"version-history":[{"count":1,"href":"https:\/\/www.tamaulipas.gob.mx\/trabajo\/wp-json\/wp\/v2\/posts\/657\/revisions"}],"predecessor-version":[{"id":671,"href":"https:\/\/www.tamaulipas.gob.mx\/trabajo\/wp-json\/wp\/v2\/posts\/657\/revisions\/671"}],"wp:featuredmedia":[{"embeddable":true,"href":"https:\/\/www.tamaulipas.gob.mx\/trabajo\/wp-json\/wp\/v2\/media\/658"}],"wp:attachment":[{"href":"https:\/\/www.tamaulipas.gob.mx\/trabajo\/wp-json\/wp\/v2\/media?parent=657"}],"wp:term":[{"taxonomy":"category","embeddable":true,"href":"https:\/\/www.tamaulipas.gob.mx\/trabajo\/wp-json\/wp\/v2\/categories?post=657"},{"taxonomy":"post_tag","embeddable":true,"href":"https:\/\/www.tamaulipas.gob.mx\/trabajo\/wp-json\/wp\/v2\/tags?post=657"}],"curies":[{"name":"wp","href":"https:\/\/api.w.org\/{rel}","templated":true}]}}