{"id":620,"date":"2019-03-26T20:00:02","date_gmt":"2019-03-27T02:00:02","guid":{"rendered":"https:\/\/www.tamaulipas.gob.mx\/trabajo\/?p=620"},"modified":"2019-06-14T14:36:52","modified_gmt":"2019-06-14T19:36:52","slug":"arrancan-ferias-de-empleo-y-ofertan-vacantes-para-empresas-del-norte-y-sur-de-tamaulipas","status":"publish","type":"post","link":"https:\/\/www.tamaulipas.gob.mx\/trabajo\/2019\/03\/arrancan-ferias-de-empleo-y-ofertan-vacantes-para-empresas-del-norte-y-sur-de-tamaulipas\/","title":{"rendered":"Arrancan Ferias de Empleo, y ofertan vacantes para empresas del norte y sur de Tamaulipas"},"content":{"rendered":"<p><em><strong>Con las estrategias del Gobernador Francisco Garc\u00eda Cabeza de Vaca, Tamaulipas se encuentra entre los 10 primeros estado con mayor generaci\u00f3n de empleo, y a la fecha es un polo de crecimiento y destino de inversi\u00f3n.<\/strong><\/em><\/p>\n<p style=\"text-align: right;\">ST-014-2019<\/p>\n<p>Marzo 26 del 2019<\/p>\n<p>Ciudad Victoria, Tamaulipas.- Con la Feria de Empleo de Movilidad Laboral, el Gobierno de Tamaulipas inaugur\u00f3 la Primera Etapa de Ferias de Empleo 2019, en la que se ofertar\u00e1n m\u00e1s de 5 mil 450 puestos de trabajo.<\/p>\n<p>El arranque se dio en las instalaciones del Polyforum Victoria, concentrando a m\u00e1s de 70 empresas ubicadas en el norte y sur del estado, con 3 mil vacantes para buscadores de empleo, con intenci\u00f3n de emigrar a otros municipios.<\/p>\n<p>Mar\u00eda Estela Chavira Mart\u00ednez, Secretaria del Trabajo, dio a conocer que con las estrategias del Gobernador Francisco Garc\u00eda Cabeza de Vaca, Tamaulipas se encuentra entre los 10 primeros estado con mayor generaci\u00f3n de empleo, y a la fecha es un polo de crecimiento y destino de inversi\u00f3n.<\/p>\n<p>\u201cLos trabajadores tamaulipecos son reconocidos por su mano de obra y calidad, y con las pol\u00edticas implementadas por el mandatario, se ha generado un n\u00famero r\u00e9cord en empleos\u201d.<\/p>\n<p>En la Feria de Empleo de Movilidad Laboral, la Secretar\u00eda del Trabajo mediante el Servicio Nacional de Empleo Tamaulipas, firm\u00f3 convenios con la Secretar\u00eda de Educaci\u00f3n, Salud y Bienestar Social, para ofrecer servicios de manera integral a los trabajadores que sean contratados por las empresas.<\/p>\n<p>\u201cCon el convenio Salud segura hasta tu hogar, se brindar\u00e1 al trabajador los servicios de salud, mediante el programa Tam te Cuida, tambi\u00e9n con el convenio Escuela segura para los hijos, a las familias se les garantizar\u00e1 el ingreso de los menores a cualquier nivel de escolaridad, as\u00ed como becas, y con la Secretar\u00eda de Bienestar Social, se nombrar\u00e1 a los padres de familia como titulares de derecho para garantizarles el ingreso a los programas alimentarios, explic\u00f3 la funcionaria.<\/p>\n<p>Iv\u00e1n Karim Rocha Picazo, encargado del despacho de la oficina de representaci\u00f3n territorial de la STPS, argument\u00f3 que con las ferias de empleo, se promueven los programas para lograr una vinculaci\u00f3n efectiva y la oportunidad para mejorar las condiciones de vida de las familias.<\/p>\n<p>Chavira Mart\u00ednez, quien estuvo acompa\u00f1ada por los alcaldes de Ciudad Victoria Tula, Soto La Marina y Jim\u00e9nez as\u00ed como por secretarios del gobierno del estado, anunci\u00f3 que dentro de la Primera Etapa de Ferias de Empleo, est\u00e1 contemplado acercar la bolsa de trabajo a residentes de municipios como Tampico, Altamira, Madero, Matamoros, Reynosa y Nuevo Laredo.<\/p>\n<p style=\"text-align: center;\">###<\/p>\n<p>&nbsp;<\/p>\n<p>Conductor: Mario G\u00e1mez Televisa Tampico.<br \/>\nDin\u00e1mica: Mesa dialogo (Intervienen otros actores)<br \/>\nFecha: lunes 1 de abril de 10:00 a 11:30 (se graba)<br \/>\nHora de transmisi\u00f3n: Por la noche<br \/>\nTema: Panorama Matamoros<\/p>\n<p>&nbsp;<\/p>\n<div class='owl-gallery'><div class='item'><a href='https:\/\/www.tamaulipas.gob.mx\/trabajo\/wp-content\/uploads\/sites\/11\/2019\/06\/feria-mov-12.jpg' rel='galeria'><img src='https:\/\/www.tamaulipas.gob.mx\/trabajo\/wp-content\/uploads\/sites\/11\/2019\/06\/feria-mov-12-850x500.jpg' srcset='' sizes='auto' alt=''><\/a><figcaption><\/figcaption><\/div><div class='item'><a href='https:\/\/www.tamaulipas.gob.mx\/trabajo\/wp-content\/uploads\/sites\/11\/2019\/06\/feria-mov-11.jpg' rel='galeria'><img src='https:\/\/www.tamaulipas.gob.mx\/trabajo\/wp-content\/uploads\/sites\/11\/2019\/06\/feria-mov-11-850x500.jpg' srcset='' sizes='auto' alt=''><\/a><figcaption><\/figcaption><\/div><div class='item'><a href='https:\/\/www.tamaulipas.gob.mx\/trabajo\/wp-content\/uploads\/sites\/11\/2019\/06\/feria-mov-10.jpg' rel='galeria'><img src='https:\/\/www.tamaulipas.gob.mx\/trabajo\/wp-content\/uploads\/sites\/11\/2019\/06\/feria-mov-10-850x500.jpg' srcset='' sizes='auto' alt=''><\/a><figcaption><\/figcaption><\/div><div class='item'><a href='https:\/\/www.tamaulipas.gob.mx\/trabajo\/wp-content\/uploads\/sites\/11\/2019\/06\/feria-mov-8.jpg' rel='galeria'><img src='https:\/\/www.tamaulipas.gob.mx\/trabajo\/wp-content\/uploads\/sites\/11\/2019\/06\/feria-mov-8-850x500.jpg' srcset='' sizes='auto' alt=''><\/a><figcaption><\/figcaption><\/div><div class='item'><a href='https:\/\/www.tamaulipas.gob.mx\/trabajo\/wp-content\/uploads\/sites\/11\/2019\/06\/feria-mov-7.jpg' rel='galeria'><img src='https:\/\/www.tamaulipas.gob.mx\/trabajo\/wp-content\/uploads\/sites\/11\/2019\/06\/feria-mov-7-850x500.jpg' srcset='' sizes='auto' alt=''><\/a><figcaption><\/figcaption><\/div><div class='item'><a href='https:\/\/www.tamaulipas.gob.mx\/trabajo\/wp-content\/uploads\/sites\/11\/2019\/06\/feria-mov-6.jpg' rel='galeria'><img src='https:\/\/www.tamaulipas.gob.mx\/trabajo\/wp-content\/uploads\/sites\/11\/2019\/06\/feria-mov-6-850x500.jpg' srcset='' sizes='auto' alt=''><\/a><figcaption><\/figcaption><\/div><div class='item'><a href='https:\/\/www.tamaulipas.gob.mx\/trabajo\/wp-content\/uploads\/sites\/11\/2019\/06\/feria-mov-5.jpg' rel='galeria'><img src='https:\/\/www.tamaulipas.gob.mx\/trabajo\/wp-content\/uploads\/sites\/11\/2019\/06\/feria-mov-5-850x500.jpg' srcset='' sizes='auto' alt=''><\/a><figcaption><\/figcaption><\/div><div class='item'><a href='https:\/\/www.tamaulipas.gob.mx\/trabajo\/wp-content\/uploads\/sites\/11\/2019\/06\/feria-mov-4.jpg' rel='galeria'><img src='https:\/\/www.tamaulipas.gob.mx\/trabajo\/wp-content\/uploads\/sites\/11\/2019\/06\/feria-mov-4-850x500.jpg' srcset='' sizes='auto' alt=''><\/a><figcaption><\/figcaption><\/div><div class='item'><a href='https:\/\/www.tamaulipas.gob.mx\/trabajo\/wp-content\/uploads\/sites\/11\/2019\/06\/feria-mov-3.jpg' rel='galeria'><img src='https:\/\/www.tamaulipas.gob.mx\/trabajo\/wp-content\/uploads\/sites\/11\/2019\/06\/feria-mov-3-850x500.jpg' srcset='' sizes='auto' alt=''><\/a><figcaption><\/figcaption><\/div><div class='item'><a href='https:\/\/www.tamaulipas.gob.mx\/trabajo\/wp-content\/uploads\/sites\/11\/2019\/06\/feria-mov-2.jpg' rel='galeria'><img src='https:\/\/www.tamaulipas.gob.mx\/trabajo\/wp-content\/uploads\/sites\/11\/2019\/06\/feria-mov-2-850x500.jpg' srcset='' sizes='auto' alt=''><\/a><figcaption><\/figcaption><\/div><div class='item'><a href='https:\/\/www.tamaulipas.gob.mx\/trabajo\/wp-content\/uploads\/sites\/11\/2019\/06\/feria-mov-1.jpg' rel='galeria'><img src='https:\/\/www.tamaulipas.gob.mx\/trabajo\/wp-content\/uploads\/sites\/11\/2019\/06\/feria-mov-1-850x500.jpg' srcset='' sizes='auto' alt=''><\/a><figcaption><\/figcaption><\/div><div class='item'><a href='https:\/\/www.tamaulipas.gob.mx\/trabajo\/wp-content\/uploads\/sites\/11\/2019\/06\/feria-mov-9.jpg' rel='galeria'><img src='https:\/\/www.tamaulipas.gob.mx\/trabajo\/wp-content\/uploads\/sites\/11\/2019\/06\/feria-mov-9-850x500.jpg' srcset='' sizes='auto' alt=''><\/a><figcaption><\/figcaption><\/div><\/div>\n","protected":false},"excerpt":{"rendered":"<p>Con las estrategias del Gobernador Francisco Garc\u00eda Cabeza de Vaca, Tamaulipas se encuentra entre los 10 primeros estado con mayor generaci\u00f3n de empleo, y a\u2026<\/p>\n","protected":false},"author":63,"featured_media":629,"comment_status":"closed","ping_status":"closed","sticky":false,"template":"","format":"standard","meta":{"footnotes":""},"categories":[1],"tags":[],"class_list":["post-620","post","type-post","status-publish","format-standard","has-post-thumbnail","hentry","category-prensa"],"publishpress_future_action":{"enabled":false,"date":"2026-05-08 06:30:03","action":"change-status","newStatus":"draft","terms":[],"taxonomy":"category"},"_links":{"self":[{"href":"https:\/\/www.tamaulipas.gob.mx\/trabajo\/wp-json\/wp\/v2\/posts\/620"}],"collection":[{"href":"https:\/\/www.tamaulipas.gob.mx\/trabajo\/wp-json\/wp\/v2\/posts"}],"about":[{"href":"https:\/\/www.tamaulipas.gob.mx\/trabajo\/wp-json\/wp\/v2\/types\/post"}],"author":[{"embeddable":true,"href":"https:\/\/www.tamaulipas.gob.mx\/trabajo\/wp-json\/wp\/v2\/users\/63"}],"replies":[{"embeddable":true,"href":"https:\/\/www.tamaulipas.gob.mx\/trabajo\/wp-json\/wp\/v2\/comments?post=620"}],"version-history":[{"count":1,"href":"https:\/\/www.tamaulipas.gob.mx\/trabajo\/wp-json\/wp\/v2\/posts\/620\/revisions"}],"predecessor-version":[{"id":633,"href":"https:\/\/www.tamaulipas.gob.mx\/trabajo\/wp-json\/wp\/v2\/posts\/620\/revisions\/633"}],"wp:featuredmedia":[{"embeddable":true,"href":"https:\/\/www.tamaulipas.gob.mx\/trabajo\/wp-json\/wp\/v2\/media\/629"}],"wp:attachment":[{"href":"https:\/\/www.tamaulipas.gob.mx\/trabajo\/wp-json\/wp\/v2\/media?parent=620"}],"wp:term":[{"taxonomy":"category","embeddable":true,"href":"https:\/\/www.tamaulipas.gob.mx\/trabajo\/wp-json\/wp\/v2\/categories?post=620"},{"taxonomy":"post_tag","embeddable":true,"href":"https:\/\/www.tamaulipas.gob.mx\/trabajo\/wp-json\/wp\/v2\/tags?post=620"}],"curies":[{"name":"wp","href":"https:\/\/api.w.org\/{rel}","templated":true}]}}