{"id":614,"date":"2019-03-20T20:00:04","date_gmt":"2019-03-21T02:00:04","guid":{"rendered":"https:\/\/www.tamaulipas.gob.mx\/trabajo\/?p=614"},"modified":"2019-06-14T14:29:49","modified_gmt":"2019-06-14T19:29:49","slug":"tamaulipas-comprometida-con-la-paz-laboral-y-mejores-condiciones-de-vida-para-los-trabajadores","status":"publish","type":"post","link":"https:\/\/www.tamaulipas.gob.mx\/trabajo\/2019\/03\/tamaulipas-comprometida-con-la-paz-laboral-y-mejores-condiciones-de-vida-para-los-trabajadores\/","title":{"rendered":"Tamaulipas, comprometida con la paz laboral, y mejores condiciones de vida para los trabajadores"},"content":{"rendered":"<p><em><strong>Encuentro entre Secretarios del Trabajo y federaci\u00f3n, ruta que brindar\u00e1 mayores beneficios para los estados, en espec\u00edfico para Tamaulipas.\u00a0\u00a0<\/strong><\/em><\/p>\n<p style=\"text-align: right;\">ST-013-2019<\/p>\n<p>Marzo 20 del 2019<\/p>\n<p>Ciudad de M\u00e9xico.- La Secretar\u00eda del Trabajo y Previsi\u00f3n Social, llev\u00f3 a cabo su primer encuentro con sus hom\u00f3logos estatales, para anunciar las estrategias y los programas federales, que tiene considerados para el presente ejercicio fiscal 2019.<\/p>\n<p>En la convocatoria, se entablaron temas como el fortalecimiento del Servicio Nacional de Empleo, el nuevo modelo de inspecci\u00f3n, la implementaci\u00f3n de la Reforma Laboral y avances del programa J\u00f3venes Construyendo el Futuro, de los que secretarios de las entidades federativas externaron opiniones e inquietudes.<\/p>\n<p>Mar\u00eda Estela Chavira Mart\u00ednez, Secretaria del Trabajo, dio a conocer el inter\u00e9s del Gobernador Francisco Garc\u00eda Cabeza de Vaca, por que se tome en consideraci\u00f3n las particularidades presentes en Tamaulipas, relacionadas a la repatriaci\u00f3n de migrantes y al desempleo que en las \u00faltimas fechas se ha generado en Matamoros.<\/p>\n<p>\u201cTamaulipas no solo es territorio de transito sino de destino para muchos migrantes, otro tema es el presupuesto para atender y operar las oficinas del SNE, nosotros tenemos una situaci\u00f3n en qu\u00e9 trabajar, con m\u00e1s de 4 mil despidos en especifico de Matamoros\u201d.<\/p>\n<p>En la reuni\u00f3n, la titular de la STPS, Luisa Mar\u00eda Alcalde Luj\u00e1n, expuso la necesidad de una coordinaci\u00f3n estrecha entre ambos gobiernos y las partes involucradas, para dar seguimiento al proceso que permita los cambios que en un futuro se implementaran con la Reforma Laboral.<\/p>\n<p>En este rengl\u00f3n, la Secretaria por Tamaulipas, ratific\u00f3 el compromiso del gobierno estatal, para trabajar con la federaci\u00f3n en cada uno de los temas y retos, y con ello continuar con la reconstrucci\u00f3n de la paz laboral y la generaci\u00f3n de mejores condiciones de vida para los trabajadores.<\/p>\n<p>Chavira Mart\u00ednez, calific\u00f3 dicha reuni\u00f3n como positiva y productiva, derivado a que de esta forma, se fortalecer\u00e1 la ruta que brinde mayores beneficios para los estados, en espec\u00edfico para Tamaulipas.<\/p>\n<p style=\"text-align: center;\">###<\/p>\n<p>&nbsp;<\/p>\n<div class='owl-gallery'><div class='item'><a href='https:\/\/www.tamaulipas.gob.mx\/trabajo\/wp-content\/uploads\/sites\/11\/2019\/06\/reunion-srios-4-1.jpg' rel='galeria'><img src='https:\/\/www.tamaulipas.gob.mx\/trabajo\/wp-content\/uploads\/sites\/11\/2019\/06\/reunion-srios-4-1-850x500.jpg' srcset='' sizes='auto' alt=''><\/a><figcaption><\/figcaption><\/div><div class='item'><a href='https:\/\/www.tamaulipas.gob.mx\/trabajo\/wp-content\/uploads\/sites\/11\/2019\/06\/reunion-srios-3-1.jpg' rel='galeria'><img src='https:\/\/www.tamaulipas.gob.mx\/trabajo\/wp-content\/uploads\/sites\/11\/2019\/06\/reunion-srios-3-1-850x500.jpg' srcset='' sizes='auto' alt=''><\/a><figcaption><\/figcaption><\/div><div class='item'><a href='https:\/\/www.tamaulipas.gob.mx\/trabajo\/wp-content\/uploads\/sites\/11\/2019\/06\/reunion-srios-2-1.jpg' rel='galeria'><img src='https:\/\/www.tamaulipas.gob.mx\/trabajo\/wp-content\/uploads\/sites\/11\/2019\/06\/reunion-srios-2-1-850x500.jpg' srcset='' sizes='auto' alt=''><\/a><figcaption><\/figcaption><\/div><div class='item'><a href='https:\/\/www.tamaulipas.gob.mx\/trabajo\/wp-content\/uploads\/sites\/11\/2019\/06\/reunion-srios-1-1.jpg' rel='galeria'><img src='https:\/\/www.tamaulipas.gob.mx\/trabajo\/wp-content\/uploads\/sites\/11\/2019\/06\/reunion-srios-1-1-850x500.jpg' srcset='' sizes='auto' alt=''><\/a><figcaption><\/figcaption><\/div><\/div>\n","protected":false},"excerpt":{"rendered":"<p>Encuentro entre Secretarios del Trabajo y federaci\u00f3n, ruta que brindar\u00e1 mayores beneficios para los estados, en espec\u00edfico para Tamaulipas.\u00a0\u00a0 ST-013-2019 Marzo 20 del 2019 Ciudad\u2026<\/p>\n","protected":false},"author":63,"featured_media":615,"comment_status":"closed","ping_status":"closed","sticky":false,"template":"","format":"standard","meta":{"footnotes":""},"categories":[1],"tags":[],"class_list":["post-614","post","type-post","status-publish","format-standard","has-post-thumbnail","hentry","category-prensa"],"publishpress_future_action":{"enabled":false,"date":"2026-05-08 06:30:23","action":"change-status","newStatus":"draft","terms":[],"taxonomy":"category"},"_links":{"self":[{"href":"https:\/\/www.tamaulipas.gob.mx\/trabajo\/wp-json\/wp\/v2\/posts\/614"}],"collection":[{"href":"https:\/\/www.tamaulipas.gob.mx\/trabajo\/wp-json\/wp\/v2\/posts"}],"about":[{"href":"https:\/\/www.tamaulipas.gob.mx\/trabajo\/wp-json\/wp\/v2\/types\/post"}],"author":[{"embeddable":true,"href":"https:\/\/www.tamaulipas.gob.mx\/trabajo\/wp-json\/wp\/v2\/users\/63"}],"replies":[{"embeddable":true,"href":"https:\/\/www.tamaulipas.gob.mx\/trabajo\/wp-json\/wp\/v2\/comments?post=614"}],"version-history":[{"count":1,"href":"https:\/\/www.tamaulipas.gob.mx\/trabajo\/wp-json\/wp\/v2\/posts\/614\/revisions"}],"predecessor-version":[{"id":619,"href":"https:\/\/www.tamaulipas.gob.mx\/trabajo\/wp-json\/wp\/v2\/posts\/614\/revisions\/619"}],"wp:featuredmedia":[{"embeddable":true,"href":"https:\/\/www.tamaulipas.gob.mx\/trabajo\/wp-json\/wp\/v2\/media\/615"}],"wp:attachment":[{"href":"https:\/\/www.tamaulipas.gob.mx\/trabajo\/wp-json\/wp\/v2\/media?parent=614"}],"wp:term":[{"taxonomy":"category","embeddable":true,"href":"https:\/\/www.tamaulipas.gob.mx\/trabajo\/wp-json\/wp\/v2\/categories?post=614"},{"taxonomy":"post_tag","embeddable":true,"href":"https:\/\/www.tamaulipas.gob.mx\/trabajo\/wp-json\/wp\/v2\/tags?post=614"}],"curies":[{"name":"wp","href":"https:\/\/api.w.org\/{rel}","templated":true}]}}