{"id":600,"date":"2019-03-12T20:00:27","date_gmt":"2019-03-13T02:00:27","guid":{"rendered":"https:\/\/www.tamaulipas.gob.mx\/trabajo\/?p=600"},"modified":"2019-06-14T11:52:49","modified_gmt":"2019-06-14T16:52:49","slug":"mejor-calidad-de-vida-con-mas-empleo-y-ocupacion-productiva","status":"publish","type":"post","link":"https:\/\/www.tamaulipas.gob.mx\/trabajo\/2019\/03\/mejor-calidad-de-vida-con-mas-empleo-y-ocupacion-productiva\/","title":{"rendered":"Mejor calidad de vida, con m\u00e1s empleo y ocupaci\u00f3n productiva"},"content":{"rendered":"<p><em><strong>El Gobernador Francisco Garc\u00eda Cabeza de Vaca, instruy\u00f3 seguir acercando a la poblaci\u00f3n, los apoyos y herramientas necesarias para generar el empleo formal y una mejor calidad de vida.\u00a0<\/strong><\/em><\/p>\n<p style=\"text-align: right;\">ST-011-2019<\/p>\n<p>Marzo 12 del 2019<\/p>\n<p>Ciudad Victoria, Tamaulipas.- El Gobierno de Tamaulipas y el Gobierno Federal, destinar\u00e1n en el 2019, recursos por m\u00e1s de 17 millones 271 mil 895 pesos, al Programa de Apoyo al Empleo.<\/p>\n<p>Tras publicarse las Reglas de Operaci\u00f3n, la Secretar\u00eda del Trabajo mediante el Servicio Nacional de Empleo Tamaulipas, defini\u00f3 las estrategias que se ejecutar\u00e1n para continuar apoyando a los buscadores de empleo.<\/p>\n<p>Mar\u00eda Estela Chavira Mart\u00ednez, titular de la dependencia estatal, dijo que el Gobernador Francisco Garc\u00eda Cabeza de Vaca, instruy\u00f3 seguir acercando a la poblaci\u00f3n, los apoyos y herramientas para generar el empleo formal y una mejor calidad de vida.<\/p>\n<p>\u201cDentro del marco normativo, se mantiene la estructura excepto con algunos cambios, para este ejercicio se contemplan Ferias de Empleo, Talleres para Buscadores de Empleo, servicios de informaci\u00f3n y vinculaci\u00f3n laboral, ofertas de empleo, capacitaci\u00f3n y apoyos econ\u00f3micos, apoyos en especie para autoempleo, movilidad laboral nacional e internacional, as\u00ed como el apoyo de preservaci\u00f3n de empleo en lugares de contingencia laboral, entre otras acciones\u201d, dijo la funcionaria.<\/p>\n<p>Chavira Mart\u00ednez, aclar\u00f3 que Tamaulipas fue uno de los estados que se vieron menos afectados con los recortes presupuestales, derivado a las gestiones que realiz\u00f3 el gobernador, y precis\u00f3 se trabajar\u00e1 con elementos de coinversi\u00f3n para brindar mayores beneficios.<\/p>\n<p>Expres\u00f3 que el empleo es el mejor aliado de las familias, por lo que en el presente ejercicio, se trabajar\u00e1 en alianza con instituciones o dependencias, a fin de solventar las necesidades que enfrentan quienes est\u00e1n en la b\u00fasqueda de una oportunidad laboral u ocupaci\u00f3n productiva.<\/p>\n<p style=\"text-align: center;\">###<\/p>\n<p>&nbsp;<\/p>\n<div class='owl-gallery'><div class='item'><a href='https:\/\/www.tamaulipas.gob.mx\/trabajo\/wp-content\/uploads\/sites\/11\/2019\/06\/reglas-12.jpg' rel='galeria'><img src='https:\/\/www.tamaulipas.gob.mx\/trabajo\/wp-content\/uploads\/sites\/11\/2019\/06\/reglas-12-850x500.jpg' srcset='' sizes='auto' alt=''><\/a><figcaption><\/figcaption><\/div><div class='item'><a href='https:\/\/www.tamaulipas.gob.mx\/trabajo\/wp-content\/uploads\/sites\/11\/2019\/06\/reglas-11.jpg' rel='galeria'><img src='https:\/\/www.tamaulipas.gob.mx\/trabajo\/wp-content\/uploads\/sites\/11\/2019\/06\/reglas-11-850x500.jpg' srcset='' sizes='auto' alt=''><\/a><figcaption><\/figcaption><\/div><div class='item'><a href='https:\/\/www.tamaulipas.gob.mx\/trabajo\/wp-content\/uploads\/sites\/11\/2019\/06\/reglas-10.jpg' rel='galeria'><img src='https:\/\/www.tamaulipas.gob.mx\/trabajo\/wp-content\/uploads\/sites\/11\/2019\/06\/reglas-10-850x500.jpg' srcset='' sizes='auto' alt=''><\/a><figcaption><\/figcaption><\/div><div class='item'><a href='https:\/\/www.tamaulipas.gob.mx\/trabajo\/wp-content\/uploads\/sites\/11\/2019\/06\/reglas-9.jpg' rel='galeria'><img src='https:\/\/www.tamaulipas.gob.mx\/trabajo\/wp-content\/uploads\/sites\/11\/2019\/06\/reglas-9-850x500.jpg' srcset='' sizes='auto' alt=''><\/a><figcaption><\/figcaption><\/div><div class='item'><a href='https:\/\/www.tamaulipas.gob.mx\/trabajo\/wp-content\/uploads\/sites\/11\/2019\/06\/reglas-8.jpg' rel='galeria'><img src='https:\/\/www.tamaulipas.gob.mx\/trabajo\/wp-content\/uploads\/sites\/11\/2019\/06\/reglas-8-850x500.jpg' srcset='' sizes='auto' alt=''><\/a><figcaption><\/figcaption><\/div><div class='item'><a href='https:\/\/www.tamaulipas.gob.mx\/trabajo\/wp-content\/uploads\/sites\/11\/2019\/06\/reglas-7.jpg' rel='galeria'><img src='https:\/\/www.tamaulipas.gob.mx\/trabajo\/wp-content\/uploads\/sites\/11\/2019\/06\/reglas-7-850x500.jpg' srcset='' sizes='auto' alt=''><\/a><figcaption><\/figcaption><\/div><div class='item'><a href='https:\/\/www.tamaulipas.gob.mx\/trabajo\/wp-content\/uploads\/sites\/11\/2019\/06\/reglas-6.jpg' rel='galeria'><img src='https:\/\/www.tamaulipas.gob.mx\/trabajo\/wp-content\/uploads\/sites\/11\/2019\/06\/reglas-6-850x500.jpg' srcset='' sizes='auto' alt=''><\/a><figcaption><\/figcaption><\/div><div class='item'><a href='https:\/\/www.tamaulipas.gob.mx\/trabajo\/wp-content\/uploads\/sites\/11\/2019\/06\/reglas-5.jpg' rel='galeria'><img src='https:\/\/www.tamaulipas.gob.mx\/trabajo\/wp-content\/uploads\/sites\/11\/2019\/06\/reglas-5-850x500.jpg' srcset='' sizes='auto' alt=''><\/a><figcaption><\/figcaption><\/div><div class='item'><a href='https:\/\/www.tamaulipas.gob.mx\/trabajo\/wp-content\/uploads\/sites\/11\/2019\/06\/reglas-4.jpg' rel='galeria'><img src='https:\/\/www.tamaulipas.gob.mx\/trabajo\/wp-content\/uploads\/sites\/11\/2019\/06\/reglas-4-850x500.jpg' srcset='' sizes='auto' alt=''><\/a><figcaption><\/figcaption><\/div><div class='item'><a href='https:\/\/www.tamaulipas.gob.mx\/trabajo\/wp-content\/uploads\/sites\/11\/2019\/06\/reglas-3.jpg' rel='galeria'><img src='https:\/\/www.tamaulipas.gob.mx\/trabajo\/wp-content\/uploads\/sites\/11\/2019\/06\/reglas-3-850x500.jpg' srcset='' sizes='auto' alt=''><\/a><figcaption><\/figcaption><\/div><div class='item'><a href='https:\/\/www.tamaulipas.gob.mx\/trabajo\/wp-content\/uploads\/sites\/11\/2019\/06\/reglas-2.jpg' rel='galeria'><img src='https:\/\/www.tamaulipas.gob.mx\/trabajo\/wp-content\/uploads\/sites\/11\/2019\/06\/reglas-2-850x500.jpg' srcset='' sizes='auto' alt=''><\/a><figcaption><\/figcaption><\/div><div class='item'><a href='https:\/\/www.tamaulipas.gob.mx\/trabajo\/wp-content\/uploads\/sites\/11\/2019\/06\/reglas-1.jpg' rel='galeria'><img src='https:\/\/www.tamaulipas.gob.mx\/trabajo\/wp-content\/uploads\/sites\/11\/2019\/06\/reglas-1-850x500.jpg' srcset='' sizes='auto' alt=''><\/a><figcaption><\/figcaption><\/div><\/div>\n","protected":false},"excerpt":{"rendered":"<p>El Gobernador Francisco Garc\u00eda Cabeza de Vaca, instruy\u00f3 seguir acercando a la poblaci\u00f3n, los apoyos y herramientas necesarias para generar el empleo formal y una\u2026<\/p>\n","protected":false},"author":63,"featured_media":602,"comment_status":"closed","ping_status":"closed","sticky":false,"template":"","format":"standard","meta":{"footnotes":""},"categories":[1],"tags":[],"class_list":["post-600","post","type-post","status-publish","format-standard","has-post-thumbnail","hentry","category-prensa"],"publishpress_future_action":{"enabled":false,"date":"2026-05-08 06:30:14","action":"change-status","newStatus":"draft","terms":[],"taxonomy":"category"},"_links":{"self":[{"href":"https:\/\/www.tamaulipas.gob.mx\/trabajo\/wp-json\/wp\/v2\/posts\/600"}],"collection":[{"href":"https:\/\/www.tamaulipas.gob.mx\/trabajo\/wp-json\/wp\/v2\/posts"}],"about":[{"href":"https:\/\/www.tamaulipas.gob.mx\/trabajo\/wp-json\/wp\/v2\/types\/post"}],"author":[{"embeddable":true,"href":"https:\/\/www.tamaulipas.gob.mx\/trabajo\/wp-json\/wp\/v2\/users\/63"}],"replies":[{"embeddable":true,"href":"https:\/\/www.tamaulipas.gob.mx\/trabajo\/wp-json\/wp\/v2\/comments?post=600"}],"version-history":[{"count":1,"href":"https:\/\/www.tamaulipas.gob.mx\/trabajo\/wp-json\/wp\/v2\/posts\/600\/revisions"}],"predecessor-version":[{"id":613,"href":"https:\/\/www.tamaulipas.gob.mx\/trabajo\/wp-json\/wp\/v2\/posts\/600\/revisions\/613"}],"wp:featuredmedia":[{"embeddable":true,"href":"https:\/\/www.tamaulipas.gob.mx\/trabajo\/wp-json\/wp\/v2\/media\/602"}],"wp:attachment":[{"href":"https:\/\/www.tamaulipas.gob.mx\/trabajo\/wp-json\/wp\/v2\/media?parent=600"}],"wp:term":[{"taxonomy":"category","embeddable":true,"href":"https:\/\/www.tamaulipas.gob.mx\/trabajo\/wp-json\/wp\/v2\/categories?post=600"},{"taxonomy":"post_tag","embeddable":true,"href":"https:\/\/www.tamaulipas.gob.mx\/trabajo\/wp-json\/wp\/v2\/tags?post=600"}],"curies":[{"name":"wp","href":"https:\/\/api.w.org\/{rel}","templated":true}]}}