{"id":590,"date":"2019-03-08T20:00:07","date_gmt":"2019-03-09T02:00:07","guid":{"rendered":"https:\/\/www.tamaulipas.gob.mx\/trabajo\/?p=590"},"modified":"2019-06-14T11:39:44","modified_gmt":"2019-06-14T16:39:44","slug":"secretarios-del-trabajo-necesaria-participacion-de-todos-para-generar-mejores-condiciones-laborales","status":"publish","type":"post","link":"https:\/\/www.tamaulipas.gob.mx\/trabajo\/2019\/03\/secretarios-del-trabajo-necesaria-participacion-de-todos-para-generar-mejores-condiciones-laborales\/","title":{"rendered":"Secretarios del Trabajo: necesaria participaci\u00f3n de todos, para generar mejores condiciones laborales"},"content":{"rendered":"<p><em><strong>Participa Tamaulipas en encuentro de Secretario del Trabajo en el que destaca el llamado por una pol\u00edtica encaminada a la estabilidad laboral.<\/strong><\/em><\/p>\n<p style=\"text-align: right;\">ST-010-2019<\/p>\n<p>Marzo 08 del 2019<\/p>\n<p>Ciudad de M\u00e9xico.- Secretarios del Trabajo de diversas entidades federativas, buscan se retome entre federaci\u00f3n y estados, las din\u00e1micas y temas encaminados a la generaci\u00f3n de empleo, estabilidad social y paz laboral.<\/p>\n<p>En reuni\u00f3n en la CDMX, los participantes abordaron los temas relacionados con la CONASETRA, la reducci\u00f3n de presupuesto a las oficinas del SNE, los lineamientos a la Reforma Laboral, as\u00ed como los paros y emplazamientos suscitados en las m\u00e1s recientes semanas.<\/p>\n<p>Mar\u00eda Estela Chavira Mart\u00ednez, Secretaria del Trabajo por Tamaulipas, en su intervenci\u00f3n, expuso que el Gobernador del Estado, Francisco Garc\u00eda Cabeza de Vaca, ha destacado la necesidad de un di\u00e1logo m\u00e1s directo entre federaci\u00f3n y estados, a fin de que se brinde mayor atenci\u00f3n a sus necesidades.<\/p>\n<p>En este rengl\u00f3n, Jos\u00e9 Luis Aguilera Rico, Secretario del Trabajo por Quer\u00e9taro y Manuel Lozano Nieto, Secretario del Trabajo y Previsi\u00f3n Social de San Luis Potos\u00ed, aclararon que solo se buscan las condiciones para generar el empleo formal y remunerado as\u00ed como el bienestar de las familias.<\/p>\n<p>\u201cLa reducci\u00f3n presupuestal en el SNE, es una baja considerable, estamos superando el tema de las nominas y la reestructuraci\u00f3n de los trabajadores quienes tienen plazas federales, expres\u00f3 el Secretario del Trabajo de Quer\u00e9taro\u201d.<\/p>\n<p>En la reuni\u00f3n acudieron tambi\u00e9n funcionarios de los estados de Hidalgo, Michoac\u00e1n, Colima, Campeche, Yucat\u00e1n, Zacatecas, Puebla y Chihuahua, acordaron seguir coadyuvando con el gobierno federal, y en conjunto trabajar en temas prioritarios con miras a ofrecer una mejor calidad de vida.<\/p>\n<p style=\"text-align: center;\">###<\/p>\n<p>&nbsp;<\/p>\n<div class='owl-gallery'><div class='item'><a href='https:\/\/www.tamaulipas.gob.mx\/trabajo\/wp-content\/uploads\/sites\/11\/2019\/06\/reunion-srios-8.jpg' rel='galeria'><img src='https:\/\/www.tamaulipas.gob.mx\/trabajo\/wp-content\/uploads\/sites\/11\/2019\/06\/reunion-srios-8-850x500.jpg' srcset='' sizes='auto' alt=''><\/a><figcaption><\/figcaption><\/div><div class='item'><a href='https:\/\/www.tamaulipas.gob.mx\/trabajo\/wp-content\/uploads\/sites\/11\/2019\/06\/reunion-srios-6.jpg' rel='galeria'><img src='https:\/\/www.tamaulipas.gob.mx\/trabajo\/wp-content\/uploads\/sites\/11\/2019\/06\/reunion-srios-6-850x500.jpg' srcset='' sizes='auto' alt=''><\/a><figcaption><\/figcaption><\/div><div class='item'><a href='https:\/\/www.tamaulipas.gob.mx\/trabajo\/wp-content\/uploads\/sites\/11\/2019\/06\/reunion-srios-5.jpg' rel='galeria'><img src='https:\/\/www.tamaulipas.gob.mx\/trabajo\/wp-content\/uploads\/sites\/11\/2019\/06\/reunion-srios-5-850x500.jpg' srcset='' sizes='auto' alt=''><\/a><figcaption><\/figcaption><\/div><div class='item'><a href='https:\/\/www.tamaulipas.gob.mx\/trabajo\/wp-content\/uploads\/sites\/11\/2019\/06\/reunion-srios-4.jpg' rel='galeria'><img src='https:\/\/www.tamaulipas.gob.mx\/trabajo\/wp-content\/uploads\/sites\/11\/2019\/06\/reunion-srios-4-850x500.jpg' srcset='' sizes='auto' alt=''><\/a><figcaption><\/figcaption><\/div><div class='item'><a href='https:\/\/www.tamaulipas.gob.mx\/trabajo\/wp-content\/uploads\/sites\/11\/2019\/06\/reunion-srios-3.jpg' rel='galeria'><img src='https:\/\/www.tamaulipas.gob.mx\/trabajo\/wp-content\/uploads\/sites\/11\/2019\/06\/reunion-srios-3-850x500.jpg' srcset='' sizes='auto' alt=''><\/a><figcaption><\/figcaption><\/div><div class='item'><a href='https:\/\/www.tamaulipas.gob.mx\/trabajo\/wp-content\/uploads\/sites\/11\/2019\/06\/reunion-srios-2.jpg' rel='galeria'><img src='https:\/\/www.tamaulipas.gob.mx\/trabajo\/wp-content\/uploads\/sites\/11\/2019\/06\/reunion-srios-2-850x500.jpg' srcset='' sizes='auto' alt=''><\/a><figcaption><\/figcaption><\/div><div class='item'><a href='https:\/\/www.tamaulipas.gob.mx\/trabajo\/wp-content\/uploads\/sites\/11\/2019\/06\/reunion-srios-1.jpg' rel='galeria'><img src='https:\/\/www.tamaulipas.gob.mx\/trabajo\/wp-content\/uploads\/sites\/11\/2019\/06\/reunion-srios-1-850x500.jpg' srcset='' sizes='auto' alt=''><\/a><figcaption><\/figcaption><\/div><div class='item'><a href='https:\/\/www.tamaulipas.gob.mx\/trabajo\/wp-content\/uploads\/sites\/11\/2019\/06\/reunion-srios-7.jpg' rel='galeria'><img src='https:\/\/www.tamaulipas.gob.mx\/trabajo\/wp-content\/uploads\/sites\/11\/2019\/06\/reunion-srios-7-850x500.jpg' srcset='' sizes='auto' alt=''><\/a><figcaption><\/figcaption><\/div><\/div>\n","protected":false},"excerpt":{"rendered":"<p>Participa Tamaulipas en encuentro de Secretario del Trabajo en el que destaca el llamado por una pol\u00edtica encaminada a la estabilidad laboral. ST-010-2019 Marzo 08\u2026<\/p>\n","protected":false},"author":63,"featured_media":597,"comment_status":"closed","ping_status":"closed","sticky":false,"template":"","format":"standard","meta":{"footnotes":""},"categories":[1],"tags":[],"class_list":["post-590","post","type-post","status-publish","format-standard","has-post-thumbnail","hentry","category-prensa"],"publishpress_future_action":{"enabled":false,"date":"2026-05-08 06:32:12","action":"change-status","newStatus":"draft","terms":[],"taxonomy":"category"},"_links":{"self":[{"href":"https:\/\/www.tamaulipas.gob.mx\/trabajo\/wp-json\/wp\/v2\/posts\/590"}],"collection":[{"href":"https:\/\/www.tamaulipas.gob.mx\/trabajo\/wp-json\/wp\/v2\/posts"}],"about":[{"href":"https:\/\/www.tamaulipas.gob.mx\/trabajo\/wp-json\/wp\/v2\/types\/post"}],"author":[{"embeddable":true,"href":"https:\/\/www.tamaulipas.gob.mx\/trabajo\/wp-json\/wp\/v2\/users\/63"}],"replies":[{"embeddable":true,"href":"https:\/\/www.tamaulipas.gob.mx\/trabajo\/wp-json\/wp\/v2\/comments?post=590"}],"version-history":[{"count":1,"href":"https:\/\/www.tamaulipas.gob.mx\/trabajo\/wp-json\/wp\/v2\/posts\/590\/revisions"}],"predecessor-version":[{"id":599,"href":"https:\/\/www.tamaulipas.gob.mx\/trabajo\/wp-json\/wp\/v2\/posts\/590\/revisions\/599"}],"wp:featuredmedia":[{"embeddable":true,"href":"https:\/\/www.tamaulipas.gob.mx\/trabajo\/wp-json\/wp\/v2\/media\/597"}],"wp:attachment":[{"href":"https:\/\/www.tamaulipas.gob.mx\/trabajo\/wp-json\/wp\/v2\/media?parent=590"}],"wp:term":[{"taxonomy":"category","embeddable":true,"href":"https:\/\/www.tamaulipas.gob.mx\/trabajo\/wp-json\/wp\/v2\/categories?post=590"},{"taxonomy":"post_tag","embeddable":true,"href":"https:\/\/www.tamaulipas.gob.mx\/trabajo\/wp-json\/wp\/v2\/tags?post=590"}],"curies":[{"name":"wp","href":"https:\/\/api.w.org\/{rel}","templated":true}]}}