{"id":584,"date":"2019-03-05T20:00:01","date_gmt":"2019-03-06T02:00:01","guid":{"rendered":"https:\/\/www.tamaulipas.gob.mx\/trabajo\/?p=584"},"modified":"2019-06-14T11:28:56","modified_gmt":"2019-06-14T16:28:56","slug":"consolidan-generacion-de-empleo-con-la-entrega-de-27-actas-de-bienes-en-propiedad","status":"publish","type":"post","link":"https:\/\/www.tamaulipas.gob.mx\/trabajo\/2019\/03\/consolidan-generacion-de-empleo-con-la-entrega-de-27-actas-de-bienes-en-propiedad\/","title":{"rendered":"Consolidan generaci\u00f3n de empleo, con la entrega de 27 Actas de Bienes en Propiedad"},"content":{"rendered":"<p><em><strong>El Gobernador Francisco Garc\u00eda Cabeza de Vaca, ha generado estabilidad econ\u00f3mica, y ha logrado un mejor bienestar social y laboral para las familias de Tamaulipas.<\/strong><\/em><\/p>\n<p style=\"text-align: right;\">ST-009-2019<\/p>\n<p>Marzo 05 del 2019<\/p>\n<p>Ciudad Victoria, Tamaulipas.- El Gobierno del Estado entreg\u00f3 27 Actas de Bienes en Propiedad, a beneficiarios del Subprograma Fomento al Autoempleo, quienes solicitaron herramienta y mobiliario para mejorar las condiciones de su negocio.<\/p>\n<p>Dicha ayuda que administra la Secretar\u00eda del Trabajo, tiene como fin brindar apoyo a los buscadores de empleo que aun teniendo experiencias, no han logrado vincularse a un puesto de trabajo.<\/p>\n<p>El Gobernador Francisco Garc\u00eda Cabeza de Vaca, ha generado estabilidad econ\u00f3mica, logrando un mejor bienestar social y laboral para las familias de Tamaulipas, dijo Mar\u00eda Estela Chavira Mart\u00ednez, quien est\u00e1 a cargo de la dependencia.<\/p>\n<p>\u201cCon el Acta de Bienes en Propiedad, destinada por el Servicio Nacional del Empleo Tamaulipas, se logr\u00f3 hacer crecer el negocio de las personas, adem\u00e1s de ofrecer un excelente servicio, han mejorar su calidad de vida\u201d.<\/p>\n<p>Los proyectos, que tuvieron un periodo de seguimiento de 12 meses, fueron enfocados al rubro de belleza, reposter\u00eda, preparaci\u00f3n de alimentos, costura y confecci\u00f3n, mantenimiento de aires acondicionados o motocicletas y panader\u00eda entre otros, y se invirtieron montos por m\u00e1s de 640 mil 294 pesos.<\/p>\n<p>Los propietarios de las herramientas u mobiliario, son habitantes de los municipios de Victoria, Reynosa y Matamoros, a quienes el mandatario impuls\u00f3 a crear nuevas oportunidades para m\u00e1s tamaulipecos.<\/p>\n<p>Estela Chavira Mart\u00ednez, coment\u00f3 que de acuerdo a las nuevas reglas de operaci\u00f3n propuestas por el SNE para el 2019, el Subprograma Fomento al Autoempleo no visualiza cambios, y se mantendr\u00e1 la entrega de montos de hasta 25 mil pesos o en su caso 125 mil pesos, cuando se trate de un proyecto integrado por 5 personas.<\/p>\n<h3 style=\"text-align: center;\"><\/h3>\n<p style=\"text-align: center;\">###<\/p>\n<p>&nbsp;<\/p>\n<div class='owl-gallery'><div class='item'><a href='https:\/\/www.tamaulipas.gob.mx\/trabajo\/wp-content\/uploads\/sites\/11\/2019\/06\/ms-actas-4.jpg' rel='galeria'><img src='https:\/\/www.tamaulipas.gob.mx\/trabajo\/wp-content\/uploads\/sites\/11\/2019\/06\/ms-actas-4-850x500.jpg' srcset='' sizes='auto' alt=''><\/a><figcaption><\/figcaption><\/div><div class='item'><a href='https:\/\/www.tamaulipas.gob.mx\/trabajo\/wp-content\/uploads\/sites\/11\/2019\/06\/ms-actas-3.jpg' rel='galeria'><img src='https:\/\/www.tamaulipas.gob.mx\/trabajo\/wp-content\/uploads\/sites\/11\/2019\/06\/ms-actas-3-850x500.jpg' srcset='' sizes='auto' alt=''><\/a><figcaption><\/figcaption><\/div><div class='item'><a href='https:\/\/www.tamaulipas.gob.mx\/trabajo\/wp-content\/uploads\/sites\/11\/2019\/06\/ms-actas-2.jpg' rel='galeria'><img src='https:\/\/www.tamaulipas.gob.mx\/trabajo\/wp-content\/uploads\/sites\/11\/2019\/06\/ms-actas-2-850x500.jpg' srcset='' sizes='auto' alt=''><\/a><figcaption><\/figcaption><\/div><div class='item'><a href='https:\/\/www.tamaulipas.gob.mx\/trabajo\/wp-content\/uploads\/sites\/11\/2019\/06\/ms-actas-1.jpg' rel='galeria'><img src='https:\/\/www.tamaulipas.gob.mx\/trabajo\/wp-content\/uploads\/sites\/11\/2019\/06\/ms-actas-1-850x500.jpg' srcset='' sizes='auto' alt=''><\/a><figcaption><\/figcaption><\/div><\/div>\n","protected":false},"excerpt":{"rendered":"<p>El Gobernador Francisco Garc\u00eda Cabeza de Vaca, ha generado estabilidad econ\u00f3mica, y ha logrado un mejor bienestar social y laboral para las familias de Tamaulipas.\u2026<\/p>\n","protected":false},"author":63,"featured_media":587,"comment_status":"closed","ping_status":"closed","sticky":false,"template":"","format":"standard","meta":{"footnotes":""},"categories":[1],"tags":[],"class_list":["post-584","post","type-post","status-publish","format-standard","has-post-thumbnail","hentry","category-prensa"],"publishpress_future_action":{"enabled":false,"date":"2026-05-08 06:30:48","action":"change-status","newStatus":"draft","terms":[],"taxonomy":"category"},"_links":{"self":[{"href":"https:\/\/www.tamaulipas.gob.mx\/trabajo\/wp-json\/wp\/v2\/posts\/584"}],"collection":[{"href":"https:\/\/www.tamaulipas.gob.mx\/trabajo\/wp-json\/wp\/v2\/posts"}],"about":[{"href":"https:\/\/www.tamaulipas.gob.mx\/trabajo\/wp-json\/wp\/v2\/types\/post"}],"author":[{"embeddable":true,"href":"https:\/\/www.tamaulipas.gob.mx\/trabajo\/wp-json\/wp\/v2\/users\/63"}],"replies":[{"embeddable":true,"href":"https:\/\/www.tamaulipas.gob.mx\/trabajo\/wp-json\/wp\/v2\/comments?post=584"}],"version-history":[{"count":1,"href":"https:\/\/www.tamaulipas.gob.mx\/trabajo\/wp-json\/wp\/v2\/posts\/584\/revisions"}],"predecessor-version":[{"id":589,"href":"https:\/\/www.tamaulipas.gob.mx\/trabajo\/wp-json\/wp\/v2\/posts\/584\/revisions\/589"}],"wp:featuredmedia":[{"embeddable":true,"href":"https:\/\/www.tamaulipas.gob.mx\/trabajo\/wp-json\/wp\/v2\/media\/587"}],"wp:attachment":[{"href":"https:\/\/www.tamaulipas.gob.mx\/trabajo\/wp-json\/wp\/v2\/media?parent=584"}],"wp:term":[{"taxonomy":"category","embeddable":true,"href":"https:\/\/www.tamaulipas.gob.mx\/trabajo\/wp-json\/wp\/v2\/categories?post=584"},{"taxonomy":"post_tag","embeddable":true,"href":"https:\/\/www.tamaulipas.gob.mx\/trabajo\/wp-json\/wp\/v2\/tags?post=584"}],"curies":[{"name":"wp","href":"https:\/\/api.w.org\/{rel}","templated":true}]}}