{"id":578,"date":"2019-02-24T20:00:43","date_gmt":"2019-02-25T02:00:43","guid":{"rendered":"https:\/\/www.tamaulipas.gob.mx\/trabajo\/?p=578"},"modified":"2019-06-14T11:24:14","modified_gmt":"2019-06-14T16:24:14","slug":"solucionan-conflictos-laborales-favoreciendo-el-dialogo-entre-patron-y-trabajador","status":"publish","type":"post","link":"https:\/\/www.tamaulipas.gob.mx\/trabajo\/2019\/02\/solucionan-conflictos-laborales-favoreciendo-el-dialogo-entre-patron-y-trabajador\/","title":{"rendered":"Solucionan conflictos laborales, favoreciendo el di\u00e1logo entre patr\u00f3n y trabajador"},"content":{"rendered":"<p><em><strong>El Gobernador Francisco Garc\u00eda Cabeza de Vaca, promueve una cultura de paz,\u00a0 como soluci\u00f3n a los conflictos laborales.<\/strong><\/em><\/p>\n<p style=\"text-align: right;\">ST-008-2019<\/p>\n<p>Febrero 24 del 2019<\/p>\n<p>Ciudad Victoria Tamaulipas.- El Gobierno del Estado, gestion\u00f3 durante el mes de enero, 15 millones 924 mil 886 pesos, para los trabajadores que buscaron darle soluci\u00f3n a su conflicto laboral, mediante un acuerdo voluntario.<\/p>\n<p>La Secretar\u00eda del Trabajo, a trav\u00e9s de la Direcci\u00f3n de Conciliaci\u00f3n y Relaciones Laborales, favoreci\u00f3 el di\u00e1logo entre el patr\u00f3n y trabajador, para seguir generando la estabilidad social y econ\u00f3mica en la entidad.<\/p>\n<p>Mar\u00eda Estela Chavira Mart\u00ednez, Secretaria del Trabajo, dijo que el Gobernador Francisco Garc\u00eda Cabeza de Vaca, promueve una cultura de paz laboral, como soluci\u00f3n anticipada a los conflictos laborales.<\/p>\n<p>\u201cMediante este mecanismo alternativo de soluci\u00f3n de conflictos, desarrollado en diversos municipios, generamos estabilidad social, tranquilidad y mayor seguridad laboral para los tamaulipecos\u201d.<\/p>\n<p>Dio a conocer que durante el primer mes, la dependencia a su cargo, ofreci\u00f3 m\u00e1s de 3 mil 024 atenciones, lo que derivo en mil 705 asesor\u00edas, 644 platicas conciliatorias as\u00ed como 675 convenios.<\/p>\n<p>Anunci\u00f3 que en los municipios de Victoria, Tampico, Reynosa, Nuevo Laredo, Matamoros y Mante, cuentan con un departamento de Conciliaci\u00f3n dentro de las Juntas de Conciliaci\u00f3n y Arbitraje, en los que se proporciona el servicio gratuito.<\/p>\n<p>Chavira Mart\u00ednez, declar\u00f3 que los conciliadores tienen el compromiso de ofrecer una conciliaci\u00f3n en la que se d\u00e9 una soluci\u00f3n justa y equitativa en las controversias, derivadas de la relaci\u00f3n laboral, la cual se realiza mediante un acuerdo voluntario, que se materializa en un convenio y con las firmas de los interesados, ratific\u00e1ndose ante la instancia correspondiente.<\/p>\n<p>Corrobor\u00f3 que uno de los objetivo de la Conciliaci\u00f3n, es la de disminuir las demandas laborales en las Juntas de Conciliaci\u00f3n y Arbitraje.<\/p>\n<p style=\"text-align: center;\">###<\/p>\n<p>&nbsp;<\/p>\n<div class='owl-gallery'><div class='item'><a href='https:\/\/www.tamaulipas.gob.mx\/trabajo\/wp-content\/uploads\/sites\/11\/2019\/06\/conciliacion-3.jpg' rel='galeria'><img src='https:\/\/www.tamaulipas.gob.mx\/trabajo\/wp-content\/uploads\/sites\/11\/2019\/06\/conciliacion-3-850x500.jpg' srcset='' sizes='auto' alt=''><\/a><figcaption><\/figcaption><\/div><div class='item'><a href='https:\/\/www.tamaulipas.gob.mx\/trabajo\/wp-content\/uploads\/sites\/11\/2019\/06\/conciliacion-1.jpg' rel='galeria'><img src='https:\/\/www.tamaulipas.gob.mx\/trabajo\/wp-content\/uploads\/sites\/11\/2019\/06\/conciliacion-1-850x500.jpg' srcset='' sizes='auto' alt=''><\/a><figcaption><\/figcaption><\/div><div class='item'><a href='https:\/\/www.tamaulipas.gob.mx\/trabajo\/wp-content\/uploads\/sites\/11\/2019\/06\/conciliacion-2.jpg' rel='galeria'><img src='https:\/\/www.tamaulipas.gob.mx\/trabajo\/wp-content\/uploads\/sites\/11\/2019\/06\/conciliacion-2-850x500.jpg' srcset='' sizes='auto' alt=''><\/a><figcaption><\/figcaption><\/div><div class='item'><a href='https:\/\/www.tamaulipas.gob.mx\/trabajo\/wp-content\/uploads\/sites\/11\/2019\/06\/conciliacion-4.jpg' rel='galeria'><img src='https:\/\/www.tamaulipas.gob.mx\/trabajo\/wp-content\/uploads\/sites\/11\/2019\/06\/conciliacion-4-850x500.jpg' srcset='' sizes='auto' alt=''><\/a><figcaption><\/figcaption><\/div><\/div>\n","protected":false},"excerpt":{"rendered":"<p>El Gobernador Francisco Garc\u00eda Cabeza de Vaca, promueve una cultura de paz,\u00a0 como soluci\u00f3n a los conflictos laborales. ST-008-2019 Febrero 24 del 2019 Ciudad Victoria\u2026<\/p>\n","protected":false},"author":63,"featured_media":581,"comment_status":"closed","ping_status":"closed","sticky":false,"template":"","format":"standard","meta":{"footnotes":""},"categories":[1],"tags":[],"class_list":["post-578","post","type-post","status-publish","format-standard","has-post-thumbnail","hentry","category-prensa"],"publishpress_future_action":{"enabled":false,"date":"2026-05-08 06:32:12","action":"change-status","newStatus":"draft","terms":[],"taxonomy":"category"},"_links":{"self":[{"href":"https:\/\/www.tamaulipas.gob.mx\/trabajo\/wp-json\/wp\/v2\/posts\/578"}],"collection":[{"href":"https:\/\/www.tamaulipas.gob.mx\/trabajo\/wp-json\/wp\/v2\/posts"}],"about":[{"href":"https:\/\/www.tamaulipas.gob.mx\/trabajo\/wp-json\/wp\/v2\/types\/post"}],"author":[{"embeddable":true,"href":"https:\/\/www.tamaulipas.gob.mx\/trabajo\/wp-json\/wp\/v2\/users\/63"}],"replies":[{"embeddable":true,"href":"https:\/\/www.tamaulipas.gob.mx\/trabajo\/wp-json\/wp\/v2\/comments?post=578"}],"version-history":[{"count":1,"href":"https:\/\/www.tamaulipas.gob.mx\/trabajo\/wp-json\/wp\/v2\/posts\/578\/revisions"}],"predecessor-version":[{"id":583,"href":"https:\/\/www.tamaulipas.gob.mx\/trabajo\/wp-json\/wp\/v2\/posts\/578\/revisions\/583"}],"wp:featuredmedia":[{"embeddable":true,"href":"https:\/\/www.tamaulipas.gob.mx\/trabajo\/wp-json\/wp\/v2\/media\/581"}],"wp:attachment":[{"href":"https:\/\/www.tamaulipas.gob.mx\/trabajo\/wp-json\/wp\/v2\/media?parent=578"}],"wp:term":[{"taxonomy":"category","embeddable":true,"href":"https:\/\/www.tamaulipas.gob.mx\/trabajo\/wp-json\/wp\/v2\/categories?post=578"},{"taxonomy":"post_tag","embeddable":true,"href":"https:\/\/www.tamaulipas.gob.mx\/trabajo\/wp-json\/wp\/v2\/tags?post=578"}],"curies":[{"name":"wp","href":"https:\/\/api.w.org\/{rel}","templated":true}]}}