{"id":569,"date":"2019-02-11T20:00:20","date_gmt":"2019-02-12T02:00:20","guid":{"rendered":"https:\/\/www.tamaulipas.gob.mx\/trabajo\/?p=569"},"modified":"2019-06-14T11:18:30","modified_gmt":"2019-06-14T16:18:30","slug":"liberan-17-actas-de-bienes-en-posesion-del-subprograma-fomento-al-autoempleo","status":"publish","type":"post","link":"https:\/\/www.tamaulipas.gob.mx\/trabajo\/2019\/02\/liberan-17-actas-de-bienes-en-posesion-del-subprograma-fomento-al-autoempleo\/","title":{"rendered":"Liberan 17 actas de bienes en posesi\u00f3n del Subprograma Fomento al Autoempleo"},"content":{"rendered":"<p><em><strong>Es la instrucci\u00f3n del Gobernador Francisco Garc\u00eda Cabeza de Vaca, ayudar a las personas a impulsar de alguna manera sus negocios, los cuales est\u00e1n consolidados a trav\u00e9s de la liberaci\u00f3n del acta que reciben como propietarios.<\/strong><\/em><\/p>\n<p style=\"text-align: right;\">ST-005-2019<\/p>\n<p>Febrero 11 del 2019<\/p>\n<p>Ciudad Victoria, Tamaulipas.- La Secretaria del Trabajo, Mar\u00eda Estela Chavira Mart\u00ednez, entreg\u00f3 por parte del Gobierno de Tamaulipas, 17 cartas de liberaci\u00f3n de bienes en posesi\u00f3n, correspondientes al Subprograma Fomento al Autoempleo.<\/p>\n<p>Se trata de herramienta u equipo de trabajo, que fue otorgado en custodia durante el 2018, a personas que de acuerdo a su talento o capacidad, buscaron emprender un negocio por cuenta propia.<\/p>\n<p>Son iniciativas orientadas a la elaboraci\u00f3n de pan, costura, reposter\u00eda, alimentos entre otros, dijo la funcionaria, al mismo tiempo que agradeci\u00f3 a los beneficiarios por confiar en el gobierno para poder emprender su sue\u00f1o.<\/p>\n<p>\u201cEs la instrucci\u00f3n del gobernador Francisco Garc\u00eda Cabeza de Vaca, ayudar a las personas a impulsar de alguna manera sus negocios, los cuales est\u00e1n consolidados a trav\u00e9s de la liberaci\u00f3n del acta que reciben como propietarios\u201d.<\/p>\n<p>Mediante el Servicio Nacional de Empleo Tamaulipas, se destinaron recursos para la adquisici\u00f3n de hornos, maquinas de costura, maquinas moledoras de carne, herramienta para taller mec\u00e1nico y equipo para salones de belleza entre otros, en los cuales se invirtieron montos por m\u00e1s de 422 mil pesos.<\/p>\n<p>Olga Montelongo Olvera, quien present\u00f3 su proyecto \u201cConfecciones Elizabeth\u201d, dedicado a la costura, explic\u00f3 que acerc\u00f3 a la oficina del SNE Tamaulipas en Ciudad Victoria, donde le proporcionaron la informaci\u00f3n, dijo que ella no pod\u00eda salir a trabajar por la necesidad de cuidar a sus hijos.<\/p>\n<p>\u201cMi pobreza era muy extrema, tengo 7 hijos, no pod\u00eda salir a trabajar por cuidarlos, y ya con la m\u00e1quina de coser que me entregaron, tengo para pagar mi luz y todos los gastos de mi casa, gracias al gobierno cumpl\u00ed mi sue\u00f1o\u201d.<\/p>\n<p>Chavira Mart\u00ednez, asegur\u00f3 que con apoyos como estos, el gobernador busca alentar a quienes tienen una iniciativa propia, a generar sus propios recursos para crear las condiciones que formen mejores condiciones de vida.<\/p>\n<p style=\"text-align: center;\">\u00a0###<\/p>\n<p>&nbsp;<\/p>\n<div class='owl-gallery'><div class='item'><a href='https:\/\/www.tamaulipas.gob.mx\/trabajo\/wp-content\/uploads\/sites\/11\/2019\/02\/liberacion-de-acta-6.jpg' rel='galeria'><img src='https:\/\/www.tamaulipas.gob.mx\/trabajo\/wp-content\/uploads\/sites\/11\/2019\/02\/liberacion-de-acta-6-850x500.jpg' srcset='' sizes='auto' alt=''><\/a><figcaption><\/figcaption><\/div><div class='item'><a href='https:\/\/www.tamaulipas.gob.mx\/trabajo\/wp-content\/uploads\/sites\/11\/2019\/02\/liberacion-de-acta-5.jpg' rel='galeria'><img src='https:\/\/www.tamaulipas.gob.mx\/trabajo\/wp-content\/uploads\/sites\/11\/2019\/02\/liberacion-de-acta-5-850x500.jpg' srcset='' sizes='auto' alt=''><\/a><figcaption><\/figcaption><\/div><div class='item'><a href='https:\/\/www.tamaulipas.gob.mx\/trabajo\/wp-content\/uploads\/sites\/11\/2019\/02\/liberacion-de-acta-4.jpg' rel='galeria'><img src='https:\/\/www.tamaulipas.gob.mx\/trabajo\/wp-content\/uploads\/sites\/11\/2019\/02\/liberacion-de-acta-4-850x500.jpg' srcset='' sizes='auto' alt=''><\/a><figcaption><\/figcaption><\/div><div class='item'><a href='https:\/\/www.tamaulipas.gob.mx\/trabajo\/wp-content\/uploads\/sites\/11\/2019\/02\/liberacion-de-acta-3.jpg' rel='galeria'><img src='https:\/\/www.tamaulipas.gob.mx\/trabajo\/wp-content\/uploads\/sites\/11\/2019\/02\/liberacion-de-acta-3-850x500.jpg' srcset='' sizes='auto' alt=''><\/a><figcaption><\/figcaption><\/div><div class='item'><a href='https:\/\/www.tamaulipas.gob.mx\/trabajo\/wp-content\/uploads\/sites\/11\/2019\/02\/liberacion-de-acta-2.jpg' rel='galeria'><img src='https:\/\/www.tamaulipas.gob.mx\/trabajo\/wp-content\/uploads\/sites\/11\/2019\/02\/liberacion-de-acta-2-850x500.jpg' srcset='' sizes='auto' alt=''><\/a><figcaption><\/figcaption><\/div><div class='item'><a href='https:\/\/www.tamaulipas.gob.mx\/trabajo\/wp-content\/uploads\/sites\/11\/2019\/02\/liberacion-de-acta-1.jpg' rel='galeria'><img src='https:\/\/www.tamaulipas.gob.mx\/trabajo\/wp-content\/uploads\/sites\/11\/2019\/02\/liberacion-de-acta-1-850x500.jpg' srcset='' sizes='auto' alt=''><\/a><figcaption><\/figcaption><\/div><\/div>\n","protected":false},"excerpt":{"rendered":"<p>Es la instrucci\u00f3n del Gobernador Francisco Garc\u00eda Cabeza de Vaca, ayudar a las personas a impulsar de alguna manera sus negocios, los cuales est\u00e1n consolidados\u2026<\/p>\n","protected":false},"author":63,"featured_media":574,"comment_status":"closed","ping_status":"closed","sticky":false,"template":"","format":"standard","meta":{"footnotes":""},"categories":[1],"tags":[],"class_list":["post-569","post","type-post","status-publish","format-standard","has-post-thumbnail","hentry","category-prensa"],"publishpress_future_action":{"enabled":false,"date":"2026-05-08 06:30:23","action":"change-status","newStatus":"draft","terms":[],"taxonomy":"category"},"_links":{"self":[{"href":"https:\/\/www.tamaulipas.gob.mx\/trabajo\/wp-json\/wp\/v2\/posts\/569"}],"collection":[{"href":"https:\/\/www.tamaulipas.gob.mx\/trabajo\/wp-json\/wp\/v2\/posts"}],"about":[{"href":"https:\/\/www.tamaulipas.gob.mx\/trabajo\/wp-json\/wp\/v2\/types\/post"}],"author":[{"embeddable":true,"href":"https:\/\/www.tamaulipas.gob.mx\/trabajo\/wp-json\/wp\/v2\/users\/63"}],"replies":[{"embeddable":true,"href":"https:\/\/www.tamaulipas.gob.mx\/trabajo\/wp-json\/wp\/v2\/comments?post=569"}],"version-history":[{"count":2,"href":"https:\/\/www.tamaulipas.gob.mx\/trabajo\/wp-json\/wp\/v2\/posts\/569\/revisions"}],"predecessor-version":[{"id":577,"href":"https:\/\/www.tamaulipas.gob.mx\/trabajo\/wp-json\/wp\/v2\/posts\/569\/revisions\/577"}],"wp:featuredmedia":[{"embeddable":true,"href":"https:\/\/www.tamaulipas.gob.mx\/trabajo\/wp-json\/wp\/v2\/media\/574"}],"wp:attachment":[{"href":"https:\/\/www.tamaulipas.gob.mx\/trabajo\/wp-json\/wp\/v2\/media?parent=569"}],"wp:term":[{"taxonomy":"category","embeddable":true,"href":"https:\/\/www.tamaulipas.gob.mx\/trabajo\/wp-json\/wp\/v2\/categories?post=569"},{"taxonomy":"post_tag","embeddable":true,"href":"https:\/\/www.tamaulipas.gob.mx\/trabajo\/wp-json\/wp\/v2\/tags?post=569"}],"curies":[{"name":"wp","href":"https:\/\/api.w.org\/{rel}","templated":true}]}}