{"id":562,"date":"2019-06-14T08:00:50","date_gmt":"2019-06-14T13:00:50","guid":{"rendered":"https:\/\/www.tamaulipas.gob.mx\/trabajo\/?p=562"},"modified":"2019-06-14T11:10:28","modified_gmt":"2019-06-14T16:10:28","slug":"tamaulipeco-seleccionado-a-nivel-nacional-para-trabajar-en-quebec-canada","status":"publish","type":"post","link":"https:\/\/www.tamaulipas.gob.mx\/trabajo\/2019\/06\/tamaulipeco-seleccionado-a-nivel-nacional-para-trabajar-en-quebec-canada\/","title":{"rendered":"Tamaulipeco, seleccionado a nivel nacional para trabajar en Quebec, Canad\u00e1"},"content":{"rendered":"<p><em><strong>El gobernador Francisco Garc\u00eda Cabeza de Vaca, impulsa de manera ordenada, el flujo de trabajadores temporales al extranjero, en espec\u00edfico a Estados Unidos, Canad\u00e1 y Alemania.<\/strong><\/em><\/p>\n<p style=\"text-align: right;\">ST-022-2019<\/p>\n<p>Junio 14 del 2019<\/p>\n<p>Ciudad Victoria, Tamaulipas.- Jorge A. Zapata, residente de Ciudad Mante Tamaulipas, es uno de los tres seleccionados a nivel nacional por la empresa \u201cBaton Rouge de la Capitale\u201d, ubicada en Quebec Canad\u00e1, para ocupar la vacante en la especialidad de cocinero.<\/p>\n<p>El Gobierno del Estado, mediante la Secretar\u00eda del Trabajo, en coordinaci\u00f3n con el Servicio Nacional de Empleo Tamaulipas, realiz\u00f3 el reclutamiento y preselecci\u00f3n, a trav\u00e9s del Subprograma Mecanismo de Movilidad Laboral, y facilit\u00f3 la informaci\u00f3n as\u00ed como los tr\u00e1mites necesarios para los permisos de trabajo legal y seguro.<\/p>\n<p>Mar\u00eda Estela Chavira Mart\u00ednez, encargada de la dependencia estatal, dijo que el gobernador Francisco Garc\u00eda Cabeza de Vaca, impulsa de manera ordenada, el flujo de trabajadores temporales al extranjero, en espec\u00edfico a Estados Unidos, Canad\u00e1 y Alemania.<\/p>\n<p>\u201cDe ocho personas que fueron postuladas, solo tres de ellos procedentes de Tabasco, Michoac\u00e1n y Tamaulipas fueron favorecidos; esto nos motiva a seguir impulsado a profesionistas o personas que tienen el sue\u00f1o de trabajar en el extranjero\u201d.<\/p>\n<p>Jorge A. Zapata, especialista en la elaboraci\u00f3n de comida mexicana y francesa, explic\u00f3 que esta oportunidad de trabajo le brindar\u00e1 un mejor futuro a \u00e9l y a su familia.<\/p>\n<p>\u201cSe me hace incre\u00edble, la verdad no me la creo, decirle a la gente que crea, decirle a las personas que tienen un estudio, se acerquen al SNE Tamaulipas porque tambi\u00e9n los pueden apoyar, me quedo con muy buen sabor de boca, haber hecho este reclutamiento a trav\u00e9s del gobierno\u201d.<\/p>\n<p>Dentro del mecanismo de Movilidad Laboral, m\u00e1s de 448 personas han sido atendidas en las unidades del SNE Tamaulipas, y 89 de ellas fueron colocadas en diversas empresas ubicadas en los Estados Unidos y Canad\u00e1, dedicadas a la pisca de vegetales, frutos y empaque de mariscos.<\/p>\n<h3 style=\"text-align: center;\"><\/h3>\n<p>&nbsp;<\/p>\n<p style=\"text-align: center;\">###<\/p>\n<p>&nbsp;<\/p>\n<p>&nbsp;<\/p>\n<div class='owl-gallery'><div class='item'><a href='https:\/\/www.tamaulipas.gob.mx\/trabajo\/wp-content\/uploads\/sites\/11\/2019\/06\/quebec-4.jpg' rel='galeria'><img src='https:\/\/www.tamaulipas.gob.mx\/trabajo\/wp-content\/uploads\/sites\/11\/2019\/06\/quebec-4-850x500.jpg' srcset='' sizes='auto' alt=''><\/a><figcaption><\/figcaption><\/div><div class='item'><a href='https:\/\/www.tamaulipas.gob.mx\/trabajo\/wp-content\/uploads\/sites\/11\/2019\/06\/quebec-3.jpg' rel='galeria'><img src='https:\/\/www.tamaulipas.gob.mx\/trabajo\/wp-content\/uploads\/sites\/11\/2019\/06\/quebec-3-850x500.jpg' srcset='' sizes='auto' alt=''><\/a><figcaption><\/figcaption><\/div><div class='item'><a href='https:\/\/www.tamaulipas.gob.mx\/trabajo\/wp-content\/uploads\/sites\/11\/2019\/06\/quebec-2.jpg' rel='galeria'><img src='https:\/\/www.tamaulipas.gob.mx\/trabajo\/wp-content\/uploads\/sites\/11\/2019\/06\/quebec-2-850x500.jpg' srcset='' sizes='auto' alt=''><\/a><figcaption><\/figcaption><\/div><div class='item'><a href='https:\/\/www.tamaulipas.gob.mx\/trabajo\/wp-content\/uploads\/sites\/11\/2019\/06\/quebec-1.jpg' rel='galeria'><img src='https:\/\/www.tamaulipas.gob.mx\/trabajo\/wp-content\/uploads\/sites\/11\/2019\/06\/quebec-1-850x500.jpg' srcset='' sizes='auto' alt=''><\/a><figcaption><\/figcaption><\/div><\/div>\n","protected":false},"excerpt":{"rendered":"<p>El gobernador Francisco Garc\u00eda Cabeza de Vaca, impulsa de manera ordenada, el flujo de trabajadores temporales al extranjero, en espec\u00edfico a Estados Unidos, Canad\u00e1 y\u2026<\/p>\n","protected":false},"author":63,"featured_media":567,"comment_status":"closed","ping_status":"closed","sticky":false,"template":"","format":"standard","meta":{"footnotes":""},"categories":[1],"tags":[],"class_list":["post-562","post","type-post","status-publish","format-standard","has-post-thumbnail","hentry","category-prensa"],"publishpress_future_action":{"enabled":false,"date":"2026-05-08 06:30:04","action":"change-status","newStatus":"draft","terms":[],"taxonomy":"category"},"_links":{"self":[{"href":"https:\/\/www.tamaulipas.gob.mx\/trabajo\/wp-json\/wp\/v2\/posts\/562"}],"collection":[{"href":"https:\/\/www.tamaulipas.gob.mx\/trabajo\/wp-json\/wp\/v2\/posts"}],"about":[{"href":"https:\/\/www.tamaulipas.gob.mx\/trabajo\/wp-json\/wp\/v2\/types\/post"}],"author":[{"embeddable":true,"href":"https:\/\/www.tamaulipas.gob.mx\/trabajo\/wp-json\/wp\/v2\/users\/63"}],"replies":[{"embeddable":true,"href":"https:\/\/www.tamaulipas.gob.mx\/trabajo\/wp-json\/wp\/v2\/comments?post=562"}],"version-history":[{"count":1,"href":"https:\/\/www.tamaulipas.gob.mx\/trabajo\/wp-json\/wp\/v2\/posts\/562\/revisions"}],"predecessor-version":[{"id":568,"href":"https:\/\/www.tamaulipas.gob.mx\/trabajo\/wp-json\/wp\/v2\/posts\/562\/revisions\/568"}],"wp:featuredmedia":[{"embeddable":true,"href":"https:\/\/www.tamaulipas.gob.mx\/trabajo\/wp-json\/wp\/v2\/media\/567"}],"wp:attachment":[{"href":"https:\/\/www.tamaulipas.gob.mx\/trabajo\/wp-json\/wp\/v2\/media?parent=562"}],"wp:term":[{"taxonomy":"category","embeddable":true,"href":"https:\/\/www.tamaulipas.gob.mx\/trabajo\/wp-json\/wp\/v2\/categories?post=562"},{"taxonomy":"post_tag","embeddable":true,"href":"https:\/\/www.tamaulipas.gob.mx\/trabajo\/wp-json\/wp\/v2\/tags?post=562"}],"curies":[{"name":"wp","href":"https:\/\/api.w.org\/{rel}","templated":true}]}}