{"id":545,"date":"2019-06-08T12:00:25","date_gmt":"2019-06-08T17:00:25","guid":{"rendered":"https:\/\/www.tamaulipas.gob.mx\/trabajo\/?p=545"},"modified":"2019-06-14T10:47:16","modified_gmt":"2019-06-14T15:47:16","slug":"ofrecen-movilidad-laboral-segura-para-jornaleros-agricolas-tamaulipecos","status":"publish","type":"post","link":"https:\/\/www.tamaulipas.gob.mx\/trabajo\/2019\/06\/ofrecen-movilidad-laboral-segura-para-jornaleros-agricolas-tamaulipecos\/","title":{"rendered":"Ofrecen Movilidad Laboral segura, para jornaleros agr\u00edcolas Tamaulipecos"},"content":{"rendered":"<p><em><strong>El gobernador Francisco Garc\u00eda Cabeza de Vaca, genera mejores condiciones de vida, de traslado y trabajo, para los tamaulipecos que migran por motivos labores.<\/strong><\/em><\/p>\n<p style=\"text-align: right;\">ST-020-2019<\/p>\n<p>Junio 07 del 2019<\/p>\n<p>Ciudad Ocampo, Tamaulipas.- Jornaleros agr\u00edcolas residentes de Antiguo Morelos, Bustamante, Tula y Ocampo, recibieron del Gobierno del Estado, recursos econ\u00f3micos para laborar fuera de su lugar de origen en el corte de ca\u00f1a.<\/p>\n<p>Mediante el Subprograma de Movilidad Laboral, que opera la Secretar\u00eda del Trabajo, en coordinaci\u00f3n con el Servicio Nacional de Empleo Tamaulipas, se llev\u00f3 a cabo el reclutamiento de doscientas personas, para trabajar en la empresa \u201cAsociaci\u00f3n de Ca\u00f1eros de San Miguel del Naranjo\u201d, ubicada en San Luis Potos\u00ed.<\/p>\n<p>Mar\u00eda Estela Chavira Mart\u00ednez, titular de la dependencia estatal, dio a conocer que mediante este mecanismo, el gobernador Francisco Garc\u00eda Cabeza de Vaca, genera mejores condiciones de vida, de traslado y trabajo, para los tamaulipecos que migran por motivos labores.<\/p>\n<p>\u201cPara nosotros, lo m\u00e1s importante es que ustedes tengan trabajo, para que sus familias tengan esa felicidad y esa armon\u00eda que produce el empleo\u201d, dijo la funcionaria.<\/p>\n<p>Indic\u00f3 que con esta pol\u00edtica, la poblaci\u00f3n migra de manera segura, con pleno respeto a sus derechos humanos, conoce el lugar donde trabajar\u00e1, el tiempo de su contrato, ingreso y las condiciones de trabajo.<\/p>\n<p>Jes\u00fas \u00c1valos Puente, alcalde de Ocampo, Tamaulipas, argument\u00f3 que el gobernador hace patente su compromiso, de brindar el bienestar laboral a cada uno de los que habitan la regi\u00f3n ca\u00f1era.<\/p>\n<p>Los jornaleros recibieron apoyos por mil 200 pesos a trav\u00e9s de una tarjeta de pago, que solventar\u00e1 los costos para su traslado.<\/p>\n<p>En lo que va del presente a\u00f1o, 388 tamaulipecos jornaleros han sido sujetos al subprograma de Movilidad Laboral, en los cuales se han erogado m\u00e1s de 529 mil pesos, y al cierre del ejercicio fiscal, se prev\u00e9 destinar montos por m\u00e1s de 1 mill\u00f3n 300 mil pesos.<\/p>\n<p style=\"text-align: center;\">###<\/p>\n<p>&nbsp;<\/p>\n<p>&nbsp;<\/p>\n<div class='owl-gallery'><div class='item'><a href='https:\/\/www.tamaulipas.gob.mx\/trabajo\/wp-content\/uploads\/sites\/11\/2019\/06\/boletn-ocampo-9c.jpg' rel='galeria'><img src='https:\/\/www.tamaulipas.gob.mx\/trabajo\/wp-content\/uploads\/sites\/11\/2019\/06\/boletn-ocampo-9c-850x500.jpg' srcset='' sizes='auto' alt=''><\/a><figcaption><\/figcaption><\/div><div class='item'><a href='https:\/\/www.tamaulipas.gob.mx\/trabajo\/wp-content\/uploads\/sites\/11\/2019\/06\/boletn-ocampo-9b.jpg' rel='galeria'><img src='https:\/\/www.tamaulipas.gob.mx\/trabajo\/wp-content\/uploads\/sites\/11\/2019\/06\/boletn-ocampo-9b-850x500.jpg' srcset='' sizes='auto' alt=''><\/a><figcaption><\/figcaption><\/div><div class='item'><a href='https:\/\/www.tamaulipas.gob.mx\/trabajo\/wp-content\/uploads\/sites\/11\/2019\/06\/boletn-ocampo-9a.jpg' rel='galeria'><img src='https:\/\/www.tamaulipas.gob.mx\/trabajo\/wp-content\/uploads\/sites\/11\/2019\/06\/boletn-ocampo-9a-850x500.jpg' srcset='' sizes='auto' alt=''><\/a><figcaption><\/figcaption><\/div><div class='item'><a href='https:\/\/www.tamaulipas.gob.mx\/trabajo\/wp-content\/uploads\/sites\/11\/2019\/06\/boletn-ocampo-8.jpg' rel='galeria'><img src='https:\/\/www.tamaulipas.gob.mx\/trabajo\/wp-content\/uploads\/sites\/11\/2019\/06\/boletn-ocampo-8-850x500.jpg' srcset='' sizes='auto' alt=''><\/a><figcaption><\/figcaption><\/div><div class='item'><a href='https:\/\/www.tamaulipas.gob.mx\/trabajo\/wp-content\/uploads\/sites\/11\/2019\/06\/boletn-ocampo-7.jpg' rel='galeria'><img src='https:\/\/www.tamaulipas.gob.mx\/trabajo\/wp-content\/uploads\/sites\/11\/2019\/06\/boletn-ocampo-7-850x500.jpg' srcset='' sizes='auto' alt=''><\/a><figcaption><\/figcaption><\/div><div class='item'><a href='https:\/\/www.tamaulipas.gob.mx\/trabajo\/wp-content\/uploads\/sites\/11\/2019\/06\/boletn-ocampo-6-1.jpg' rel='galeria'><img src='https:\/\/www.tamaulipas.gob.mx\/trabajo\/wp-content\/uploads\/sites\/11\/2019\/06\/boletn-ocampo-6-1-850x500.jpg' srcset='' sizes='auto' alt=''><\/a><figcaption><\/figcaption><\/div><div class='item'><a href='https:\/\/www.tamaulipas.gob.mx\/trabajo\/wp-content\/uploads\/sites\/11\/2019\/06\/boletn-ocampo-5.jpg' rel='galeria'><img src='https:\/\/www.tamaulipas.gob.mx\/trabajo\/wp-content\/uploads\/sites\/11\/2019\/06\/boletn-ocampo-5-850x500.jpg' srcset='' sizes='auto' alt=''><\/a><figcaption><\/figcaption><\/div><div class='item'><a href='https:\/\/www.tamaulipas.gob.mx\/trabajo\/wp-content\/uploads\/sites\/11\/2019\/06\/boletn-ocampo-4.jpg' rel='galeria'><img src='https:\/\/www.tamaulipas.gob.mx\/trabajo\/wp-content\/uploads\/sites\/11\/2019\/06\/boletn-ocampo-4-850x500.jpg' srcset='' sizes='auto' alt=''><\/a><figcaption><\/figcaption><\/div><div class='item'><a href='https:\/\/www.tamaulipas.gob.mx\/trabajo\/wp-content\/uploads\/sites\/11\/2019\/06\/boletn-ocampo-3.jpg' rel='galeria'><img src='https:\/\/www.tamaulipas.gob.mx\/trabajo\/wp-content\/uploads\/sites\/11\/2019\/06\/boletn-ocampo-3-850x500.jpg' srcset='' sizes='auto' alt=''><\/a><figcaption><\/figcaption><\/div><div class='item'><a href='https:\/\/www.tamaulipas.gob.mx\/trabajo\/wp-content\/uploads\/sites\/11\/2019\/06\/boletn-ocampo-2.jpg' rel='galeria'><img src='https:\/\/www.tamaulipas.gob.mx\/trabajo\/wp-content\/uploads\/sites\/11\/2019\/06\/boletn-ocampo-2-850x500.jpg' srcset='' sizes='auto' alt=''><\/a><figcaption><\/figcaption><\/div><div class='item'><a href='https:\/\/www.tamaulipas.gob.mx\/trabajo\/wp-content\/uploads\/sites\/11\/2019\/06\/boletn-ocampo-1.jpg' rel='galeria'><img src='https:\/\/www.tamaulipas.gob.mx\/trabajo\/wp-content\/uploads\/sites\/11\/2019\/06\/boletn-ocampo-1-850x500.jpg' srcset='' sizes='auto' alt=''><\/a><figcaption><\/figcaption><\/div><div class='item'><a href='https:\/\/www.tamaulipas.gob.mx\/trabajo\/wp-content\/uploads\/sites\/11\/2019\/06\/boletn-ocampo-9.jpg' rel='galeria'><img src='https:\/\/www.tamaulipas.gob.mx\/trabajo\/wp-content\/uploads\/sites\/11\/2019\/06\/boletn-ocampo-9-850x500.jpg' srcset='' sizes='auto' alt=''><\/a><figcaption><\/figcaption><\/div><\/div>\n","protected":false},"excerpt":{"rendered":"<p>El gobernador Francisco Garc\u00eda Cabeza de Vaca, genera mejores condiciones de vida, de traslado y trabajo, para los tamaulipecos que migran por motivos labores. ST-020-2019\u2026<\/p>\n","protected":false},"author":63,"featured_media":553,"comment_status":"closed","ping_status":"closed","sticky":false,"template":"","format":"standard","meta":{"footnotes":""},"categories":[1],"tags":[],"class_list":["post-545","post","type-post","status-publish","format-standard","has-post-thumbnail","hentry","category-prensa"],"publishpress_future_action":{"enabled":false,"date":"2026-05-08 06:30:03","action":"change-status","newStatus":"draft","terms":[],"taxonomy":"category"},"_links":{"self":[{"href":"https:\/\/www.tamaulipas.gob.mx\/trabajo\/wp-json\/wp\/v2\/posts\/545"}],"collection":[{"href":"https:\/\/www.tamaulipas.gob.mx\/trabajo\/wp-json\/wp\/v2\/posts"}],"about":[{"href":"https:\/\/www.tamaulipas.gob.mx\/trabajo\/wp-json\/wp\/v2\/types\/post"}],"author":[{"embeddable":true,"href":"https:\/\/www.tamaulipas.gob.mx\/trabajo\/wp-json\/wp\/v2\/users\/63"}],"replies":[{"embeddable":true,"href":"https:\/\/www.tamaulipas.gob.mx\/trabajo\/wp-json\/wp\/v2\/comments?post=545"}],"version-history":[{"count":3,"href":"https:\/\/www.tamaulipas.gob.mx\/trabajo\/wp-json\/wp\/v2\/posts\/545\/revisions"}],"predecessor-version":[{"id":561,"href":"https:\/\/www.tamaulipas.gob.mx\/trabajo\/wp-json\/wp\/v2\/posts\/545\/revisions\/561"}],"wp:featuredmedia":[{"embeddable":true,"href":"https:\/\/www.tamaulipas.gob.mx\/trabajo\/wp-json\/wp\/v2\/media\/553"}],"wp:attachment":[{"href":"https:\/\/www.tamaulipas.gob.mx\/trabajo\/wp-json\/wp\/v2\/media?parent=545"}],"wp:term":[{"taxonomy":"category","embeddable":true,"href":"https:\/\/www.tamaulipas.gob.mx\/trabajo\/wp-json\/wp\/v2\/categories?post=545"},{"taxonomy":"post_tag","embeddable":true,"href":"https:\/\/www.tamaulipas.gob.mx\/trabajo\/wp-json\/wp\/v2\/tags?post=545"}],"curies":[{"name":"wp","href":"https:\/\/api.w.org\/{rel}","templated":true}]}}