{"id":536,"date":"2019-02-20T09:20:58","date_gmt":"2019-02-20T15:20:58","guid":{"rendered":"https:\/\/www.tamaulipas.gob.mx\/trabajo\/?p=536"},"modified":"2019-04-23T10:06:30","modified_gmt":"2019-04-23T15:06:30","slug":"realizan-jornada-de-reclutamiento-para-jornaleros-que-buscan-trabajo-en-eua","status":"publish","type":"post","link":"https:\/\/www.tamaulipas.gob.mx\/trabajo\/2019\/02\/realizan-jornada-de-reclutamiento-para-jornaleros-que-buscan-trabajo-en-eua\/","title":{"rendered":"Realizan jornada de reclutamiento, para jornaleros que buscan trabajo en EUA"},"content":{"rendered":"<p><em><strong>\u201cPara el Gobernador Francisco Garc\u00eda Cabeza de Vaca, resulta fundamental que el trabajador goce de seguridad jur\u00eddica y certeza, que su esfuerzo laboral tenga un verdadero beneficio no solo para \u00e9l, sino para su familia y comunidad\u201d.<\/strong><\/em><\/p>\n<p style=\"text-align: right;\">ST-007-2019<\/p>\n<p>Febrero 20 del 2019<\/p>\n<p>Ciudad Victoria, Tamaulipas.- El Gobierno de Tamaulipas y la empresa \u201cLipman Produce\u201d de Estados Unidos, llevaron a cabo la Jornada de Reclutamiento y Entrevista a 40 trabajadores agr\u00edcolas, para laborar en la cosecha de tomate.<\/p>\n<p>Mediante el Subprograma de Movilidad Laboral, que opera el Servicio Nacional de Empleo Tamaulipas, la empresa ofreci\u00f3 vacantes para operar en granjas ubicadas en los estados de Florida, Carolina del Sur \u00a0y Virginia.<\/p>\n<p>Mar\u00eda Estela Chavira Mart\u00ednez, Secretaria del Trabajo, dijo que los jornaleros laboran de manera legal, ordenada y segura, y cuentan con las prestaciones de ley.<\/p>\n<p>\u201cPara el Gobernador Francisco Garc\u00eda Cabeza de Vaca, resulta fundamental que el trabajador goce de seguridad jur\u00eddica y certeza, que su esfuerzo laboral tenga un verdadero beneficio no solo para \u00e9l, sino para su familia y comunidad\u201d.<\/p>\n<p>Son trabajadores residentes de municipios como Mante, Tula, G\u00f3mez Far\u00edas, Morelos, Antiguo y Nuevo Morelos, Ocampo, Jaumave, entre otros, que cumplieron con su documentaci\u00f3n para ser reclutados por la empresa y laborar entre 8 a 10 meses o en su caso ser recontratados.<\/p>\n<p>Alex Pulido, encargado de recursos humanos de \u201cLipman Produce\u201d, asegur\u00f3 tener por recomendado al jornalero tamaulipeco, debido a que este conoce su trabajo, aplica mejor para el campo y pone todo su empe\u00f1o.<\/p>\n<p>\u201cA pesar de que los trabajos son pesados, tenemos buenas experiencias, son jornaleros responsables, y contamos con personas que llevan trabajando m\u00e1s de 3 a\u00f1os.<\/p>\n<p>Por su parte, Chavira Mart\u00ednez recalc\u00f3 que en Tamaulipas se promueve la formalidad laboral y es uno de los estados con mayor vocaci\u00f3n agr\u00edcola, por lo que el mecanismo de movilidad ha generado desarrollo y bienestar, para cerca de 200 trabajadores.<\/p>\n<p>Cabe destacar que al mismo tiempo, el SNE Tamaulipas, realiz\u00f3 el registro de candidatos, quienes pretenden nuevas experiencias laborales en campos de Estados Unidos, y que buscan mejorar su calidad de vida.<\/p>\n<div class='owl-gallery'><div class='item'><a href='https:\/\/www.tamaulipas.gob.mx\/trabajo\/wp-content\/uploads\/sites\/11\/2019\/04\/reclutadores-1.jpg' rel='galeria'><img src='https:\/\/www.tamaulipas.gob.mx\/trabajo\/wp-content\/uploads\/sites\/11\/2019\/04\/reclutadores-1-850x500.jpg' srcset='' sizes='auto' alt=''><\/a><figcaption><\/figcaption><\/div><div class='item'><a href='https:\/\/www.tamaulipas.gob.mx\/trabajo\/wp-content\/uploads\/sites\/11\/2019\/04\/reclutadores-2.jpg' rel='galeria'><img src='https:\/\/www.tamaulipas.gob.mx\/trabajo\/wp-content\/uploads\/sites\/11\/2019\/04\/reclutadores-2-850x500.jpg' srcset='' sizes='auto' alt=''><\/a><figcaption><\/figcaption><\/div><div class='item'><a href='https:\/\/www.tamaulipas.gob.mx\/trabajo\/wp-content\/uploads\/sites\/11\/2019\/04\/reclutadores-3.jpg' rel='galeria'><img src='https:\/\/www.tamaulipas.gob.mx\/trabajo\/wp-content\/uploads\/sites\/11\/2019\/04\/reclutadores-3-850x500.jpg' srcset='' sizes='auto' alt=''><\/a><figcaption><\/figcaption><\/div><div class='item'><a href='https:\/\/www.tamaulipas.gob.mx\/trabajo\/wp-content\/uploads\/sites\/11\/2019\/04\/reclutadores-4.jpg' rel='galeria'><img src='https:\/\/www.tamaulipas.gob.mx\/trabajo\/wp-content\/uploads\/sites\/11\/2019\/04\/reclutadores-4-850x500.jpg' srcset='' sizes='auto' alt=''><\/a><figcaption><\/figcaption><\/div><div class='item'><a href='https:\/\/www.tamaulipas.gob.mx\/trabajo\/wp-content\/uploads\/sites\/11\/2019\/04\/reclutadores-5.jpg' rel='galeria'><img src='https:\/\/www.tamaulipas.gob.mx\/trabajo\/wp-content\/uploads\/sites\/11\/2019\/04\/reclutadores-5-850x500.jpg' srcset='' sizes='auto' alt=''><\/a><figcaption><\/figcaption><\/div><div class='item'><a href='https:\/\/www.tamaulipas.gob.mx\/trabajo\/wp-content\/uploads\/sites\/11\/2019\/04\/reclutadores-6.jpg' rel='galeria'><img src='https:\/\/www.tamaulipas.gob.mx\/trabajo\/wp-content\/uploads\/sites\/11\/2019\/04\/reclutadores-6-850x500.jpg' srcset='' sizes='auto' alt=''><\/a><figcaption><\/figcaption><\/div><\/div>\n","protected":false},"excerpt":{"rendered":"<p>\u201cPara el Gobernador Francisco Garc\u00eda Cabeza de Vaca, resulta fundamental que el trabajador goce de seguridad jur\u00eddica y certeza, que su esfuerzo laboral tenga un\u2026<\/p>\n","protected":false},"author":63,"featured_media":542,"comment_status":"closed","ping_status":"closed","sticky":false,"template":"","format":"standard","meta":{"footnotes":""},"categories":[1],"tags":[],"class_list":["post-536","post","type-post","status-publish","format-standard","has-post-thumbnail","hentry","category-prensa"],"publishpress_future_action":{"enabled":false,"date":"2026-05-08 06:30:25","action":"change-status","newStatus":"draft","terms":[],"taxonomy":"category"},"_links":{"self":[{"href":"https:\/\/www.tamaulipas.gob.mx\/trabajo\/wp-json\/wp\/v2\/posts\/536"}],"collection":[{"href":"https:\/\/www.tamaulipas.gob.mx\/trabajo\/wp-json\/wp\/v2\/posts"}],"about":[{"href":"https:\/\/www.tamaulipas.gob.mx\/trabajo\/wp-json\/wp\/v2\/types\/post"}],"author":[{"embeddable":true,"href":"https:\/\/www.tamaulipas.gob.mx\/trabajo\/wp-json\/wp\/v2\/users\/63"}],"replies":[{"embeddable":true,"href":"https:\/\/www.tamaulipas.gob.mx\/trabajo\/wp-json\/wp\/v2\/comments?post=536"}],"version-history":[{"count":1,"href":"https:\/\/www.tamaulipas.gob.mx\/trabajo\/wp-json\/wp\/v2\/posts\/536\/revisions"}],"predecessor-version":[{"id":543,"href":"https:\/\/www.tamaulipas.gob.mx\/trabajo\/wp-json\/wp\/v2\/posts\/536\/revisions\/543"}],"wp:featuredmedia":[{"embeddable":true,"href":"https:\/\/www.tamaulipas.gob.mx\/trabajo\/wp-json\/wp\/v2\/media\/542"}],"wp:attachment":[{"href":"https:\/\/www.tamaulipas.gob.mx\/trabajo\/wp-json\/wp\/v2\/media?parent=536"}],"wp:term":[{"taxonomy":"category","embeddable":true,"href":"https:\/\/www.tamaulipas.gob.mx\/trabajo\/wp-json\/wp\/v2\/categories?post=536"},{"taxonomy":"post_tag","embeddable":true,"href":"https:\/\/www.tamaulipas.gob.mx\/trabajo\/wp-json\/wp\/v2\/tags?post=536"}],"curies":[{"name":"wp","href":"https:\/\/api.w.org\/{rel}","templated":true}]}}