{"id":496,"date":"2019-01-07T08:28:25","date_gmt":"2019-01-07T14:28:25","guid":{"rendered":"https:\/\/www.tamaulipas.gob.mx\/trabajo\/?p=496"},"modified":"2019-01-14T09:09:29","modified_gmt":"2019-01-14T15:09:29","slug":"toman-protesta-a-representantes","status":"publish","type":"post","link":"https:\/\/www.tamaulipas.gob.mx\/trabajo\/2019\/01\/toman-protesta-a-representantes\/","title":{"rendered":"Toman protesta, a representantes obrero  patronal, de las Juntas Especiales de Conciliaci\u00f3n y Arbitraje del Estado"},"content":{"rendered":"<p><em><strong>El acto, establecido en la Ley Federal del Trabajo, tiene la finalidad de contribuir a la impartici\u00f3n de justicia laboral y a una vigilancia objetiva.<\/strong><\/em><\/p>\n<p>Enero 07 del 2019<\/p>\n<p>Ciudad Victoria, Tamaulipas.- El Gobierno del Estado, tom\u00f3 protesta a los representantes obrero patronal de las Juntas Especiales de Conciliaci\u00f3n y Arbitraje.<\/p>\n<p>El evento presidido por el Jefe de la Oficina del Gobernador V\u00edctor Manuel S\u00e1enz Mart\u00ednez y la Secretaria del Trabajo, Mar\u00eda Estela Chavira Mart\u00ednez, se desarroll\u00f3 luego de las pasadas convenciones en las 11 juntas especiales, donde se acredit\u00f3 a los representantes electos por mayor\u00eda.<\/p>\n<p>La titular de la dependencia estatal, dio a conocer que el acto, establecido en la Ley Federal del Trabajo, tiene la finalidad de contribuir a la impartici\u00f3n de justicia laboral y a una vigilancia objetiva.<\/p>\n<p>\u201cUstedes adquieren una obligaci\u00f3n no solo jur\u00eddica, sino tambi\u00e9n moral ante la sociedad, quienes acuden ante las instancias con el prop\u00f3sito de garantizar sus derechos laborales\u201d.<\/p>\n<p>En la ceremonia, los representantes de gobierno, firmaron la constancia de toma de protesta, constituida cada 6 a\u00f1os y que precisa cumplir las disposiciones laborales durante el primer d\u00eda h\u00e1bil.<\/p>\n<p>En el entorno, la funcionaria declar\u00f3 que el procedimiento resulta hist\u00f3rico, pues ser\u00e1 el \u00faltimo bajo el actual sistema de justicia, dando paso a los juicios que contempla la nueva reforma constitucional en materia laboral.<\/p>\n<p>Durante la toma de protesta, se demand\u00f3 a los representantes no ser part\u00edcipes de los vicios exhibidos tiempo atr\u00e1s, y se exhort\u00f3 a denunciar p\u00fablicamente las irregularidades durante su gesti\u00f3n.<\/p>\n<p>Chavira Mart\u00ednez expres\u00f3 que por instrucciones del Gobernador Francisco Garc\u00eda Cabeza de Vaca, en Tamaulipas se combaten las injusticias y se promueve la equidad y formalidad de los empleos, para con ello garantizar una nueva etapa para la productividad y el mercado laboral, que deparen a los ciudadanos un mejor bienestar.<\/p>\n<p>&nbsp;<\/p>\n<div class='owl-gallery'><div class='item'><a href='https:\/\/www.tamaulipas.gob.mx\/trabajo\/wp-content\/uploads\/sites\/11\/2019\/01\/toma-protesta-3.jpg' rel='galeria'><img src='https:\/\/www.tamaulipas.gob.mx\/trabajo\/wp-content\/uploads\/sites\/11\/2019\/01\/toma-protesta-3-850x500.jpg' srcset='' sizes='auto' alt=''><\/a><figcaption><\/figcaption><\/div><div class='item'><a href='https:\/\/www.tamaulipas.gob.mx\/trabajo\/wp-content\/uploads\/sites\/11\/2019\/01\/toma-protesta-4.jpg' rel='galeria'><img src='https:\/\/www.tamaulipas.gob.mx\/trabajo\/wp-content\/uploads\/sites\/11\/2019\/01\/toma-protesta-4-850x500.jpg' srcset='' sizes='auto' alt=''><\/a><figcaption><\/figcaption><\/div><div class='item'><a href='https:\/\/www.tamaulipas.gob.mx\/trabajo\/wp-content\/uploads\/sites\/11\/2019\/01\/toma-protesta-5.jpg' rel='galeria'><img src='https:\/\/www.tamaulipas.gob.mx\/trabajo\/wp-content\/uploads\/sites\/11\/2019\/01\/toma-protesta-5-850x500.jpg' srcset='' sizes='auto' alt=''><\/a><figcaption><\/figcaption><\/div><div class='item'><a href='https:\/\/www.tamaulipas.gob.mx\/trabajo\/wp-content\/uploads\/sites\/11\/2019\/01\/toma-protesta-7.jpg' rel='galeria'><img src='https:\/\/www.tamaulipas.gob.mx\/trabajo\/wp-content\/uploads\/sites\/11\/2019\/01\/toma-protesta-7-850x500.jpg' srcset='' sizes='auto' alt=''><\/a><figcaption><\/figcaption><\/div><\/div>\n","protected":false},"excerpt":{"rendered":"<p>El acto, establecido en la Ley Federal del Trabajo, tiene la finalidad de contribuir a la impartici\u00f3n de justicia laboral y a una vigilancia objetiva.\u2026<\/p>\n","protected":false},"author":63,"featured_media":497,"comment_status":"closed","ping_status":"closed","sticky":false,"template":"","format":"standard","meta":{"footnotes":""},"categories":[1],"tags":[],"class_list":["post-496","post","type-post","status-publish","format-standard","has-post-thumbnail","hentry","category-prensa"],"publishpress_future_action":{"enabled":false,"date":"2026-05-08 06:30:50","action":"change-status","newStatus":"draft","terms":[],"taxonomy":"category"},"_links":{"self":[{"href":"https:\/\/www.tamaulipas.gob.mx\/trabajo\/wp-json\/wp\/v2\/posts\/496"}],"collection":[{"href":"https:\/\/www.tamaulipas.gob.mx\/trabajo\/wp-json\/wp\/v2\/posts"}],"about":[{"href":"https:\/\/www.tamaulipas.gob.mx\/trabajo\/wp-json\/wp\/v2\/types\/post"}],"author":[{"embeddable":true,"href":"https:\/\/www.tamaulipas.gob.mx\/trabajo\/wp-json\/wp\/v2\/users\/63"}],"replies":[{"embeddable":true,"href":"https:\/\/www.tamaulipas.gob.mx\/trabajo\/wp-json\/wp\/v2\/comments?post=496"}],"version-history":[{"count":6,"href":"https:\/\/www.tamaulipas.gob.mx\/trabajo\/wp-json\/wp\/v2\/posts\/496\/revisions"}],"predecessor-version":[{"id":508,"href":"https:\/\/www.tamaulipas.gob.mx\/trabajo\/wp-json\/wp\/v2\/posts\/496\/revisions\/508"}],"wp:featuredmedia":[{"embeddable":true,"href":"https:\/\/www.tamaulipas.gob.mx\/trabajo\/wp-json\/wp\/v2\/media\/497"}],"wp:attachment":[{"href":"https:\/\/www.tamaulipas.gob.mx\/trabajo\/wp-json\/wp\/v2\/media?parent=496"}],"wp:term":[{"taxonomy":"category","embeddable":true,"href":"https:\/\/www.tamaulipas.gob.mx\/trabajo\/wp-json\/wp\/v2\/categories?post=496"},{"taxonomy":"post_tag","embeddable":true,"href":"https:\/\/www.tamaulipas.gob.mx\/trabajo\/wp-json\/wp\/v2\/tags?post=496"}],"curies":[{"name":"wp","href":"https:\/\/api.w.org\/{rel}","templated":true}]}}