{"id":340,"date":"2018-01-09T13:03:43","date_gmt":"2018-01-09T19:03:43","guid":{"rendered":"http:\/\/www.tamaulipas.gob.mx\/trabajo\/?p=340"},"modified":"2018-05-08T12:01:32","modified_gmt":"2018-05-08T17:01:32","slug":"en-tamaulipas-se-fomenta-el-autoempleo-por-un-trabajo-estable-digno-y-mas-remunerado","status":"publish","type":"post","link":"https:\/\/www.tamaulipas.gob.mx\/trabajo\/2018\/01\/en-tamaulipas-se-fomenta-el-autoempleo-por-un-trabajo-estable-digno-y-mas-remunerado\/","title":{"rendered":"En Tamaulipas se fomenta el autoempleo, por un trabajo estable, digno y m\u00e1s remunerado"},"content":{"rendered":"<div class=\"_2cuy _3dgx _2vxa\">Ciudad Victoria, Tamaulipas.- El compromiso del Gobernador Francisco Garc\u00eda Cabeza de Vaca, es que los tamaulipecos tengan la oportunidad de obtener un trabajo estable, digno y mejor remunerado.<\/div>\n<div><\/div>\n<div class=\"_2cuy _3dgx _2vxa\">Con el Programa de Apoyo al Empleo, cientos de personas en diversos municipios fueron beneficiadas con la entrega de maquinaria, mobiliario, herramienta y recursos econ\u00f3micos al concluir diversos cursos de capacitaci\u00f3n.<\/div>\n<div><\/div>\n<div class=\"_2cuy _3dgx _2vxa\">Un ejemplo es Jacobo Hern\u00e1ndez del \u00c1ngel, quien habita en la capital del Estado, hace un a\u00f1o sali\u00f3 del CEDES Victoria luego de pagar la pena por un error que cometi\u00f3, sin embargo encontrar empleo o rehacer su vida no fue tan f\u00e1cil.<\/div>\n<div><\/div>\n<div class=\"_2cuy _3dgx _2vxa\">A pesar de aceptar su destino, las ganas por salir adelante no fueron en vano, dentro del reclusorio aprendi\u00f3 un oficio, buscando emprender su propio negocio.<\/div>\n<div><\/div>\n<div class=\"_2cuy _3dgx _2vxa\">Al salir en libertad, la necesidad por el sustento econ\u00f3mico, lo motivo a buscar ayuda, se acerc\u00f3 al Servicio Nacional de Empleo Tamaulipas para inscribirse en el Subprograma Fomento al Autoempleo y echar a andar una carpinter\u00eda.<\/div>\n<div><\/div>\n<div class=\"_2cuy _3dgx _2vxa\">Hern\u00e1ndez del \u00c1ngel present\u00f3 su propuesta, fue aprobada y en unos meses recibi\u00f3 su maquinaria.<\/div>\n<div><\/div>\n<div class=\"_2cuy _3dgx _2vxa\">\u201cMe dijeron de los apoyos que brinda el SNE, no tenia equipo, trabajaba en talleres, presente mi propuesta y fue aceptada, ahora me siento orgulloso del gobierno, vamos a empezar a trabajar en lo nuestro y vamos a generar empleo para otros\u201d.<\/div>\n<div><\/div>\n<div class=\"_2cuy _3dgx _2vxa\">El Gobierno del Estado, mediante la Secretar\u00eda del Trabajo en coordinaci\u00f3n con el Servicio Nacional de Empleo Tamaulipas, le entreg\u00f3 una canteadora para madera de 6 pulgadas, as\u00ed como un cepillo port\u00e1til de 12 y \u00bd pulgadas, para fabricar sillas, puertas, mesas, closets, cocinas integrales entre otros art\u00edculos.<\/div>\n<div><\/div>\n<div class=\"_2cuy _3dgx _2vxa\">El Subprograma Fomento al Autoempleo, apoya a los buscadores de empleo, que aun teniendo competencias y experiencias, no han logrado vincularse a un puesto de trabajo y desean desarrollar una actividad por cuenta propia. Para este programa, autoridades aterrizaron partidas por m\u00e1s de 668 mil 677 pesos, en apoyo de los tamaulipecos.<\/div>\n<div><\/div>\n<div class=\"_2cuy _3dgx _2vxa\">Mar\u00eda Estela Chavira Mart\u00ednez, Secretaria del Trabajo, dijo que la instrucci\u00f3n del gobernador Francisco Garc\u00eda Cabeza de Vaca, es que se apoye a quienes quieren un Tamaulipas prospero y con mejores posibilidades de crecimiento laboral.<\/div>\n<div><\/div>\n<div class=\"_2cuy _3dgx _2vxa\">Durante el 2017, la dependencia estatal, entreg\u00f3 herramienta para oficios tanto de mec\u00e1nica, sastrer\u00eda, panader\u00eda, est\u00e9tica, peluquer\u00eda, comercio entre otros. Estela Chavira Mart\u00ednez, explic\u00f3 que con estas acciones que brinda el gobierno de manera gratuita, se pretende generar en los hogares de Tamaulipas, la tranquilidad, paz y armon\u00eda laboral.<\/div>\n","protected":false},"excerpt":{"rendered":"<p>Ciudad Victoria, Tamaulipas.- El compromiso del Gobernador Francisco Garc\u00eda Cabeza de Vaca, es que los tamaulipecos tengan la oportunidad de obtener un trabajo estable, digno\u2026<\/p>\n","protected":false},"author":63,"featured_media":341,"comment_status":"closed","ping_status":"closed","sticky":false,"template":"","format":"standard","meta":{"footnotes":""},"categories":[1],"tags":[],"class_list":["post-340","post","type-post","status-publish","format-standard","has-post-thumbnail","hentry","category-prensa"],"publishpress_future_action":{"enabled":false,"date":"2026-05-08 06:30:14","action":"change-status","newStatus":"draft","terms":[],"taxonomy":"category"},"_links":{"self":[{"href":"https:\/\/www.tamaulipas.gob.mx\/trabajo\/wp-json\/wp\/v2\/posts\/340"}],"collection":[{"href":"https:\/\/www.tamaulipas.gob.mx\/trabajo\/wp-json\/wp\/v2\/posts"}],"about":[{"href":"https:\/\/www.tamaulipas.gob.mx\/trabajo\/wp-json\/wp\/v2\/types\/post"}],"author":[{"embeddable":true,"href":"https:\/\/www.tamaulipas.gob.mx\/trabajo\/wp-json\/wp\/v2\/users\/63"}],"replies":[{"embeddable":true,"href":"https:\/\/www.tamaulipas.gob.mx\/trabajo\/wp-json\/wp\/v2\/comments?post=340"}],"version-history":[{"count":1,"href":"https:\/\/www.tamaulipas.gob.mx\/trabajo\/wp-json\/wp\/v2\/posts\/340\/revisions"}],"predecessor-version":[{"id":342,"href":"https:\/\/www.tamaulipas.gob.mx\/trabajo\/wp-json\/wp\/v2\/posts\/340\/revisions\/342"}],"wp:featuredmedia":[{"embeddable":true,"href":"https:\/\/www.tamaulipas.gob.mx\/trabajo\/wp-json\/wp\/v2\/media\/341"}],"wp:attachment":[{"href":"https:\/\/www.tamaulipas.gob.mx\/trabajo\/wp-json\/wp\/v2\/media?parent=340"}],"wp:term":[{"taxonomy":"category","embeddable":true,"href":"https:\/\/www.tamaulipas.gob.mx\/trabajo\/wp-json\/wp\/v2\/categories?post=340"},{"taxonomy":"post_tag","embeddable":true,"href":"https:\/\/www.tamaulipas.gob.mx\/trabajo\/wp-json\/wp\/v2\/tags?post=340"}],"curies":[{"name":"wp","href":"https:\/\/api.w.org\/{rel}","templated":true}]}}