{"id":335,"date":"2018-01-09T12:10:37","date_gmt":"2018-01-09T18:10:37","guid":{"rendered":"http:\/\/www.tamaulipas.gob.mx\/trabajo\/?p=335"},"modified":"2018-05-08T12:01:33","modified_gmt":"2018-05-08T17:01:33","slug":"cursos-de-capacitacion-para-el-autoempleo-experiencias-para-un-salario-digno-y-estabilidad-laboral","status":"publish","type":"post","link":"https:\/\/www.tamaulipas.gob.mx\/trabajo\/2018\/01\/cursos-de-capacitacion-para-el-autoempleo-experiencias-para-un-salario-digno-y-estabilidad-laboral\/","title":{"rendered":"Cursos de Capacitaci\u00f3n para el Autoempleo, experiencias para un salario digno y estabilidad laboral"},"content":{"rendered":"<p>Ciudad Victoria, Tamaulipas.- Los cursos de capacitaci\u00f3n, ayudaran mucho a los ciudadanos de escasos recursos econ\u00f3micos y nosotros como instructoras les otorgamos la capacitaci\u00f3n para que puedan prepararse en un futuro y as\u00ed ayudar a su familia, dijo Lucinda Rivera Aranda, instructora del curso de bisuter\u00eda, de la Unidad Regional Reynosa, del Servicio Nacional de Empleo Tamaulipas.<\/p>\n<p>El Gobierno del Estado mediante la Secretar\u00eda del Trabajo, en coordinaci\u00f3n con el SNE, ofreci\u00f3 durante el 2017, veinte cursos de capacitaci\u00f3n correspondientes al Subprograma B\u00e9cate en la modalidad Capacitaci\u00f3n para el Autoempleo y entreg\u00f3 constancias para que los beneficiarios arrancaran sus actividades productivas.<\/p>\n<p>Los cursos se desarrollaron en los municipios de Reynosa, Ciudad Mante, G\u00f3mez Far\u00edas, Xicot\u00e9ncatl y Soto la Marina, en los que se beneficiaron m\u00e1s de 500 personas y se invirtieron recursos estatales por m\u00e1s de 1 mill\u00f3n 317 mil 285 pesos.<\/p>\n<p>Mar\u00eda Elena G\u00f3mez Guzm\u00e1n quien tomo el curso de bisuter\u00eda, asegur\u00f3 que con los trabajos implementados, aprendi\u00f3 cosas diferentes, \u201cnunca me hab\u00eda imaginado en ponerme a hacer un arete o fabricar un collar y realmente salimos con un aprendizaje muy bueno\u201d.<\/p>\n<p>Barbarita Nava Esquivel, agradeci\u00f3 a Dios y al Gobernador Francisco Garc\u00eda Cabeza de Vaca por la experiencia, declar\u00f3 que en un inicio los cursos resultaron estresantes, sin embargo despu\u00e9s se enamor\u00f3 de las actividades.<\/p>\n<p>Las personas recibieron becas, capacitaci\u00f3n y material para desarrollar sus trabajos, los cursos tuvieron una duraci\u00f3n de 20 d\u00edas h\u00e1biles, de lunes a viernes, 6 horas diarias, en edificios educativos, de gobierno y\u00a0 particulares.<\/p>\n<p>Mar\u00eda Estela Chavira Mart\u00ednez, titular de la dependencia estatal, dijo que \u201cel \u00fanico fin del gobierno, es generar estabilidad laboral, as\u00ed como un empleo formal y digno, que origine condiciones de salario y la paz en cada hogar tamaulipeco \u201c.<\/p>\n<p>\u201cYo me siento feliz de poder ver a tanta gente que se ha ayudado, yo en lo personal les di bisuter\u00eda y ya tengo gente que est\u00e1 vendiendo\u201d, explic\u00f3 Lucinda Rivera Aranda.<\/p>\n<p>En los cursos impartidos, los interesados fueron instruidos en trabajos de belleza, bisuter\u00eda, decoraci\u00f3n de pasteles, aplicaci\u00f3n de u\u00f1as, servicios de belleza, globo flexia, tejido, manualidades, reposter\u00eda as\u00ed como corte y confecci\u00f3n.<\/p>\n","protected":false},"excerpt":{"rendered":"<p>Ciudad Victoria, Tamaulipas.- Los cursos de capacitaci\u00f3n, ayudaran mucho a los ciudadanos de escasos recursos econ\u00f3micos y nosotros como instructoras les otorgamos la capacitaci\u00f3n para\u2026<\/p>\n","protected":false},"author":63,"featured_media":336,"comment_status":"closed","ping_status":"closed","sticky":false,"template":"","format":"standard","meta":{"footnotes":""},"categories":[1],"tags":[],"class_list":["post-335","post","type-post","status-publish","format-standard","has-post-thumbnail","hentry","category-prensa"],"publishpress_future_action":{"enabled":false,"date":"2026-05-08 06:30:16","action":"change-status","newStatus":"draft","terms":[],"taxonomy":"category"},"_links":{"self":[{"href":"https:\/\/www.tamaulipas.gob.mx\/trabajo\/wp-json\/wp\/v2\/posts\/335"}],"collection":[{"href":"https:\/\/www.tamaulipas.gob.mx\/trabajo\/wp-json\/wp\/v2\/posts"}],"about":[{"href":"https:\/\/www.tamaulipas.gob.mx\/trabajo\/wp-json\/wp\/v2\/types\/post"}],"author":[{"embeddable":true,"href":"https:\/\/www.tamaulipas.gob.mx\/trabajo\/wp-json\/wp\/v2\/users\/63"}],"replies":[{"embeddable":true,"href":"https:\/\/www.tamaulipas.gob.mx\/trabajo\/wp-json\/wp\/v2\/comments?post=335"}],"version-history":[{"count":1,"href":"https:\/\/www.tamaulipas.gob.mx\/trabajo\/wp-json\/wp\/v2\/posts\/335\/revisions"}],"predecessor-version":[{"id":337,"href":"https:\/\/www.tamaulipas.gob.mx\/trabajo\/wp-json\/wp\/v2\/posts\/335\/revisions\/337"}],"wp:featuredmedia":[{"embeddable":true,"href":"https:\/\/www.tamaulipas.gob.mx\/trabajo\/wp-json\/wp\/v2\/media\/336"}],"wp:attachment":[{"href":"https:\/\/www.tamaulipas.gob.mx\/trabajo\/wp-json\/wp\/v2\/media?parent=335"}],"wp:term":[{"taxonomy":"category","embeddable":true,"href":"https:\/\/www.tamaulipas.gob.mx\/trabajo\/wp-json\/wp\/v2\/categories?post=335"},{"taxonomy":"post_tag","embeddable":true,"href":"https:\/\/www.tamaulipas.gob.mx\/trabajo\/wp-json\/wp\/v2\/tags?post=335"}],"curies":[{"name":"wp","href":"https:\/\/api.w.org\/{rel}","templated":true}]}}