{"id":330,"date":"2018-01-08T17:23:08","date_gmt":"2018-01-08T23:23:08","guid":{"rendered":"http:\/\/www.tamaulipas.gob.mx\/trabajo\/?p=330"},"modified":"2018-05-08T12:01:35","modified_gmt":"2018-05-08T17:01:35","slug":"mas-de-42-millones-de-pesos-para-tamaulipas-genero-la-movilidad-laboral-hacia-canada-y-eua","status":"publish","type":"post","link":"https:\/\/www.tamaulipas.gob.mx\/trabajo\/2018\/01\/mas-de-42-millones-de-pesos-para-tamaulipas-genero-la-movilidad-laboral-hacia-canada-y-eua\/","title":{"rendered":"M\u00e1s de 42 millones de pesos para Tamaulipas, gener\u00f3 la Movilidad Laboral hacia Canad\u00e1 y EUA"},"content":{"rendered":"<p>Ciudad Victoria, Tamaulipas.- Una derrama por m\u00e1s de 42 millones 790 mil 345 pesos (3 millones 056 mil 049 d\u00f3lares canadienses), generaron a su regreso\u00a0 trabajadores inscritos al Programa de Movilidad Laboral Externa, que opera el Gobierno del Estado mediante la Secretar\u00eda del Trabajo.<\/p>\n<p>En lo que va del a\u00f1o, la dependencia estatal brind\u00f3 atenci\u00f3n a 393 personas dentro del Programa de Trabajadores Agr\u00edcolas Temporales M\u00e9xico-Canad\u00e1 y mecanismos de Movilidad Laboral M\u00e9xico-Canad\u00e1-Estados Unidos o Alemania, logrando colocar a 356 de ellos, la mayor\u00eda en granjas agr\u00edcolas de Canad\u00e1 y en otros trabajos de car\u00e1cter profesional en los Estados Unidos.<\/p>\n<p>Mar\u00eda Estela Chavira Mart\u00ednez, dio a conocer que las acciones, implementadas en coordinaci\u00f3n con el Servicio Nacional de Empleo Tamaulipas, tienen la intenci\u00f3n de impulsar de forma ordenada, legal y segura, el flujo de trabajadores temporales mexicanos hacia al extranjero.<\/p>\n<p>Pedro G. Herrera, quien reside en el municipio de Tula Tamaulipas, desde el a\u00f1o 2010 acude a las granjas en Canad\u00e1 para trabajar en la plantaci\u00f3n de fresa, manzana, elote, frambuesa, ejote entre otros productos del campo, para Grimaldo, la oportunidad brindada por el gobierno de trabajar en el extranjero, ha sido su mayor experiencia.<\/p>\n<p>\u201cYo me enliste en el programa y fui candidato, al llegar a Canad\u00e1, mi estancia no fue f\u00e1cil, desconoc\u00eda el idioma, pero el patr\u00f3n fue conociendo poco a poco el espa\u00f1ol y nos empezamos a entender\u201d.<\/p>\n<p>Explic\u00f3 que trabajar en el extranjero, ha sido beneficioso \u00e9l y su familia, pues con los ingresos econ\u00f3micos ha logrado a la fecha brindarles una mejor calidad de vida.<\/p>\n<p>Dentro de proceso de reclutamiento, personal del SNE brinda capacitaci\u00f3n a los trabajadores, en temas como firma de documentos oficiales, seguridad en el trabajo agr\u00edcola,\u00a0 igualdad de g\u00e9nero, servicios consulares entre otros.<\/p>\n<p>Mediante el Programa de Movilidad, la Secretar\u00eda del Trabajo selecciona y vincula a los buscadores de empleo con experiencia en el sector agr\u00edcola o profesional, para ocupar trabajos de dos hasta ocho meses, y se mantiene atenta a fin de que a las personas, se les respete sus derechos laborales.<\/p>\n","protected":false},"excerpt":{"rendered":"<p>Ciudad Victoria, Tamaulipas.- Una derrama por m\u00e1s de 42 millones 790 mil 345 pesos (3 millones 056 mil 049 d\u00f3lares canadienses), generaron a su regreso\u00a0\u2026<\/p>\n","protected":false},"author":63,"featured_media":331,"comment_status":"closed","ping_status":"closed","sticky":false,"template":"","format":"standard","meta":{"footnotes":""},"categories":[1],"tags":[],"class_list":["post-330","post","type-post","status-publish","format-standard","has-post-thumbnail","hentry","category-prensa"],"publishpress_future_action":{"enabled":false,"date":"2026-05-08 04:59:47","action":"change-status","newStatus":"draft","terms":[],"taxonomy":"category"},"_links":{"self":[{"href":"https:\/\/www.tamaulipas.gob.mx\/trabajo\/wp-json\/wp\/v2\/posts\/330"}],"collection":[{"href":"https:\/\/www.tamaulipas.gob.mx\/trabajo\/wp-json\/wp\/v2\/posts"}],"about":[{"href":"https:\/\/www.tamaulipas.gob.mx\/trabajo\/wp-json\/wp\/v2\/types\/post"}],"author":[{"embeddable":true,"href":"https:\/\/www.tamaulipas.gob.mx\/trabajo\/wp-json\/wp\/v2\/users\/63"}],"replies":[{"embeddable":true,"href":"https:\/\/www.tamaulipas.gob.mx\/trabajo\/wp-json\/wp\/v2\/comments?post=330"}],"version-history":[{"count":2,"href":"https:\/\/www.tamaulipas.gob.mx\/trabajo\/wp-json\/wp\/v2\/posts\/330\/revisions"}],"predecessor-version":[{"id":333,"href":"https:\/\/www.tamaulipas.gob.mx\/trabajo\/wp-json\/wp\/v2\/posts\/330\/revisions\/333"}],"wp:featuredmedia":[{"embeddable":true,"href":"https:\/\/www.tamaulipas.gob.mx\/trabajo\/wp-json\/wp\/v2\/media\/331"}],"wp:attachment":[{"href":"https:\/\/www.tamaulipas.gob.mx\/trabajo\/wp-json\/wp\/v2\/media?parent=330"}],"wp:term":[{"taxonomy":"category","embeddable":true,"href":"https:\/\/www.tamaulipas.gob.mx\/trabajo\/wp-json\/wp\/v2\/categories?post=330"},{"taxonomy":"post_tag","embeddable":true,"href":"https:\/\/www.tamaulipas.gob.mx\/trabajo\/wp-json\/wp\/v2\/tags?post=330"}],"curies":[{"name":"wp","href":"https:\/\/api.w.org\/{rel}","templated":true}]}}