{"id":327,"date":"2018-01-08T17:17:54","date_gmt":"2018-01-08T23:17:54","guid":{"rendered":"http:\/\/www.tamaulipas.gob.mx\/trabajo\/?p=327"},"modified":"2018-05-08T12:01:36","modified_gmt":"2018-05-08T17:01:36","slug":"13-ferias-de-empleo-efectuadas-en-tamaulipas-para-generar-mejores-condiciones-de-vida","status":"publish","type":"post","link":"https:\/\/www.tamaulipas.gob.mx\/trabajo\/2018\/01\/13-ferias-de-empleo-efectuadas-en-tamaulipas-para-generar-mejores-condiciones-de-vida\/","title":{"rendered":"13 Ferias de Empleo efectuadas en Tamaulipas, para generar mejores condiciones de vida"},"content":{"rendered":"<p>Ciudad Victoria, Tamaulipas.- En el 2017 el Gobierno de Tamaulipas mediante la Secretar\u00eda del Trabajo, desarroll\u00f3 13 Ferias de Empleo para abatir el desempleo y generar mejores condiciones de vida en los ciudadanos.<\/p>\n<p>Los trabajos efectuados en coordinaci\u00f3n con el Servicio Nacional de Empleo, contempl\u00f3 siete Ferias Nacionales de Empleo, una Feria Nacional de Empleo y Servicios para J\u00f3venes, 2das Ferias de Empleo, una Feria de Empelo para personas con discapacidad y adultos Mayores, la Primera Feria Regional de Empleo de Movilidad Laboral Agr\u00edcola y una Feria de Empleo para residentes de 2 pol\u00edgonos dentro del Plan Unidos por Reynosa.<\/p>\n<p>Durante la etapa, en la que se involucraron a los principales municipios, adem\u00e1s de El Mante y Gonz\u00e1lez, participaron 780 empresas, que ofertaron 11 mil 618 vacantes; en las ferias fueron atendidas 6 mil 272 personas y se lograron colocar a mil 958.<\/p>\n<p>Mar\u00eda Estela Chavira Mart\u00ednez, Secretaria del Trabajo, asegur\u00f3 que al ser una instrucci\u00f3n del gobernador Francisco Garc\u00eda Cabeza de Vaca, en el 2017 se trabaj\u00f3 facilitando y acercando a la poblaci\u00f3n las vacantes que ofertaron las empresas.<\/p>\n<p>En las Ferias de Empleo se puso a disposici\u00f3n bolsa de trabajo tanto para la industria, comercio, servicios as\u00ed como para el sector agr\u00edcola, la intenci\u00f3n dijo la funcionaria, es que a trav\u00e9s del trabajo se genere un ingreso econ\u00f3mico, estabilidad y armon\u00eda en el hogar.<\/p>\n<p>Estela Chavira Mart\u00ednez, argument\u00f3 que la Secretar\u00eda a su cargo, est\u00e1 lista para recibir el 2018 con nuevos retos, asegur\u00f3 que se redoblaran los esfuerzos para ofertar m\u00e1s empleo y buscar nuevas empresas, as\u00ed mismo preparan el escenario ante la llegada de nuevas inversiones en materia energ\u00e9tica, para ofrecer los perfiles adecuados que requieran.<\/p>\n<p>&nbsp;<\/p>\n","protected":false},"excerpt":{"rendered":"<p>Ciudad Victoria, Tamaulipas.- En el 2017 el Gobierno de Tamaulipas mediante la Secretar\u00eda del Trabajo, desarroll\u00f3 13 Ferias de Empleo para abatir el desempleo y\u2026<\/p>\n","protected":false},"author":63,"featured_media":328,"comment_status":"closed","ping_status":"closed","sticky":false,"template":"","format":"standard","meta":{"footnotes":""},"categories":[1],"tags":[],"class_list":["post-327","post","type-post","status-publish","format-standard","has-post-thumbnail","hentry","category-prensa"],"publishpress_future_action":{"enabled":false,"date":"2026-05-08 05:00:36","action":"change-status","newStatus":"draft","terms":[],"taxonomy":"category"},"_links":{"self":[{"href":"https:\/\/www.tamaulipas.gob.mx\/trabajo\/wp-json\/wp\/v2\/posts\/327"}],"collection":[{"href":"https:\/\/www.tamaulipas.gob.mx\/trabajo\/wp-json\/wp\/v2\/posts"}],"about":[{"href":"https:\/\/www.tamaulipas.gob.mx\/trabajo\/wp-json\/wp\/v2\/types\/post"}],"author":[{"embeddable":true,"href":"https:\/\/www.tamaulipas.gob.mx\/trabajo\/wp-json\/wp\/v2\/users\/63"}],"replies":[{"embeddable":true,"href":"https:\/\/www.tamaulipas.gob.mx\/trabajo\/wp-json\/wp\/v2\/comments?post=327"}],"version-history":[{"count":1,"href":"https:\/\/www.tamaulipas.gob.mx\/trabajo\/wp-json\/wp\/v2\/posts\/327\/revisions"}],"predecessor-version":[{"id":329,"href":"https:\/\/www.tamaulipas.gob.mx\/trabajo\/wp-json\/wp\/v2\/posts\/327\/revisions\/329"}],"wp:featuredmedia":[{"embeddable":true,"href":"https:\/\/www.tamaulipas.gob.mx\/trabajo\/wp-json\/wp\/v2\/media\/328"}],"wp:attachment":[{"href":"https:\/\/www.tamaulipas.gob.mx\/trabajo\/wp-json\/wp\/v2\/media?parent=327"}],"wp:term":[{"taxonomy":"category","embeddable":true,"href":"https:\/\/www.tamaulipas.gob.mx\/trabajo\/wp-json\/wp\/v2\/categories?post=327"},{"taxonomy":"post_tag","embeddable":true,"href":"https:\/\/www.tamaulipas.gob.mx\/trabajo\/wp-json\/wp\/v2\/tags?post=327"}],"curies":[{"name":"wp","href":"https:\/\/api.w.org\/{rel}","templated":true}]}}