{"id":310,"date":"2017-12-04T18:04:33","date_gmt":"2017-12-05T00:04:33","guid":{"rendered":"http:\/\/www.tamaulipas.gob.mx\/trabajo\/?p=310"},"modified":"2018-05-08T12:01:43","modified_gmt":"2018-05-08T17:01:43","slug":"empleo-para-discapacitados-y-adultos-mayores-por-un-tamaulipas-prospero-y-con-oportunidades-para-todos","status":"publish","type":"post","link":"https:\/\/www.tamaulipas.gob.mx\/trabajo\/2017\/12\/empleo-para-discapacitados-y-adultos-mayores-por-un-tamaulipas-prospero-y-con-oportunidades-para-todos\/","title":{"rendered":"Empleo para discapacitados y Adultos Mayores, por un Tamaulipas prospero y con oportunidades para todos"},"content":{"rendered":"<p>Ciudad Victoria Tamaulipas.- M\u00e1s de 100 puestos de trabajo fueron ofertados por 30 empresas, en la Primera Feria de Empleo para Personas con Discapacidad y Adultos Mayores, Victoria 2017.<\/p>\n<p>El Gobierno del Estado, mediante la Secretar\u00eda del Trabajo en coordinaci\u00f3n con el Servicio Nacional del Empleo Tamaulipas y el programa Abriendo Espacios, tienen como objetivo promover, facilitar y acerca bolsa de trabajo, y con ello acortar dificultades que enfrentan grupos vulnerables para encontrar empleo.<\/p>\n<p>Mar\u00eda Estela Chavira Mart\u00ednez, Secretaria del Trabajo, dijo que el Gobernador Francisco Garc\u00eda Cabeza de Vaca, impulsa a quienes aun con sus dificultades, pero con sus capacidades y talentos, buscan reconstruir un Tamaulipas, donde es Tiempo de Todos.<\/p>\n<p>\u201cEl d\u00eda de hoy no solo les vamos a entregar a las empresas un recurso humano m\u00e1s, les entregaremos con nuestros adultos mayores, experiencia y con las personas discapacitadas, valor dentro de su comunidad laboral\u201d.<\/p>\n<p>El evento se llev\u00f3 a cabo en el Centro C\u00edvico Gubernamental, donde se brindaron vacantes desde operarios, t\u00e9cnicos y profesionistas.<\/p>\n<p>El Delegado Federal de la STPS Rodrigo Mario Stolberg Hinojosa, explic\u00f3 que las personas discapacitadas y adultos mayores, sin importar su edad ni condici\u00f3n, d\u00eda a d\u00eda demuestran sus capacidades y experiencias as\u00ed como el empuje y la visi\u00f3n de seguir siendo productivos.<\/p>\n<p>Por su parte Lysette Marcos Ruiz, Subdirectora Operativa del DIF municipal, quien acudi\u00f3 en representaci\u00f3n de la presidenta del DIF Ciudad Victoria Tony S\u00e1enz de Almaraz, agradeci\u00f3 a las autoridades de gobierno, empresas y sociedad, los esfuerzos para sumar voluntades, que fomenten la formalidad laboral por la construcci\u00f3n de un Victoria justo y un Tamaulipas pr\u00f3spero con oportunidades para todos.<\/p>\n<p>En la Feria de Empleo para Personas con Discapacidad y Adultos Mayores, Estela Chavira Mart\u00ednez, confirm\u00f3 que con esta actividad, el gobierno sigue apostando por hogares en donde se genere paz, armon\u00eda pero sobre todo la estabilidad laboral.<\/p>\n","protected":false},"excerpt":{"rendered":"<p>Ciudad Victoria Tamaulipas.- M\u00e1s de 100 puestos de trabajo fueron ofertados por 30 empresas, en la Primera Feria de Empleo para Personas con Discapacidad y\u2026<\/p>\n","protected":false},"author":63,"featured_media":311,"comment_status":"closed","ping_status":"closed","sticky":false,"template":"","format":"standard","meta":{"footnotes":""},"categories":[1],"tags":[],"class_list":["post-310","post","type-post","status-publish","format-standard","has-post-thumbnail","hentry","category-prensa"],"publishpress_future_action":{"enabled":false,"date":"2026-05-08 04:59:48","action":"change-status","newStatus":"draft","terms":[],"taxonomy":"category"},"_links":{"self":[{"href":"https:\/\/www.tamaulipas.gob.mx\/trabajo\/wp-json\/wp\/v2\/posts\/310"}],"collection":[{"href":"https:\/\/www.tamaulipas.gob.mx\/trabajo\/wp-json\/wp\/v2\/posts"}],"about":[{"href":"https:\/\/www.tamaulipas.gob.mx\/trabajo\/wp-json\/wp\/v2\/types\/post"}],"author":[{"embeddable":true,"href":"https:\/\/www.tamaulipas.gob.mx\/trabajo\/wp-json\/wp\/v2\/users\/63"}],"replies":[{"embeddable":true,"href":"https:\/\/www.tamaulipas.gob.mx\/trabajo\/wp-json\/wp\/v2\/comments?post=310"}],"version-history":[{"count":1,"href":"https:\/\/www.tamaulipas.gob.mx\/trabajo\/wp-json\/wp\/v2\/posts\/310\/revisions"}],"predecessor-version":[{"id":312,"href":"https:\/\/www.tamaulipas.gob.mx\/trabajo\/wp-json\/wp\/v2\/posts\/310\/revisions\/312"}],"wp:featuredmedia":[{"embeddable":true,"href":"https:\/\/www.tamaulipas.gob.mx\/trabajo\/wp-json\/wp\/v2\/media\/311"}],"wp:attachment":[{"href":"https:\/\/www.tamaulipas.gob.mx\/trabajo\/wp-json\/wp\/v2\/media?parent=310"}],"wp:term":[{"taxonomy":"category","embeddable":true,"href":"https:\/\/www.tamaulipas.gob.mx\/trabajo\/wp-json\/wp\/v2\/categories?post=310"},{"taxonomy":"post_tag","embeddable":true,"href":"https:\/\/www.tamaulipas.gob.mx\/trabajo\/wp-json\/wp\/v2\/tags?post=310"}],"curies":[{"name":"wp","href":"https:\/\/api.w.org\/{rel}","templated":true}]}}