{"id":304,"date":"2017-12-04T17:39:56","date_gmt":"2017-12-04T23:39:56","guid":{"rendered":"http:\/\/www.tamaulipas.gob.mx\/trabajo\/?p=304"},"modified":"2018-05-08T12:01:46","modified_gmt":"2018-05-08T17:01:46","slug":"en-tamaulipas-repatriados-trabajando-vinculacion-laboral-y-retorno-seguro-y-ordenado","status":"publish","type":"post","link":"https:\/\/www.tamaulipas.gob.mx\/trabajo\/2017\/12\/en-tamaulipas-repatriados-trabajando-vinculacion-laboral-y-retorno-seguro-y-ordenado\/","title":{"rendered":"En Tamaulipas, Repatriados Trabajando; vinculaci\u00f3n laboral y retorno seguro y ordenado"},"content":{"rendered":"<p>Cuidad Victoria, Tamaulipas.- Mediante el Subprograma Repatriados Trabajando, el Gobierno del Estado a trav\u00e9s de la Secretar\u00eda del Trabajo, en coordinaci\u00f3n con el Servicio Nacional de Empleo Tamaulipas, impulsa acciones y promueve la incorporaci\u00f3n laboral para las personas deportadas de los Estados Unidos a territorio mexicano.<\/p>\n<p>Mar\u00eda Estela Chavira Mart\u00ednez, titular de la dependencia estatal, dijo que la intenci\u00f3n del Gobernador Francisco Garc\u00eda Cabeza de Vaca, es favorecer las condiciones de las personas, para que estos logren regresar a su lugar de origen de una manera segura y ordenada, adem\u00e1s de darles opciones de vinculaci\u00f3n laboral en los SNE ubicados en el pa\u00eds, para elevar su calidad de vida y la de sus familias.<\/p>\n<p>\u201cPara nuestro gobernador, los deportados son su preocupaci\u00f3n y ocupaci\u00f3n, nos ha pedido estar de cerca de ellos, y decirles que no est\u00e1n solos, al pisar tierra tamaulipeca tienen una mano amiga\u201d.<\/p>\n<p>Explic\u00f3 que en atenci\u00f3n a la solicitud del mandatario, la dependencia a su cargo logr\u00f3 la inversi\u00f3n de m\u00e1s de 497 mil 804 pesos, en apoyo a los repatriados, quienes ser\u00e1n beneficiados con un boleto de retorno a su lugar de origen, con valor hasta por 2 mil 500 pesos, as\u00ed como la vinculaci\u00f3n laboral.<\/p>\n<p>Seg\u00fan estad\u00edsticas de la Unidad de Pol\u00edtica Migratoria de la SEGOB, al mes de octubre fueron desterrados de los Estados Unidos, m\u00e1s de 38 mil 210 personas originarias de diversos estados de la republica, entre ellos Tamaulipas, siendo Nuevo Laredo, Reynosa y Matamoros, los municipios que concentraron mayor numero de repatriados.<\/p>\n<p>Chavira Mart\u00ednez, dejo en claro que Tamaulipas es el estado por donde m\u00e1s se dan las \u00a0deportaciones, seguido de Baja California, y asegur\u00f3 que el Subprograma Repatriados Trabajando, es el \u00fanico mecanismo mediante el cual se hace frente al endurecimiento de la pol\u00edtica migratoria de los Estados Unidos.<\/p>\n<p>Fue en la Ciudad de Nuevo Laredo, donde autoridades entregaron cartas de presentaci\u00f3n y boletos de autob\u00fas para repatriados originarios de estados como Jalisco, Zacatecas, Durango, Chiapas, Oaxaca y San Luis Potos\u00ed, para ser trasladados a su lugar de origen y ser vinculados por el SNE a una oferta de trabajo formal.<\/p>\n<p>Cabe destacar que el Gobierno del Estado, pretende mejorar la atenci\u00f3n de los repatriados de una manera integral, por lo que contempla para el pr\u00f3ximo ejercicio fiscal, adem\u00e1s del boleto de autob\u00fas y la cata de presentaci\u00f3n, un kit de comida, frazada de viaje y una tarjeta telef\u00f3nica hasta por 100 pesos.<\/p>\n","protected":false},"excerpt":{"rendered":"<p>Cuidad Victoria, Tamaulipas.- Mediante el Subprograma Repatriados Trabajando, el Gobierno del Estado a trav\u00e9s de la Secretar\u00eda del Trabajo, en coordinaci\u00f3n con el Servicio Nacional\u2026<\/p>\n","protected":false},"author":63,"featured_media":305,"comment_status":"closed","ping_status":"closed","sticky":false,"template":"","format":"standard","meta":{"footnotes":""},"categories":[1],"tags":[],"class_list":["post-304","post","type-post","status-publish","format-standard","has-post-thumbnail","hentry","category-prensa"],"publishpress_future_action":{"enabled":false,"date":"2026-05-08 04:59:47","action":"change-status","newStatus":"draft","terms":[],"taxonomy":"category"},"_links":{"self":[{"href":"https:\/\/www.tamaulipas.gob.mx\/trabajo\/wp-json\/wp\/v2\/posts\/304"}],"collection":[{"href":"https:\/\/www.tamaulipas.gob.mx\/trabajo\/wp-json\/wp\/v2\/posts"}],"about":[{"href":"https:\/\/www.tamaulipas.gob.mx\/trabajo\/wp-json\/wp\/v2\/types\/post"}],"author":[{"embeddable":true,"href":"https:\/\/www.tamaulipas.gob.mx\/trabajo\/wp-json\/wp\/v2\/users\/63"}],"replies":[{"embeddable":true,"href":"https:\/\/www.tamaulipas.gob.mx\/trabajo\/wp-json\/wp\/v2\/comments?post=304"}],"version-history":[{"count":1,"href":"https:\/\/www.tamaulipas.gob.mx\/trabajo\/wp-json\/wp\/v2\/posts\/304\/revisions"}],"predecessor-version":[{"id":306,"href":"https:\/\/www.tamaulipas.gob.mx\/trabajo\/wp-json\/wp\/v2\/posts\/304\/revisions\/306"}],"wp:featuredmedia":[{"embeddable":true,"href":"https:\/\/www.tamaulipas.gob.mx\/trabajo\/wp-json\/wp\/v2\/media\/305"}],"wp:attachment":[{"href":"https:\/\/www.tamaulipas.gob.mx\/trabajo\/wp-json\/wp\/v2\/media?parent=304"}],"wp:term":[{"taxonomy":"category","embeddable":true,"href":"https:\/\/www.tamaulipas.gob.mx\/trabajo\/wp-json\/wp\/v2\/categories?post=304"},{"taxonomy":"post_tag","embeddable":true,"href":"https:\/\/www.tamaulipas.gob.mx\/trabajo\/wp-json\/wp\/v2\/tags?post=304"}],"curies":[{"name":"wp","href":"https:\/\/api.w.org\/{rel}","templated":true}]}}