{"id":301,"date":"2017-12-04T17:30:26","date_gmt":"2017-12-04T23:30:26","guid":{"rendered":"http:\/\/www.tamaulipas.gob.mx\/trabajo\/?p=301"},"modified":"2018-05-08T12:01:47","modified_gmt":"2018-05-08T17:01:47","slug":"programa-de-apoyo-al-empleo-para-reconstruir-el-tejido-social-en-tamaulipas","status":"publish","type":"post","link":"https:\/\/www.tamaulipas.gob.mx\/trabajo\/2017\/12\/programa-de-apoyo-al-empleo-para-reconstruir-el-tejido-social-en-tamaulipas\/","title":{"rendered":"Programa de Apoyo al Empleo, para reconstruir el tejido social en Tamaulipas"},"content":{"rendered":"<p>Cuidad Victoria, Tamaulipas.- Con el Programa de Apoyo al Empleo, el Gobierno de Tamaulipas mantiene su compromiso de ofrecer a los tamaulipecos la oportunidad de obtener un trabajo estable, digno y mejor remunerado.<\/p>\n<p>Mediante el Subprograma B\u00e9cate en la modalidad de Capacitaci\u00f3n en la Pr\u00e1ctica Laboral y Capacitaci\u00f3n Mixta, as\u00ed como con el Subprograma Fomento al Autoempleo, la Secretar\u00eda del Trabajo en coordinaci\u00f3n con el Servicio Nacional del Empleo Tamaulipas, brinda diversos cursos de capacitaci\u00f3n en diversas especialidades y entrega actas de bienes en propiedad para aquellos que no han logrado vincularse a un puesto de trabajo y han optado por emprender su propio negocio.<\/p>\n<p>Mar\u00eda Estela Chavira Mart\u00ednez, secretaria del trabajo, manifest\u00f3 que el Gobernador Francisco Garc\u00eda Cabeza de Vaca, implementa acciones de manera gratuita, para que prevalezcan en los hogares tamaulipecos, la paz y la armon\u00eda.<\/p>\n<p>\u201cEstamos recorriendo todo el estado para informar, entregar e invitar a la comunidad a las unidades del SNE, para que logren ser beneficiados adem\u00e1s de la bolsa de trabajo, poder capacitarlos\u201d.<\/p>\n<p>Los montos a ejercer, los cuales provienen de la federaci\u00f3n y estado, oscilan en m\u00e1s de 3 millones 334 mil 260 pesos, y se busca favorecer a m\u00e1s de 720 personas, tan solo en el \u00faltimo bimestre del a\u00f1o.<\/p>\n<p>A la fecha, se han destinado aportaciones econ\u00f3micas y en especie, a ciudadanos de Reynosa, Matamoros, Cd. Victoria, Nuevo Laredo, Altamira, Tampico, Mante, G\u00f3mez Far\u00edas y Xicot\u00e9ncatl, quienes han participado en cursos de auxiliar contable, administraci\u00f3n, atenci\u00f3n al cliente entre otros, y han recibido la liberaci\u00f3n de mobiliario o maquinaria, para fortalecer actividades como carpinter\u00eda, mec\u00e1nica, reposter\u00eda, modista, estilista y m\u00e1s.<\/p>\n<p>Estela Chavira Mart\u00ednez, dijo que el Programa de Apoyo al Empleo, est\u00e1 enfocado a\u00a0 que los tamaulipecos pongan en marcha sus habilidades, adquieran experiencias, fortalezcan sus competencias, logren salir adelante, mejoren su calidad de vida y con ello reconstruyan el tejido social.<\/p>\n","protected":false},"excerpt":{"rendered":"<p>Cuidad Victoria, Tamaulipas.- Con el Programa de Apoyo al Empleo, el Gobierno de Tamaulipas mantiene su compromiso de ofrecer a los tamaulipecos la oportunidad de\u2026<\/p>\n","protected":false},"author":63,"featured_media":302,"comment_status":"closed","ping_status":"closed","sticky":false,"template":"","format":"standard","meta":{"footnotes":""},"categories":[1],"tags":[],"class_list":["post-301","post","type-post","status-publish","format-standard","has-post-thumbnail","hentry","category-prensa"],"publishpress_future_action":{"enabled":false,"date":"2026-05-08 05:00:36","action":"change-status","newStatus":"draft","terms":[],"taxonomy":"category"},"_links":{"self":[{"href":"https:\/\/www.tamaulipas.gob.mx\/trabajo\/wp-json\/wp\/v2\/posts\/301"}],"collection":[{"href":"https:\/\/www.tamaulipas.gob.mx\/trabajo\/wp-json\/wp\/v2\/posts"}],"about":[{"href":"https:\/\/www.tamaulipas.gob.mx\/trabajo\/wp-json\/wp\/v2\/types\/post"}],"author":[{"embeddable":true,"href":"https:\/\/www.tamaulipas.gob.mx\/trabajo\/wp-json\/wp\/v2\/users\/63"}],"replies":[{"embeddable":true,"href":"https:\/\/www.tamaulipas.gob.mx\/trabajo\/wp-json\/wp\/v2\/comments?post=301"}],"version-history":[{"count":1,"href":"https:\/\/www.tamaulipas.gob.mx\/trabajo\/wp-json\/wp\/v2\/posts\/301\/revisions"}],"predecessor-version":[{"id":303,"href":"https:\/\/www.tamaulipas.gob.mx\/trabajo\/wp-json\/wp\/v2\/posts\/301\/revisions\/303"}],"wp:featuredmedia":[{"embeddable":true,"href":"https:\/\/www.tamaulipas.gob.mx\/trabajo\/wp-json\/wp\/v2\/media\/302"}],"wp:attachment":[{"href":"https:\/\/www.tamaulipas.gob.mx\/trabajo\/wp-json\/wp\/v2\/media?parent=301"}],"wp:term":[{"taxonomy":"category","embeddable":true,"href":"https:\/\/www.tamaulipas.gob.mx\/trabajo\/wp-json\/wp\/v2\/categories?post=301"},{"taxonomy":"post_tag","embeddable":true,"href":"https:\/\/www.tamaulipas.gob.mx\/trabajo\/wp-json\/wp\/v2\/tags?post=301"}],"curies":[{"name":"wp","href":"https:\/\/api.w.org\/{rel}","templated":true}]}}