{"id":294,"date":"2017-12-04T17:17:00","date_gmt":"2017-12-04T23:17:00","guid":{"rendered":"http:\/\/www.tamaulipas.gob.mx\/trabajo\/?p=294"},"modified":"2018-05-08T12:01:49","modified_gmt":"2018-05-08T17:01:49","slug":"firman-convenio-de-colaboracion-para-egresados-del-itace-por-mas-oportunidades-laborales","status":"publish","type":"post","link":"https:\/\/www.tamaulipas.gob.mx\/trabajo\/2017\/12\/firman-convenio-de-colaboracion-para-egresados-del-itace-por-mas-oportunidades-laborales\/","title":{"rendered":"Firman Convenio de Colaboraci\u00f3n para egresados del ITACE, por m\u00e1s oportunidades laborales"},"content":{"rendered":"<p>Cuidad Victoria, Tamaulipas.- La Secretar\u00eda del Trabajo y el Instituto Tamaulipeco de Capacitaci\u00f3n para el Empleo (ITACE), firmaron un Convenio de Colaboraci\u00f3n, para acercar a los alumnos pr\u00f3ximos a egresar, los programas que ofrece el Servicio Nacional de Empleo Tamaulipas.<\/p>\n<p>Con el acuerdo, los alumnos de dicha instituci\u00f3n, ser\u00e1n registrados en el portal del SNE, el objetivo ser\u00e1 fomentar la empleabilidad mediante los diversos mecanismos de vinculaci\u00f3n laboral, como la bolsa de trabajo, portal del empleo,<br \/>\nacceso al SNE por tel\u00e9fono, difusi\u00f3n de ofertas de empleo, participaci\u00f3n en talleres y ferias de empleo entre otros.<\/p>\n<p>Mar\u00eda Estela Chavira Mart\u00ednez, secretaria del trabajo, dijo que se atiende una instrucci\u00f3n del Gobernador Francisco Garc\u00eda Cabeza de Vaca, de trabajar y cercarse a los j\u00f3venes, a fin de fortalecer sus condiciones laborales y de igualdad.<\/p>\n<p>\u201cTrabajando unidos en torno a planes espec\u00edficos, con objetivos alcanzables, llevaremos el cambio que queremos lograr a todos los lugares\u201d.<\/p>\n<p>Fernando Campos Mart\u00ednez, director del ITACE en Tamaulipas, argument\u00f3 que el trabajo coordinado entre ambas dependencias, garantizar\u00e1 experiencias y oportunidades y abrir\u00e1 las puertas laborales f\u00e1cilmente a quienes est\u00e1n por egresar.<\/p>\n<p>Confirm\u00f3 que tan solo durante el presente a\u00f1o, 468 estudiantes egresaron del plantel, y todos salieron con un oficio o una herramienta adicional, por lo que siguen buscando v\u00ednculos para brindar m\u00e1s y mejores opciones de trabajo.<\/p>\n<p>Chavira Mart\u00ednez, explic\u00f3 que de manera permanente, ser\u00e1n instalados m\u00f3dulos del SNE en los planteles del ITACE, e invito a los estudiantes a informarse y conocer las bondades que ofrece la dependencia a su cargo.<\/p>\n<p>Cabe destacar que a la fecha, la Secretar\u00eda del Trabajo, ha firmado convenios de colaboraci\u00f3n con instituciones educativas, tales como el CONALEP, la Universidad Aut\u00f3noma de Tamaulipas, el Tecnol\u00f3gico de Ciudad Victoria e ITEA, buscando que egresados logren m\u00e1s y mejores oportunidades laborales.<\/p>\n","protected":false},"excerpt":{"rendered":"<p>Cuidad Victoria, Tamaulipas.- La Secretar\u00eda del Trabajo y el Instituto Tamaulipeco de Capacitaci\u00f3n para el Empleo (ITACE), firmaron un Convenio de Colaboraci\u00f3n, para acercar a\u2026<\/p>\n","protected":false},"author":63,"featured_media":295,"comment_status":"closed","ping_status":"closed","sticky":false,"template":"","format":"standard","meta":{"footnotes":""},"categories":[1],"tags":[],"class_list":["post-294","post","type-post","status-publish","format-standard","has-post-thumbnail","hentry","category-prensa"],"publishpress_future_action":{"enabled":false,"date":"2026-05-08 04:59:38","action":"change-status","newStatus":"draft","terms":[],"taxonomy":"category"},"_links":{"self":[{"href":"https:\/\/www.tamaulipas.gob.mx\/trabajo\/wp-json\/wp\/v2\/posts\/294"}],"collection":[{"href":"https:\/\/www.tamaulipas.gob.mx\/trabajo\/wp-json\/wp\/v2\/posts"}],"about":[{"href":"https:\/\/www.tamaulipas.gob.mx\/trabajo\/wp-json\/wp\/v2\/types\/post"}],"author":[{"embeddable":true,"href":"https:\/\/www.tamaulipas.gob.mx\/trabajo\/wp-json\/wp\/v2\/users\/63"}],"replies":[{"embeddable":true,"href":"https:\/\/www.tamaulipas.gob.mx\/trabajo\/wp-json\/wp\/v2\/comments?post=294"}],"version-history":[{"count":1,"href":"https:\/\/www.tamaulipas.gob.mx\/trabajo\/wp-json\/wp\/v2\/posts\/294\/revisions"}],"predecessor-version":[{"id":296,"href":"https:\/\/www.tamaulipas.gob.mx\/trabajo\/wp-json\/wp\/v2\/posts\/294\/revisions\/296"}],"wp:featuredmedia":[{"embeddable":true,"href":"https:\/\/www.tamaulipas.gob.mx\/trabajo\/wp-json\/wp\/v2\/media\/295"}],"wp:attachment":[{"href":"https:\/\/www.tamaulipas.gob.mx\/trabajo\/wp-json\/wp\/v2\/media?parent=294"}],"wp:term":[{"taxonomy":"category","embeddable":true,"href":"https:\/\/www.tamaulipas.gob.mx\/trabajo\/wp-json\/wp\/v2\/categories?post=294"},{"taxonomy":"post_tag","embeddable":true,"href":"https:\/\/www.tamaulipas.gob.mx\/trabajo\/wp-json\/wp\/v2\/tags?post=294"}],"curies":[{"name":"wp","href":"https:\/\/api.w.org\/{rel}","templated":true}]}}