{"id":285,"date":"2017-11-09T14:37:07","date_gmt":"2017-11-09T20:37:07","guid":{"rendered":"http:\/\/www.tamaulipas.gob.mx\/trabajo\/?p=285"},"modified":"2018-05-08T12:01:52","modified_gmt":"2018-05-08T17:01:52","slug":"firman-convenio-para-impulsar-empleo-y-mejorar-calidad-de-vida-de-reclusos-y-proximos-a-ser-liberados","status":"publish","type":"post","link":"https:\/\/www.tamaulipas.gob.mx\/trabajo\/2017\/11\/firman-convenio-para-impulsar-empleo-y-mejorar-calidad-de-vida-de-reclusos-y-proximos-a-ser-liberados\/","title":{"rendered":"Firman convenio para impulsar empleo y mejorar calidad de vida, de reclusos y pr\u00f3ximos a ser liberados"},"content":{"rendered":"<div class=\"_2cuy _3dgx _2vxa\">Ciudad Victoria, Tamaulipas.- Para impulsar el empleo y mejorar la calidad de vida de las personas en reclusi\u00f3n y pr\u00f3ximas a ser liberadas, la Secretar\u00eda del Trabajo, la Secretar\u00eda de Seguridad P\u00fablica y el Instituto Tamaulipeco de Educaci\u00f3n para Adultos, firmaron un convenio de colaboraci\u00f3n institucional.<\/div>\n<div><\/div>\n<div class=\"_2cuy _3dgx _2vxa\">El objetivo del convenio, es establecer con los institutos de educaci\u00f3n para adultos, un acuerdo en el que se fortalezca o se empleen acciones en beneficio de las y los trabajadores y sus familias, as\u00ed como el abatimiento del rezago educativo de las personas.<\/div>\n<div><\/div>\n<div class=\"_2cuy _3dgx _2vxa\">El acuerdo, deriva de la Primera Sesi\u00f3n Ordinaria de la Conferencia Nacional de Secretarios del Trabajo (CONASETRA), que celebraron durante el mes de abril en Tuxtla Guti\u00e9rrez, Chiapas, titulares del trabajo pertenecientes a las 32 entidades federativas.<\/div>\n<div class=\"_2cuy _3dgx _2vxa\">Mar\u00eda Estela Chavira Mart\u00ednez, Secretaria del Trabajo, dijo que con estas acciones, el Gobierno del Estado pretende con quienes por alg\u00fan motivo han incidido en delitos, y son reclusos o pr\u00f3ximos a ser liberados, brindar oferta de trabajo y lograr su re-inserci\u00f3n en la sociedad.<\/div>\n<div><\/div>\n<div class=\"_2cuy _3dgx _2vxa\">Al firmar el convenio de colaboraci\u00f3n, Marisa Quintanilla de la Garza, Subsecretaria de Ejecuci\u00f3n de Sanciones y Reinserci\u00f3n Social, asegur\u00f3 que el prop\u00f3sito de los acuerdos implementados entre la Secretar\u00eda del Trabajo y el ITEA, tiene que ver con las m\u00e1s de 20 habilidades y capacidades de los 5 mil 300 internos del fuero com\u00fan y federal, y explic\u00f3 que los centros penitenciarios en M\u00e9xico, en espec\u00edfico los de Tamaulipas, no pueden ser centros de contenci\u00f3n, sino centros donde se fomente el cambio de las personas.<\/div>\n<div><\/div>\n<div class=\"_2cuy _3dgx _2vxa\">Por su parte Roberto Gonz\u00e1lez Gonz\u00e1lez, Director General del ITEA, coment\u00f3 que en los CEDES de Tamaulipas, existe un retraso educativo en por lo menos 2 mil 562 internos, por lo que el convenio permitir\u00e1 motivarlos a ser personas productivas.<\/div>\n<div class=\"_2cuy _3dgx _2vxa\">Derivado a los acuerdos, se dijo que en Tamaulipas, se tiene el registro de casos de \u00e9xito, como el de un recluso quien termin\u00f3 la universidad en la carrera de ingenier\u00eda en sistemas y logr\u00f3 ser contratado por el Tecnol\u00f3gico como instructor para laborar dentro de las mismas prisiones.<\/div>\n","protected":false},"excerpt":{"rendered":"<p>Ciudad Victoria, Tamaulipas.- Para impulsar el empleo y mejorar la calidad de vida de las personas en reclusi\u00f3n y pr\u00f3ximas a ser liberadas, la Secretar\u00eda\u2026<\/p>\n","protected":false},"author":63,"featured_media":286,"comment_status":"closed","ping_status":"closed","sticky":false,"template":"","format":"standard","meta":{"footnotes":""},"categories":[1],"tags":[],"class_list":["post-285","post","type-post","status-publish","format-standard","has-post-thumbnail","hentry","category-prensa"],"publishpress_future_action":{"enabled":false,"date":"2026-05-08 04:59:40","action":"change-status","newStatus":"draft","terms":[],"taxonomy":"category"},"_links":{"self":[{"href":"https:\/\/www.tamaulipas.gob.mx\/trabajo\/wp-json\/wp\/v2\/posts\/285"}],"collection":[{"href":"https:\/\/www.tamaulipas.gob.mx\/trabajo\/wp-json\/wp\/v2\/posts"}],"about":[{"href":"https:\/\/www.tamaulipas.gob.mx\/trabajo\/wp-json\/wp\/v2\/types\/post"}],"author":[{"embeddable":true,"href":"https:\/\/www.tamaulipas.gob.mx\/trabajo\/wp-json\/wp\/v2\/users\/63"}],"replies":[{"embeddable":true,"href":"https:\/\/www.tamaulipas.gob.mx\/trabajo\/wp-json\/wp\/v2\/comments?post=285"}],"version-history":[{"count":1,"href":"https:\/\/www.tamaulipas.gob.mx\/trabajo\/wp-json\/wp\/v2\/posts\/285\/revisions"}],"predecessor-version":[{"id":287,"href":"https:\/\/www.tamaulipas.gob.mx\/trabajo\/wp-json\/wp\/v2\/posts\/285\/revisions\/287"}],"wp:featuredmedia":[{"embeddable":true,"href":"https:\/\/www.tamaulipas.gob.mx\/trabajo\/wp-json\/wp\/v2\/media\/286"}],"wp:attachment":[{"href":"https:\/\/www.tamaulipas.gob.mx\/trabajo\/wp-json\/wp\/v2\/media?parent=285"}],"wp:term":[{"taxonomy":"category","embeddable":true,"href":"https:\/\/www.tamaulipas.gob.mx\/trabajo\/wp-json\/wp\/v2\/categories?post=285"},{"taxonomy":"post_tag","embeddable":true,"href":"https:\/\/www.tamaulipas.gob.mx\/trabajo\/wp-json\/wp\/v2\/tags?post=285"}],"curies":[{"name":"wp","href":"https:\/\/api.w.org\/{rel}","templated":true}]}}