{"id":276,"date":"2017-10-27T17:10:55","date_gmt":"2017-10-27T22:10:55","guid":{"rendered":"http:\/\/www.tamaulipas.gob.mx\/trabajo\/?p=276"},"modified":"2018-05-08T12:01:56","modified_gmt":"2018-05-08T17:01:56","slug":"primera-feria-de-empleo-mante-2017-para-generar-paz-y-estabilidad-laboral","status":"publish","type":"post","link":"https:\/\/www.tamaulipas.gob.mx\/trabajo\/2017\/10\/primera-feria-de-empleo-mante-2017-para-generar-paz-y-estabilidad-laboral\/","title":{"rendered":"Primera Feria de Empleo Mante 2017, para generar paz y estabilidad laboral"},"content":{"rendered":"<p>El Mante, Tamaulipas.- Con la oferta de m\u00e1s de 400 vacantes y la participaci\u00f3n de 22 empresas, el Gobierno del Estado inaugur\u00f3 la Primera Feria de Empleo, Mante 2017.<\/p>\n<p>Mar\u00eda Estela Chavira Mart\u00ednez, Secretaria del Trabajo, dijo que las acciones desarrolladas en coordinaci\u00f3n con el Servicio Nacional de Empleo, obedecen la instrucci\u00f3n del Gobernador Francisco Garc\u00eda Cabeza de Vaca, de generar paz y estabilidad en los hogares tamaulipecos.<\/p>\n<p>\u201cEn la Secretar\u00eda del Trabajo, seguimos apostando por hogares donde se genere la paz y armon\u00eda, y estos resultados son parte del esfuerzo coordinado entre sociedad y gobierno, con el fin de generar m\u00e1s empleo formal en Tamaulipas\u201d.<\/p>\n<p>Explic\u00f3 que durante el primer a\u00f1o de gobierno, se ha trabajado sin descanso en estrategias que arrojen empleos dignos, m\u00e1s servicios gratuitos y que eleven la calidad de vida de los ciudadanos.<\/p>\n<p>Por su parte, el alcalde de Mante Tamaulipas, Juan Francisco Leal Guerra, agradeci\u00f3 al gobierno por los servicios y oportunidades entregados a sus ciudadanos, y ratific\u00f3 que Mante cuenta con gente capacitada y con fuerza laboral.<\/p>\n<p>En la Primera Feria de Empleo Mante 2017, se entregaron a residentes de Mante, Xicot\u00e9ncatl y G\u00f3mez Far\u00edas, actas de bienes en propiedad del Subprograma Fomento al Autoempleo y constancias de finalizaci\u00f3n de cursos del Subprograma B\u00e9cate, en la modalidad de Capacitaci\u00f3n para el Autoempleo, los cuales ascienden a montos econ\u00f3micos por 522 mil 280 pesos.<\/p>\n<p>Estela Chavira Mart\u00ednez, corrobor\u00f3 que el gobierno mantiene su postura de promover labores inclusivas y cercanas a la gente, que ayuden no solo a encontrar un empleo, sino a emprender un propio negocio, que a trav\u00e9s de este, se formen nuevas fuentes de trabajo.<\/p>\n","protected":false},"excerpt":{"rendered":"<p>El Mante, Tamaulipas.- Con la oferta de m\u00e1s de 400 vacantes y la participaci\u00f3n de 22 empresas, el Gobierno del Estado inaugur\u00f3 la Primera Feria\u2026<\/p>\n","protected":false},"author":63,"featured_media":277,"comment_status":"closed","ping_status":"closed","sticky":false,"template":"","format":"standard","meta":{"footnotes":""},"categories":[1],"tags":[],"class_list":["post-276","post","type-post","status-publish","format-standard","has-post-thumbnail","hentry","category-prensa"],"publishpress_future_action":{"enabled":false,"date":"2026-05-08 05:00:37","action":"change-status","newStatus":"draft","terms":[],"taxonomy":"category"},"_links":{"self":[{"href":"https:\/\/www.tamaulipas.gob.mx\/trabajo\/wp-json\/wp\/v2\/posts\/276"}],"collection":[{"href":"https:\/\/www.tamaulipas.gob.mx\/trabajo\/wp-json\/wp\/v2\/posts"}],"about":[{"href":"https:\/\/www.tamaulipas.gob.mx\/trabajo\/wp-json\/wp\/v2\/types\/post"}],"author":[{"embeddable":true,"href":"https:\/\/www.tamaulipas.gob.mx\/trabajo\/wp-json\/wp\/v2\/users\/63"}],"replies":[{"embeddable":true,"href":"https:\/\/www.tamaulipas.gob.mx\/trabajo\/wp-json\/wp\/v2\/comments?post=276"}],"version-history":[{"count":1,"href":"https:\/\/www.tamaulipas.gob.mx\/trabajo\/wp-json\/wp\/v2\/posts\/276\/revisions"}],"predecessor-version":[{"id":278,"href":"https:\/\/www.tamaulipas.gob.mx\/trabajo\/wp-json\/wp\/v2\/posts\/276\/revisions\/278"}],"wp:featuredmedia":[{"embeddable":true,"href":"https:\/\/www.tamaulipas.gob.mx\/trabajo\/wp-json\/wp\/v2\/media\/277"}],"wp:attachment":[{"href":"https:\/\/www.tamaulipas.gob.mx\/trabajo\/wp-json\/wp\/v2\/media?parent=276"}],"wp:term":[{"taxonomy":"category","embeddable":true,"href":"https:\/\/www.tamaulipas.gob.mx\/trabajo\/wp-json\/wp\/v2\/categories?post=276"},{"taxonomy":"post_tag","embeddable":true,"href":"https:\/\/www.tamaulipas.gob.mx\/trabajo\/wp-json\/wp\/v2\/tags?post=276"}],"curies":[{"name":"wp","href":"https:\/\/api.w.org\/{rel}","templated":true}]}}